{"id":3983,"date":"2018-01-11T09:25:39","date_gmt":"2018-01-11T08:25:39","guid":{"rendered":"http:\/\/ranking-kosmetykow.pl\/?p=3983"},"modified":"2018-01-11T09:25:39","modified_gmt":"2018-01-11T08:25:39","slug":"mleczko-czy-plyn-micelarny-co-wybrac","status":"publish","type":"post","link":"https:\/\/neness.pl\/blog\/mleczko-czy-plyn-micelarny-co-wybrac\/","title":{"rendered":"Mleczko czy p\u0142yn micelarny \u2013 co wybra\u0107?"},"content":{"rendered":"<p>O tym, jak wa\u017cny jest codzienny demakija\u017c, m\u00f3wili\u015bmy ju\u017c wielokrotnie, i prawdopodobnie b\u0119dziemy to powtarza\u0107 do znudzenia, bo jest to najwa\u017cniejszy element piel\u0119gnacji cery. Pami\u0119tajmy, \u017ce nie pi\u0119knej sk\u00f3ry bez dobrego oczyszczania, po prostu nie jest to mo\u017cliwe. Z dzisiejszego wpisu dowiecie si\u0119 wi\u0119c, czym r\u00f3\u017cni\u0105 si\u0119 mleczko do demakija\u017cu i p\u0142yn micelarny oraz po kt\u00f3ry z tych produkt\u00f3w warto si\u0119gn\u0105\u0107.<\/p>\n<p>&nbsp;<\/p>\n<h3>Kt\u00f3ry produkt wybra\u0107?<\/h3>\n<p>Wieczorny rytua\u0142 dok\u0142adnego <strong>oczyszczania<\/strong> <strong>cery<\/strong> to podstawowy krok codziennej piel\u0119gnacji. Pierwsz\u0105 jego cz\u0119\u015bci\u0105 natomiast powinno by\u0107 <strong>staranne zmycie ca\u0142ego makija\u017cu<\/strong>, zar\u00f3wno twarzy, jak i oczu. Tak naprawd\u0119 nie ma znaczenia, po jaki produkt si\u0119gniemy \u2013 p\u0142yn micelarny, mleczko kosmetyczne, olejek \u2013 wa\u017cne, by ca\u0142y makija\u017c zosta\u0142 dok\u0142adnie zmyty, a twarz oczyszczona i gotowa na kolejne zabiegi piel\u0119gnacyjne. Czym jednak r\u00f3\u017cni\u0105 si\u0119 dwa wspomniane ju\u017c kosmetyki \u2013 p\u0142yn i mleczko?<\/p>\n<p>&nbsp;<\/p>\n<h3>P\u0142yn micelarny \u2013 czym jest?<\/h3>\n<p><strong>P\u0142yn<\/strong> <strong>micelarny<\/strong> jest wodnym roztworem, w kt\u00f3rym zawieszone s\u0105 <strong>mikroskopijne<\/strong> <strong>cz\u0105steczki<\/strong>, nazywane micelami. Micele, ze wzgl\u0119du na swoj\u0105 struktur\u0119 i w\u0142a\u015bciwo\u015bci, dzia\u0142aj\u0105 niczym magnes \u2013 przyci\u0105gaj\u0105 i poch\u0142aniaj\u0105 t\u0142uszcz, czyli resztki kosmetyk\u00f3w do makija\u017cu, sebum, a tak\u017ce z \u0142atwo\u015bci\u0105 <strong>rozpuszczaj\u0105<\/strong> tusz do rz\u0119s, a nawet kosmetyki wodoodporne. Jednocze\u015bnie s\u0105 one bardzo delikatne, dlatego tego typu preparaty nie naruszaj\u0105 bariery ochronnej i nie podra\u017cniaj\u0105 sk\u00f3ry, mo\u017cna wi\u0119c nimi zmywa\u0107 makija\u017c nawet wra\u017cliwych oczu.<\/p>\n<p>&nbsp;<\/p>\n<div id=\"attachment_3986\" style=\"width: 536px\" class=\"wp-caption aligncenter\"><a href=\"https:\/\/neness.pl\/kosmetyki\/pielegnacja_twarzy\/demakijaz_i_oczyszczanie\/dermacol_plyn_micelarny_2w1_perfect_cleanser_2in1.html\"><img loading=\"lazy\" decoding=\"async\" aria-describedby=\"caption-attachment-3986\" class=\" wp-image-3986\" src=\"http:\/\/ranking-kosmetykow.pl\/wp-content\/uploads\/2018\/01\/ba44c747db660fbe1208bcb86040c41d.jpg\" alt=\"\" width=\"526\" height=\"701\" srcset=\"https:\/\/neness.pl\/blog\/wp-content\/uploads\/2018\/01\/ba44c747db660fbe1208bcb86040c41d.jpg 750w, https:\/\/neness.pl\/blog\/wp-content\/uploads\/2018\/01\/ba44c747db660fbe1208bcb86040c41d-225x300.jpg 225w, https:\/\/neness.pl\/blog\/wp-content\/uploads\/2018\/01\/ba44c747db660fbe1208bcb86040c41d-610x813.jpg 610w\" sizes=\"auto, (max-width: 526px) 100vw, 526px\" \/><\/a><p id=\"caption-attachment-3986\" class=\"wp-caption-text\">Dermacol P\u0142yn Micelarny 2w1 Perfect Cleanser 2in1 \/<br \/>15,90 z\u0142<\/p><\/div>\n<p>&nbsp;<\/p>\n<p>Bardzo cz\u0119sto p\u0142yny micelarne wzbogacane s\u0105 tak\u017ce <strong>substancjami \u0142agodz\u0105cymi<\/strong>, takimi jak d-panthenol, alantoina, czy nawil\u017caj\u0105cym kwasem hialuronowym, kt\u00f3re opr\u00f3cz w\u0142a\u015bciwo\u015bci oczyszczaj\u0105cych sprawiaj\u0105, \u017ce p\u0142yn micelarny r\u00f3wnie\u017c <strong>piel\u0119gnuj\u0105<\/strong>\u00a0sk\u00f3r\u0119. Ponadto p\u0142yny micelarne <strong>pozbawione<\/strong> <strong>s\u0105<\/strong> zazwyczaj substancji zapachowych, mog\u0105 je wi\u0119c stosowa\u0107 alergicy i osoby o sk\u00f3rze sk\u0142onnej do podra\u017cnie\u0144, atopowej, a tak\u017ce tr\u0105dzikowej.<\/p>\n<p>&nbsp;<\/p>\n<div id=\"attachment_3987\" style=\"width: 559px\" class=\"wp-caption aligncenter\"><a href=\"https:\/\/neness.pl\/kosmetyki\/pielegnacja_twarzy\/demakijaz_i_oczyszczanie\/dermacol_oczyszczajacy_plyn_micelarny_z_kwasem_hialuronowym.html\"><img loading=\"lazy\" decoding=\"async\" aria-describedby=\"caption-attachment-3987\" class=\" wp-image-3987\" src=\"http:\/\/ranking-kosmetykow.pl\/wp-content\/uploads\/2018\/01\/7e8c8016d7bd1f2699fe34b07cf4824f.jpg\" alt=\"\" width=\"549\" height=\"732\" srcset=\"https:\/\/neness.pl\/blog\/wp-content\/uploads\/2018\/01\/7e8c8016d7bd1f2699fe34b07cf4824f.jpg 750w, https:\/\/neness.pl\/blog\/wp-content\/uploads\/2018\/01\/7e8c8016d7bd1f2699fe34b07cf4824f-225x300.jpg 225w, https:\/\/neness.pl\/blog\/wp-content\/uploads\/2018\/01\/7e8c8016d7bd1f2699fe34b07cf4824f-610x813.jpg 610w\" sizes=\"auto, (max-width: 549px) 100vw, 549px\" \/><\/a><p id=\"caption-attachment-3987\" class=\"wp-caption-text\">Dermacol Oczyszczaj\u0105cy P\u0142yn Micelarny Z Kwasem Hialuronowym \/<br \/>24,90 z\u0142<\/p><\/div>\n<p>&nbsp;<\/p>\n<p>&nbsp;<\/p>\n<h3>Mleczko do demakija\u017cu \u2014 dla kogo?<\/h3>\n<p>Mleczko kosmetyczne od p\u0142ynu micelarnego r\u00f3\u017cni si\u0119 przede wszystkim <strong>formu\u0142a<\/strong>. O ile p\u0142yn micelarny wygl\u0105da po prostu jak czysta woda, tak formu\u0142a mleczka opiera si\u0119 na <strong>bogatej<\/strong> <strong>t\u0142uszczowej<\/strong> <strong>bazie<\/strong>, kt\u00f3rej celem opr\u00f3cz zmywania makija\u017cu jest tak\u017ce <strong>nawil\u017canie<\/strong> sk\u00f3ry poprzez uzupe\u0142nienie ubytk\u00f3w w jej warstwie lipidowej.<\/p>\n<p>&nbsp;<\/p>\n<div id=\"attachment_3988\" style=\"width: 606px\" class=\"wp-caption aligncenter\"><a href=\"https:\/\/neness.pl\/kosmetyki\/pielegnacja_twarzy\/demakijaz_i_oczyszczanie\/dermacol_mleczko_do_demakijazu_sensitive_cleansing_face_milk.html\"><img loading=\"lazy\" decoding=\"async\" aria-describedby=\"caption-attachment-3988\" class=\" wp-image-3988\" src=\"http:\/\/ranking-kosmetykow.pl\/wp-content\/uploads\/2018\/01\/fa7d447114fd0b87a7d31c4672690c05.jpg\" alt=\"\" width=\"596\" height=\"795\" srcset=\"https:\/\/neness.pl\/blog\/wp-content\/uploads\/2018\/01\/fa7d447114fd0b87a7d31c4672690c05.jpg 750w, https:\/\/neness.pl\/blog\/wp-content\/uploads\/2018\/01\/fa7d447114fd0b87a7d31c4672690c05-225x300.jpg 225w, https:\/\/neness.pl\/blog\/wp-content\/uploads\/2018\/01\/fa7d447114fd0b87a7d31c4672690c05-610x813.jpg 610w\" sizes=\"auto, (max-width: 596px) 100vw, 596px\" \/><\/a><p id=\"caption-attachment-3988\" class=\"wp-caption-text\">Dermacol Mleczko do Demakija\u017cu Sensitive Cleansing Face Milk \/<br \/>17,50 z\u0142<\/p><\/div>\n<p>&nbsp;<\/p>\n<p>Mleczko kosmetyczne to produkt, kt\u00f3ry najlepiej sprawdzi si\u0119 u os\u00f3b ze <strong>sk\u00f3r\u0105 such\u0105<\/strong>, odwodnion\u0105 i tak\u0105, kt\u00f3ra potrzebuje nawil\u017cenia. Pami\u0119tajmy jednak, \u017ce mleczko kosmetyczne zawsze pozostawia na twarzy delikatny, <strong>t\u0142ustawy film<\/strong>, a jego resztki nale\u017cy po demakija\u017cu zmy\u0107 wod\u0105 lub \u017celem do mycia twarzy, lub tonikiem. Sprawia to, \u017ce mleczko nie jest tak uniwersalnym kosmetykiem, jak p\u0142yn micelarny. Je\u015bli tego nie zrobimy, pozosta\u0142o\u015bci mleczka mog\u0105 powodowa\u0107 zapychanie por\u00f3w i powstawanie niedoskona\u0142o\u015bci.<\/p>\n<p>&nbsp;<\/p>\n<div id=\"attachment_3989\" style=\"width: 825px\" class=\"wp-caption aligncenter\"><a href=\"https:\/\/neness.pl\/kosmetyki\/pielegnacja_twarzy\/demakijaz_i_oczyszczanie\/dermacol_mleczko_do_demakijazu_cleasing_face_milk.html\"><img loading=\"lazy\" decoding=\"async\" aria-describedby=\"caption-attachment-3989\" class=\" wp-image-3989\" src=\"http:\/\/ranking-kosmetykow.pl\/wp-content\/uploads\/2018\/01\/dd4ad4a0f852d716bdeac1d47e403ba7.png\" alt=\"\" width=\"815\" height=\"1087\" srcset=\"https:\/\/neness.pl\/blog\/wp-content\/uploads\/2018\/01\/dd4ad4a0f852d716bdeac1d47e403ba7.png 750w, https:\/\/neness.pl\/blog\/wp-content\/uploads\/2018\/01\/dd4ad4a0f852d716bdeac1d47e403ba7-225x300.png 225w, https:\/\/neness.pl\/blog\/wp-content\/uploads\/2018\/01\/dd4ad4a0f852d716bdeac1d47e403ba7-610x813.png 610w\" sizes=\"auto, (max-width: 815px) 100vw, 815px\" \/><\/a><p id=\"caption-attachment-3989\" class=\"wp-caption-text\">Dermacol Mleczko Do Demakija\u017cu Cleasing Face Milk \/<br \/>15,90 z\u0142<\/p><\/div>\n<p>&nbsp;<\/p>\n<p>Ponadto delikatne mleczko <strong>nie zawsze<\/strong> jest w stanie poradzi\u0107 sobie z rozpuszczeniem i usuni\u0119ciem makija\u017cu wodoodpornego i tuszu do rz\u0119s, konieczne wi\u0119c mo\u017ce si\u0119 okaza\u0107 u\u017cycie dodatkowego produktu do demakija\u017cu, na przyk\u0142ad p\u0142ynu dwufazowego.<\/p>\n","protected":false},"excerpt":{"rendered":"<p>O tym, jak wa\u017cny jest codzienny demakija\u017c, m\u00f3wili\u015bmy ju\u017c wielokrotnie, i prawdopodobnie b\u0119dziemy to powtarza\u0107 do znudzenia, bo jest to najwa\u017cniejszy element piel\u0119gnacji cery. Pami\u0119tajmy, \u017ce nie pi\u0119knej sk\u00f3ry bez dobrego oczyszczania, po prostu nie jest to mo\u017cliwe. Z dzisiejszego wpisu dowiecie si\u0119 wi\u0119c, czym r\u00f3\u017cni\u0105 si\u0119 mleczko do demakija\u017cu i p\u0142yn micelarny oraz po [&hellip;]<\/p>\n","protected":false},"author":2,"featured_media":3984,"comment_status":"open","ping_status":"open","sticky":false,"template":"","format":"standard","meta":{"_et_pb_use_builder":"","_et_pb_old_content":"","_et_gb_content_width":"","footnotes":""},"categories":[185],"tags":[],"class_list":["post-3983","post","type-post","status-publish","format-standard","has-post-thumbnail","hentry","category-codzienna-pielegnacja","et-has-post-format-content","et_post_format-et-post-format-standard"],"_links":{"self":[{"href":"https:\/\/neness.pl\/blog\/wp-json\/wp\/v2\/posts\/3983","targetHints":{"allow":["GET"]}}],"collection":[{"href":"https:\/\/neness.pl\/blog\/wp-json\/wp\/v2\/posts"}],"about":[{"href":"https:\/\/neness.pl\/blog\/wp-json\/wp\/v2\/types\/post"}],"author":[{"embeddable":true,"href":"https:\/\/neness.pl\/blog\/wp-json\/wp\/v2\/users\/2"}],"replies":[{"embeddable":true,"href":"https:\/\/neness.pl\/blog\/wp-json\/wp\/v2\/comments?post=3983"}],"version-history":[{"count":0,"href":"https:\/\/neness.pl\/blog\/wp-json\/wp\/v2\/posts\/3983\/revisions"}],"wp:featuredmedia":[{"embeddable":true,"href":"https:\/\/neness.pl\/blog\/wp-json\/wp\/v2\/media\/3984"}],"wp:attachment":[{"href":"https:\/\/neness.pl\/blog\/wp-json\/wp\/v2\/media?parent=3983"}],"wp:term":[{"taxonomy":"category","embeddable":true,"href":"https:\/\/neness.pl\/blog\/wp-json\/wp\/v2\/categories?post=3983"},{"taxonomy":"post_tag","embeddable":true,"href":"https:\/\/neness.pl\/blog\/wp-json\/wp\/v2\/tags?post=3983"}],"curies":[{"name":"wp","href":"https:\/\/api.w.org\/{rel}","templated":true}]}}