{"id":3957,"date":"2017-12-22T14:51:52","date_gmt":"2017-12-22T13:51:52","guid":{"rendered":"http:\/\/ranking-kosmetykow.pl\/?p=3957"},"modified":"2017-12-22T14:51:52","modified_gmt":"2017-12-22T13:51:52","slug":"jak-przechowywac-perfumy","status":"publish","type":"post","link":"https:\/\/neness.pl\/blog\/jak-przechowywac-perfumy\/","title":{"rendered":"Jak przechowywa\u0107 perfumy?"},"content":{"rendered":"<p>Podobnie jak inne kosmetyki, tak\u017ce perfumy mog\u0105 si\u0119 psu\u0107. Na szcz\u0119\u015bcie s\u0105 one i tak du\u017co trwalsze ni\u017c, na przyk\u0142ad, produkty do piel\u0119gnacji cia\u0142a, jednak istnieje kilka czynnik\u00f3w, kt\u00f3re mog\u0105 przyspieszy\u0107 lub spowodowa\u0107, \u017ce nasza ulubiona kompozycja przestanie pi\u0119knie pachnie\u0107. Mo\u017cemy jednak mie\u0107 na to wp\u0142yw \u2013 wystarczy, \u017ce dowiemy si\u0119 jak przechowywa\u0107 te drogocenne buteleczki, by m\u00f3c cieszy\u0107 si\u0119 pi\u0119knym aromatem przez wiele miesi\u0119cy, a nawet lat.<\/p>\n<p>&nbsp;<\/p>\n<h3>Uwaga na \u015bwiat\u0142o<\/h3>\n<p>Nie ka\u017cda z nas wie, \u017ce perfumy <strong>nie mog\u0105 sta\u0107 w dowolnym miejscu<\/strong>. Na ich trwa\u0142o\u015b\u0107 i przydatno\u015b\u0107 ma wp\u0142yw bowiem mi\u0119dzy innymi <strong>\u015bwiat\u0142o<\/strong>. I mowa tu nie tylko o \u015bwietle s\u0142onecznym, ale tak\u017ce sztucznym. Perfumy zdecydowanie lepiej jest przechowywa\u0107 w <strong>zaciemnionych<\/strong> <strong>miejscach<\/strong>, bo pod wp\u0142ywem \u015bwiat\u0142a zwi\u0105zki zapachowe w perfumach ulegaj\u0105 rozpadowi lub po prostu zmieniaj\u0105 zapach.<\/p>\n<p>&nbsp;<\/p>\n<div id=\"attachment_3072\" style=\"width: 1034px\" class=\"wp-caption aligncenter\"><img loading=\"lazy\" decoding=\"async\" aria-describedby=\"caption-attachment-3072\" class=\"size-large wp-image-3072\" src=\"http:\/\/ranking-kosmetykow.pl\/wp-content\/uploads\/2017\/08\/Fotolia_144942196_Subscription_XXL-1024x710.jpg\" alt=\"\" width=\"1024\" height=\"710\" \/><p id=\"caption-attachment-3072\" class=\"wp-caption-text\">fotolia.com, #144942196 | Autor: JackF<\/p><\/div>\n<p>&nbsp;<\/p>\n<h3>Odpowiednia temperatura<\/h3>\n<p>Opr\u00f3cz \u015bwiat\u0142a perfumy s\u0105 tak\u017ce wra\u017cliwe na <strong>temperatur\u0119<\/strong>, w jakiej s\u0105 przechowywane. Na pewno wiele z nas spotka\u0142o si\u0119 z opini\u0105, \u017ce perfumy powinno przechowywa\u0107 si\u0119 w lod\u00f3wce. Jednak nie chodzi tu o zwyk\u0142\u0105 lod\u00f3wk\u0119, w kt\u00f3rej jest po prostu zbyt zimno. Je\u017celi chcemy przechowywa\u0107 nasze perfumy w lod\u00f3wce, powinna by\u0107 to <strong>lod\u00f3wka<\/strong> <strong>specjalistyczna<\/strong>, przeznaczona w\u0142a\u015bnie do tego celu i z odpowiednio wyregulowan\u0105 temperatur\u0105.<\/p>\n<p>Jednak na potrzeby domowe wystarczy tak naprawd\u0119 zapewni\u0107 miejsce o w miar\u0119 <strong>sta\u0142ej<\/strong> <strong>temperaturze<\/strong>, dlatego lepiej zrezygnowa\u0107 z trzymania ulubionych zapach\u00f3w w \u0142azience, gdzie temperatura zmienia si\u0119 po ka\u017cdej k\u0105pieli nawet o kilka stopni, ani nie trzyma\u0107 ich na parapecie okiennym lub w pobli\u017cu kaloryfera.<\/p>\n<p>&nbsp;<\/p>\n<h3>Bez dost\u0119pu powietrza<\/h3>\n<p><strong>Powietrze<\/strong> niekorzystnie dzia\u0142a nie tylko na kosmetyki do makija\u017cu i te do piel\u0119gnacji cia\u0142a, ale tak\u017ce na nasze perfumy. Je\u017celi nasz ulubiony zapach jest we flakonie wyposa\u017conym w <strong>atomizer<\/strong>, na szcz\u0119\u015bcie nie musimy si\u0119 przejmowa\u0107 tym, \u017ce pod wp\u0142ywem powietrza perfumy strac\u0105 \u015bwie\u017co\u015b\u0107.<\/p>\n<p>Gorzej, je\u017celi mamy buteleczk\u0119 bez atomizera, jak na przyk\u0142ad zdarza si\u0119 w przypadku m\u0119skich w\u00f3d kolo\u0144skich, musimy zwr\u00f3ci\u0107 uwag\u0119 na to, by nie mia\u0142y one <strong>zbyt<\/strong> <strong>du\u017cego kontaktu<\/strong> z <strong>powietrzem<\/strong> lub <strong>wod\u0105 i wilgoci\u0105<\/strong>. Pami\u0119tajmy, by zawsze dobrze zakr\u0119ca\u0107 flakon i dba\u0107 o to, by nie by\u0142 otwarty zbyt d\u0142ugo. Pod wp\u0142ywem powietrza perfumy trac\u0105 na <strong>intensywno\u015bci<\/strong> i staj\u0105 si\u0119 coraz <strong>mniej<\/strong> <strong>trwa\u0142e.<\/strong><\/p>\n<p><span style=\"color: #ffffff;\">.<\/span><\/p>\n<h3><\/h3>\n<div id=\"attachment_2474\" style=\"width: 1034px\" class=\"wp-caption aligncenter\"><img loading=\"lazy\" decoding=\"async\" aria-describedby=\"caption-attachment-2474\" class=\"size-large wp-image-2474\" src=\"http:\/\/ranking-kosmetykow.pl\/wp-content\/uploads\/2017\/06\/Fotolia_80906208_Subscription_XXL-1024x683.jpg\" alt=\"\" width=\"1024\" height=\"683\" \/><p id=\"caption-attachment-2474\" class=\"wp-caption-text\">fotolia.com, #80906208 | Autor: sal<\/p><\/div>\n<p>&nbsp;<\/p>\n<h3>Jak prawid\u0142owo przechowywa\u0107 perfumy?<\/h3>\n<p>Oczywi\u015bcie najlepszym sposobem na zachowanie jak najd\u0142u\u017cej \u015bwie\u017co\u015bci ulubionego zapachu jest trzymanie go w kartonowym pude\u0142ku w ciemnej szafie lub szufladzie komody. Jednak nie dajmy si\u0119 zwariowa\u0107. Pami\u0119tajmy, \u017ce perfumy to nie tylko pi\u0119kne zapachy, ale tak\u017ce <strong>ozdobne<\/strong> <strong>flakony<\/strong>, kt\u00f3re niejednokrotnie wygl\u0105daj\u0105 jak ma\u0142e dzie\u0142a sztuki, dlatego szkoda by\u0142oby je chowa\u0107 przed wzrokiem. Wystarczy wi\u0119c, \u017ce umie\u015bcimy perfumy na przyk\u0142ad na <strong>ozdobnej<\/strong> <strong>tacy<\/strong> i postawimy na toaletce, w miejscu, w kt\u00f3rym <strong>nie b\u0119d\u0105 wystawione na bezpo\u015brednie<\/strong> dzia\u0142anie promieni s\u0142onecznych i ostrego \u015bwiat\u0142a lamp, ani w pobli\u017cu kaloryfera.<\/p>\n","protected":false},"excerpt":{"rendered":"<p>Podobnie jak inne kosmetyki, tak\u017ce perfumy mog\u0105 si\u0119 psu\u0107. Na szcz\u0119\u015bcie s\u0105 one i tak du\u017co trwalsze ni\u017c, na przyk\u0142ad, produkty do piel\u0119gnacji cia\u0142a, jednak istnieje kilka czynnik\u00f3w, kt\u00f3re mog\u0105 przyspieszy\u0107 lub spowodowa\u0107, \u017ce nasza ulubiona kompozycja przestanie pi\u0119knie pachnie\u0107. Mo\u017cemy jednak mie\u0107 na to wp\u0142yw \u2013 wystarczy, \u017ce dowiemy si\u0119 jak przechowywa\u0107 te drogocenne [&hellip;]<\/p>\n","protected":false},"author":2,"featured_media":3256,"comment_status":"open","ping_status":"open","sticky":false,"template":"","format":"standard","meta":{"_et_pb_use_builder":"","_et_pb_old_content":"","_et_gb_content_width":"","footnotes":""},"categories":[19],"tags":[],"class_list":["post-3957","post","type-post","status-publish","format-standard","has-post-thumbnail","hentry","category-zachwycaj-zapachem","et-has-post-format-content","et_post_format-et-post-format-standard"],"_links":{"self":[{"href":"https:\/\/neness.pl\/blog\/wp-json\/wp\/v2\/posts\/3957","targetHints":{"allow":["GET"]}}],"collection":[{"href":"https:\/\/neness.pl\/blog\/wp-json\/wp\/v2\/posts"}],"about":[{"href":"https:\/\/neness.pl\/blog\/wp-json\/wp\/v2\/types\/post"}],"author":[{"embeddable":true,"href":"https:\/\/neness.pl\/blog\/wp-json\/wp\/v2\/users\/2"}],"replies":[{"embeddable":true,"href":"https:\/\/neness.pl\/blog\/wp-json\/wp\/v2\/comments?post=3957"}],"version-history":[{"count":0,"href":"https:\/\/neness.pl\/blog\/wp-json\/wp\/v2\/posts\/3957\/revisions"}],"wp:featuredmedia":[{"embeddable":true,"href":"https:\/\/neness.pl\/blog\/wp-json\/wp\/v2\/media\/3256"}],"wp:attachment":[{"href":"https:\/\/neness.pl\/blog\/wp-json\/wp\/v2\/media?parent=3957"}],"wp:term":[{"taxonomy":"category","embeddable":true,"href":"https:\/\/neness.pl\/blog\/wp-json\/wp\/v2\/categories?post=3957"},{"taxonomy":"post_tag","embeddable":true,"href":"https:\/\/neness.pl\/blog\/wp-json\/wp\/v2\/tags?post=3957"}],"curies":[{"name":"wp","href":"https:\/\/api.w.org\/{rel}","templated":true}]}}