{"id":3913,"date":"2017-12-18T14:39:09","date_gmt":"2017-12-18T13:39:09","guid":{"rendered":"http:\/\/ranking-kosmetykow.pl\/?p=3913"},"modified":"2017-12-18T14:39:09","modified_gmt":"2017-12-18T13:39:09","slug":"kosmetyki-prosto-z-czech-kilka-slow-o-marce-dermacol","status":"publish","type":"post","link":"https:\/\/neness.pl\/blog\/kosmetyki-prosto-z-czech-kilka-slow-o-marce-dermacol\/","title":{"rendered":"Kosmetyki prosto z Czech \u2013 kilka s\u0142\u00f3w o marce Dermacol"},"content":{"rendered":"<p>Pami\u0119tacie kultowy w poprzedniej epoce, uwielbiany przez nastolatki, bardzo kryj\u0105cy podk\u0142ad do twarzy Dermacol? To w\u0142a\u015bnie wtedy ta firma kosmetyczna z Czech cieszy\u0142a si\u0119 w Polsce ogromn\u0105 popularno\u015bci\u0105. Przez lata nieco zapomniana, dzi\u015b zn\u00f3w jest o niej g\u0142o\u015bno na ca\u0142ym \u015bwiecie, w\u0142a\u015bnie za spraw\u0105 tego samego produktu. Odkryty na nowo przez ameryka\u0144skie vlogerki podk\u0142ad sprawi\u0142, \u017ce mark\u0105 Dermacol zn\u00f3w zacz\u0119to si\u0119 interesowa\u0107. Gdzie powsta\u0142a i co jeszcze wiemy o tej firmie?<\/p>\n<p>&nbsp;<\/p>\n<h3>Skarb z Czech<\/h3>\n<p><a href=\"https:\/\/neness.pl\/product\/search_products.html\"><strong>Marka<\/strong> <strong>Dermacol<\/strong><\/a> powsta\u0142a ponad 50 lat temu u naszych s\u0105siad\u00f3w, czyli w czeskiej Pradze. Tam we wsp\u00f3\u0142pracy z makija\u017cystami instytutu filmowego w Barrandovie, kosmetolodzy z Instytutu Kosmetycznego stworzyli <strong>jeden z pierwszych na \u015bwiecie<\/strong> kosmetyk\u00f3w do makija\u017cu kryj\u0105cego. Kr\u00f3tko po tym, wie\u015b\u0107 o tym produkcie roznios\u0142a si\u0119 po \u015bwiecie i ju\u017c w roku 1969 licencj\u0119 na ten kosmetyk kupi\u0142o <strong>Hollywood<\/strong>.<\/p>\n<p>&nbsp;<\/p>\n<div id=\"attachment_3917\" style=\"width: 655px\" class=\"wp-caption aligncenter\"><a href=\"https:\/\/neness.pl\/kosmetyki\/twarz\/podklady_i_pudry\/dermacol_podklad_make_up_cover_209.html\"><img loading=\"lazy\" decoding=\"async\" aria-describedby=\"caption-attachment-3917\" class=\" wp-image-3917\" src=\"http:\/\/ranking-kosmetykow.pl\/wp-content\/uploads\/2017\/12\/9ac987744de5eae4c336f61ecadd7f5d.jpg\" alt=\"\" width=\"645\" height=\"860\" srcset=\"https:\/\/neness.pl\/blog\/wp-content\/uploads\/2017\/12\/9ac987744de5eae4c336f61ecadd7f5d.jpg 750w, https:\/\/neness.pl\/blog\/wp-content\/uploads\/2017\/12\/9ac987744de5eae4c336f61ecadd7f5d-225x300.jpg 225w, https:\/\/neness.pl\/blog\/wp-content\/uploads\/2017\/12\/9ac987744de5eae4c336f61ecadd7f5d-610x813.jpg 610w\" sizes=\"auto, (max-width: 645px) 100vw, 645px\" \/><\/a><p id=\"caption-attachment-3917\" class=\"wp-caption-text\">Dermacol Podk\u0142ad Make Up Cover \/<br \/>31,90 z\u0142<\/p><\/div>\n<p>&nbsp;<\/p>\n<h3>Jakie kosmetyki ma w swojej ofercie Dermacol?<\/h3>\n<p>Cho\u0107 od tego momentu min\u0119\u0142o ju\u017c 50 lat, marka Dermacol nadal <strong>pr\u0119\u017cnie<\/strong> <strong>si\u0119<\/strong> <strong>rozwija<\/strong> i oferuje ju\u017c nie tylko kosmetyki do makija\u017cu filmowego, scenicznego i do sesji fotograficznych, ale tak\u017ce do codziennego <strong>makija\u017cu<\/strong> i <strong>piel\u0119gnacji<\/strong> twarzy i cia\u0142a. Kosmetyki marki kupi\u0107 mo\u017cemy obecnie na ca\u0142ym \u015bwiecie, r\u00f3wnie\u017c w Polsce.<\/p>\n<p>&nbsp;<\/p>\n<div id=\"attachment_3918\" style=\"width: 579px\" class=\"wp-caption aligncenter\"><a href=\"https:\/\/neness.pl\/kosmetyki\/twarz\/podklady_i_pudry\/dermacol_fixing_powder_light_utrwalajacy_puder_transparentny.html\"><img loading=\"lazy\" decoding=\"async\" aria-describedby=\"caption-attachment-3918\" class=\" wp-image-3918\" src=\"http:\/\/ranking-kosmetykow.pl\/wp-content\/uploads\/2017\/12\/7f44872b736236e0f16ded64b86efbd6.jpg\" alt=\"\" width=\"569\" height=\"759\" srcset=\"https:\/\/neness.pl\/blog\/wp-content\/uploads\/2017\/12\/7f44872b736236e0f16ded64b86efbd6.jpg 750w, https:\/\/neness.pl\/blog\/wp-content\/uploads\/2017\/12\/7f44872b736236e0f16ded64b86efbd6-225x300.jpg 225w, https:\/\/neness.pl\/blog\/wp-content\/uploads\/2017\/12\/7f44872b736236e0f16ded64b86efbd6-610x813.jpg 610w\" sizes=\"auto, (max-width: 569px) 100vw, 569px\" \/><\/a><p id=\"caption-attachment-3918\" class=\"wp-caption-text\">Dermacol Fixing Powder Light Utrwalaj\u0105cy Puder Transparentny \/<br \/>27,90 z\u0142<\/p><\/div>\n<p>&nbsp;<\/p>\n<p>Oferowane przez mark\u0119 Dermacol kosmetyki \u015bwietnie sprawdzaj\u0105 si\u0119 do piel\u0119gnacji ka\u017cdego typu cery, zaczynaj\u0105c od sk\u00f3ry tr\u0105dzikowej, poprzez such\u0105, a\u017c po dojrza\u0142\u0105. Kosmetyki te s\u0105 tak\u017ce w wi\u0119kszo\u015bci <strong>hipoalergiczne<\/strong>. W\u015br\u00f3d nich znajdziemy \u017cele pod prysznic, balsamy i peelingi do cia\u0142a, kosmetyki do demakija\u017cu, kremy piel\u0119gnuj\u0105ce, pe\u0142en asortyment kosmetyk\u00f3w do makija\u017cu, a nawet kosmetyki dla pan\u00f3w.<\/p>\n<p>&nbsp;<\/p>\n<div id=\"attachment_3922\" style=\"width: 606px\" class=\"wp-caption aligncenter\"><a href=\"https:\/\/neness.pl\/kosmetyki\/twarz\/bazy_pod_makijaz\/dermacol_baza_pearl_energy_make_up_base.html\"><img loading=\"lazy\" decoding=\"async\" aria-describedby=\"caption-attachment-3922\" class=\" wp-image-3922\" src=\"http:\/\/ranking-kosmetykow.pl\/wp-content\/uploads\/2017\/12\/f08a2e42e4f60557949306a77654bf32.jpg\" alt=\"\" width=\"596\" height=\"795\" srcset=\"https:\/\/neness.pl\/blog\/wp-content\/uploads\/2017\/12\/f08a2e42e4f60557949306a77654bf32.jpg 750w, https:\/\/neness.pl\/blog\/wp-content\/uploads\/2017\/12\/f08a2e42e4f60557949306a77654bf32-225x300.jpg 225w, https:\/\/neness.pl\/blog\/wp-content\/uploads\/2017\/12\/f08a2e42e4f60557949306a77654bf32-610x813.jpg 610w\" sizes=\"auto, (max-width: 596px) 100vw, 596px\" \/><\/a><p id=\"caption-attachment-3922\" class=\"wp-caption-text\">Dermacol Baza Pearl Energy Make Up Base \/<br \/>29,90 z\u0142<\/p><\/div>\n<p>&nbsp;<\/p>\n<p>&nbsp;<\/p>\n<h3>Kultowy kosmetyk \u2013 podk\u0142ad Dermacol<\/h3>\n<p>Opisuj\u0105c mark\u0119 Dermacol, nie spos\u00f3b nie wspomnie\u0107 o ich najs\u0142ynniejszym produkcie \u2013 czyli kultowym, wielofunkcyjnym podk\u0142adzie<strong> Make Up Cover<\/strong>. Dlaczego w\u0142a\u015bnie ten produkt sta\u0142 si\u0119 tak znany? Wszystko za spraw\u0105 <strong>niesamowitego<\/strong> <strong>krycia<\/strong>, jakie oferuje ten produkt. Ju\u017c bardzo niewielka ilo\u015b\u0107 \u2013 mniej wi\u0119cej obj\u0119to\u015b\u0107 ziarnka grochu, potrafi pokry\u0107 ca\u0142\u0105 twarz i zamaskowa\u0107 wszystkie niedoskona\u0142o\u015bci, pop\u0119kane naczynka, przebarwienia, a nawet ukry\u0107 tatua\u017c!<\/p>\n<p>&nbsp;<\/p>\n<div id=\"attachment_3919\" style=\"width: 586px\" class=\"wp-caption aligncenter\"><a href=\"https:\/\/neness.pl\/kosmetyki\/twarz\/roze_bronzery_i_rozswietlacze\/dermacol_03_mineralny_roz_prasowany_duo_blusher.html\"><img loading=\"lazy\" decoding=\"async\" aria-describedby=\"caption-attachment-3919\" class=\" wp-image-3919\" src=\"http:\/\/ranking-kosmetykow.pl\/wp-content\/uploads\/2017\/12\/a1ff5596af7f713492d58d5ff348b21a.png\" alt=\"\" width=\"576\" height=\"768\" srcset=\"https:\/\/neness.pl\/blog\/wp-content\/uploads\/2017\/12\/a1ff5596af7f713492d58d5ff348b21a.png 750w, https:\/\/neness.pl\/blog\/wp-content\/uploads\/2017\/12\/a1ff5596af7f713492d58d5ff348b21a-225x300.png 225w, https:\/\/neness.pl\/blog\/wp-content\/uploads\/2017\/12\/a1ff5596af7f713492d58d5ff348b21a-610x813.png 610w\" sizes=\"auto, (max-width: 576px) 100vw, 576px\" \/><\/a><p id=\"caption-attachment-3919\" class=\"wp-caption-text\">Dermacol 03 Mineralny R\u00f3\u017c Prasowany DUO BLUSHER \/<br \/>17,50 z\u0142<\/p><\/div>\n<p>&nbsp;<\/p>\n<p>Wzbogacony o <strong>filtr<\/strong> <strong>przeciws\u0142oneczny<\/strong>, a\u017c SPF 30, pomaga chroni\u0107 sk\u00f3r\u0119 przed szkodliwym promieniowaniem UV. Co wi\u0119cej,\u00a0 podk\u0142ad Make Up Cover jest <strong>wodoodporny<\/strong>, bardzo <strong>trwa\u0142y<\/strong> i sprawdza si\u0119 przy wszystkich typach cery, r\u00f3wnie\u017c przy cerze wra\u017cliwej.<\/p>\n<p>Szeroka gama odcieni sprawia, \u017ce mo\u017cemy go dopasowa\u0107 niemal do ka\u017cdego koloru sk\u00f3ry, a dzi\u0119ki <strong>niesamowitej<\/strong> <strong>pigmentacji<\/strong> sprawdza si\u0119 nie tylko jako klasyczny podk\u0142ad, ale tak\u017ce bardzo kryj\u0105cy <strong>korektor<\/strong>.<\/p>\n<p>&nbsp;<\/p>\n<div id=\"attachment_3920\" style=\"width: 656px\" class=\"wp-caption aligncenter\"><a href=\"https:\/\/neness.pl\/kosmetyki\/twarz\/podklady_i_pudry\/dermacol_podklad_z_ekstraktem_z_kawioru_z_korektorem_04_tan.html\"><img loading=\"lazy\" decoding=\"async\" aria-describedby=\"caption-attachment-3920\" class=\" wp-image-3920\" src=\"http:\/\/ranking-kosmetykow.pl\/wp-content\/uploads\/2017\/12\/f01d60f863fd6b1b5b9eb18b9e94be97.jpg\" alt=\"\" width=\"646\" height=\"861\" srcset=\"https:\/\/neness.pl\/blog\/wp-content\/uploads\/2017\/12\/f01d60f863fd6b1b5b9eb18b9e94be97.jpg 750w, https:\/\/neness.pl\/blog\/wp-content\/uploads\/2017\/12\/f01d60f863fd6b1b5b9eb18b9e94be97-225x300.jpg 225w, https:\/\/neness.pl\/blog\/wp-content\/uploads\/2017\/12\/f01d60f863fd6b1b5b9eb18b9e94be97-610x813.jpg 610w\" sizes=\"auto, (max-width: 646px) 100vw, 646px\" \/><\/a><p id=\"caption-attachment-3920\" class=\"wp-caption-text\">Dermacol Podk\u0142ad z Ekstraktem z Kawioru z Korektorem \/<br \/>37,80 z\u0142<\/p><\/div>\n<p>&nbsp;<\/p>\n<p>Do wyko\u0144czenia makija\u017cu \u015bwietnie sprawdz\u0105 si\u0119 pozosta\u0142e kosmetyki marki \u2013 <strong>baza<\/strong>\u00a0pod makija\u017c, <strong>puder<\/strong> utrwalaj\u0105cy, r\u00f3\u017c, <strong>bronzer<\/strong> <strong>mineralny<\/strong> i wiele innych.<\/p>\n<p>Kosmetyki Dermacol znajdziecie w naszej perfumerii internetowej Neness.pl. Kt\u00f3ry z nich lubicie najbardziej?<\/p>\n","protected":false},"excerpt":{"rendered":"<p>Pami\u0119tacie kultowy w poprzedniej epoce, uwielbiany przez nastolatki, bardzo kryj\u0105cy podk\u0142ad do twarzy Dermacol? To w\u0142a\u015bnie wtedy ta firma kosmetyczna z Czech cieszy\u0142a si\u0119 w Polsce ogromn\u0105 popularno\u015bci\u0105. Przez lata nieco zapomniana, dzi\u015b zn\u00f3w jest o niej g\u0142o\u015bno na ca\u0142ym \u015bwiecie, w\u0142a\u015bnie za spraw\u0105 tego samego produktu. Odkryty na nowo przez ameryka\u0144skie vlogerki podk\u0142ad sprawi\u0142, [&hellip;]<\/p>\n","protected":false},"author":2,"featured_media":3914,"comment_status":"open","ping_status":"open","sticky":false,"template":"","format":"standard","meta":{"_et_pb_use_builder":"","_et_pb_old_content":"","_et_gb_content_width":"","footnotes":""},"categories":[185,41],"tags":[],"class_list":["post-3913","post","type-post","status-publish","format-standard","has-post-thumbnail","hentry","category-codzienna-pielegnacja","category-olsniewaj-makijazem","et-has-post-format-content","et_post_format-et-post-format-standard"],"_links":{"self":[{"href":"https:\/\/neness.pl\/blog\/wp-json\/wp\/v2\/posts\/3913","targetHints":{"allow":["GET"]}}],"collection":[{"href":"https:\/\/neness.pl\/blog\/wp-json\/wp\/v2\/posts"}],"about":[{"href":"https:\/\/neness.pl\/blog\/wp-json\/wp\/v2\/types\/post"}],"author":[{"embeddable":true,"href":"https:\/\/neness.pl\/blog\/wp-json\/wp\/v2\/users\/2"}],"replies":[{"embeddable":true,"href":"https:\/\/neness.pl\/blog\/wp-json\/wp\/v2\/comments?post=3913"}],"version-history":[{"count":0,"href":"https:\/\/neness.pl\/blog\/wp-json\/wp\/v2\/posts\/3913\/revisions"}],"wp:featuredmedia":[{"embeddable":true,"href":"https:\/\/neness.pl\/blog\/wp-json\/wp\/v2\/media\/3914"}],"wp:attachment":[{"href":"https:\/\/neness.pl\/blog\/wp-json\/wp\/v2\/media?parent=3913"}],"wp:term":[{"taxonomy":"category","embeddable":true,"href":"https:\/\/neness.pl\/blog\/wp-json\/wp\/v2\/categories?post=3913"},{"taxonomy":"post_tag","embeddable":true,"href":"https:\/\/neness.pl\/blog\/wp-json\/wp\/v2\/tags?post=3913"}],"curies":[{"name":"wp","href":"https:\/\/api.w.org\/{rel}","templated":true}]}}