{"id":3887,"date":"2017-12-13T13:40:20","date_gmt":"2017-12-13T12:40:20","guid":{"rendered":"http:\/\/ranking-kosmetykow.pl\/?p=3887"},"modified":"2017-12-13T13:40:20","modified_gmt":"2017-12-13T12:40:20","slug":"baza-pod-makijaz-tak-czy-nie","status":"publish","type":"post","link":"https:\/\/neness.pl\/blog\/baza-pod-makijaz-tak-czy-nie\/","title":{"rendered":"Baza pod makija\u017c \u2013 tak czy nie?"},"content":{"rendered":"<p>Baza pod makija\u017c wci\u0105\u017c nie jest zbyt popularnym kosmetykiem. Cho\u0107 wi\u0119kszo\u015b\u0107 z nas makija\u017c wykonuje codziennie, to po ten typ kosmetyku si\u0119gamy bardzo rzadko. Co prawda\u00a0taki\u00a0produkt to dodatkowy krok w codziennym makija\u017cu, kt\u00f3ry jest ca\u0142kowicie opcjonalny, warto jednak rozwa\u017cy\u0107 jakie zalety niesie za sob\u0105 stosowanie bazy pod makija\u017c. Czy warto? Przeczytajcie.<\/p>\n<p>&nbsp;<\/p>\n<h3>Baza to podstawa<\/h3>\n<p><strong>Baza<\/strong> lub <strong>primer<\/strong> to kosmetyk, kt\u00f3ry nak\u0142adamy po na\u0142o\u017ceniu na twarz kremu nawil\u017caj\u0105cego, a <strong>przed<\/strong> na\u0142o\u017ceniem podk\u0142adu. Wydawa\u0107, by si\u0119 mog\u0142o, \u017ce jest to krok zupe\u0142nie zb\u0119dny, jednak baza pod makija\u017c pe\u0142ni kilka wa\u017cnych funkcji.<\/p>\n<p>Przede wszystkim jest to kosmetyk, kt\u00f3ry zosta\u0142 stworzony, \u017ceby <strong>przed\u0142u\u017cy\u0107<\/strong> trwa\u0142o\u015b\u0107 ca\u0142ego makija\u017cu, a tak\u017ce u\u0142atwi\u0107 jego nak\u0142adanie. Si\u0119gn\u0105\u0107 mo\u017cemy po bazy o r\u00f3\u017cnych formu\u0142ach i r\u00f3\u017cnym przeznaczeniu w zale\u017cno\u015bci od <strong>rodzaju<\/strong> i <strong>potrzeb<\/strong> naszej sk\u00f3ry. Baza pomaga <strong>ukry\u0107<\/strong> tak\u017ce <strong>niedoskona\u0142o\u015bci<\/strong> i mankamenty, kt\u00f3re chcemy zatuszowa\u0107, a tak\u017ce przygotowuje sk\u00f3r\u0119 do kolejnych krok\u00f3w makija\u017cu. Dzi\u0119ki niej kolejne kosmetyki lepiej <strong>\u201etrzymaj\u0105 si\u0119 sk\u00f3ry\u201d<\/strong>, co znacznie poprawia ich trwa\u0142o\u015b\u0107 i wygl\u0105d ca\u0142ego makija\u017cu w ci\u0105gu dnia.<\/p>\n<p>&nbsp;<\/p>\n<div id=\"attachment_3892\" style=\"width: 639px\" class=\"wp-caption aligncenter\"><a href=\"https:\/\/neness.pl\/kosmetyki\/twarz\/bazy_pod_makijaz\/revolution_baza_pod_makijaz_aqua_priming_base_100ml.html\"><img loading=\"lazy\" decoding=\"async\" aria-describedby=\"caption-attachment-3892\" class=\" wp-image-3892\" src=\"http:\/\/ranking-kosmetykow.pl\/wp-content\/uploads\/2017\/12\/6d1678f36f40526e2f316d27e0106c5f.jpg\" alt=\"\" width=\"629\" height=\"839\" srcset=\"https:\/\/neness.pl\/blog\/wp-content\/uploads\/2017\/12\/6d1678f36f40526e2f316d27e0106c5f.jpg 750w, https:\/\/neness.pl\/blog\/wp-content\/uploads\/2017\/12\/6d1678f36f40526e2f316d27e0106c5f-225x300.jpg 225w, https:\/\/neness.pl\/blog\/wp-content\/uploads\/2017\/12\/6d1678f36f40526e2f316d27e0106c5f-610x813.jpg 610w\" sizes=\"auto, (max-width: 629px) 100vw, 629px\" \/><\/a><p id=\"caption-attachment-3892\" class=\"wp-caption-text\">Revolution Baza Pod Makija\u017c Aqua Priming Base 100ml \/<br \/>25,90 z\u0142<\/p><\/div>\n<p>&nbsp;<\/p>\n<p>Wiele baz i primer\u00f3w zawiera tak zwane <strong>silikony<\/strong>, kt\u00f3re wyg\u0142adzaj\u0105 sk\u00f3r\u0119, zmniejszaj\u0105 widoczno\u015b\u0107 por\u00f3w i pomagaj\u0105 wyg\u0142adzi\u0107 drobne zmarszczki. R\u00f3wnie\u017c dzi\u0119ki nim podk\u0142ad lepiej rozprowadza si\u0119 po twarzy, a po kilku godzinach noszenia nie zbiera si\u0119 w za\u0142amaniach sk\u00f3ry.<\/p>\n<p>&nbsp;<\/p>\n<h3>\u017belowa czy kremowa?<\/h3>\n<p>Bazy pod makija\u017c maj\u0105 r\u00f3\u017cne formu\u0142y. Najcz\u0119\u015bciej spotka\u0107 mo\u017cemy te w postaci <strong>\u017celu<\/strong> lub <strong>kremu<\/strong>, jednak istniej\u0105 tak\u017ce primery <strong>w<\/strong> <strong>pudrze<\/strong>, na przyk\u0142ad mineralne bazy glinkowe. Podobnie jak krem do twarzy, r\u00f3wnie\u017c baz\u0119 pod makija\u017c powinny\u015bmy dopasowa\u0107 do stanu naszej cery i problem\u00f3w, z jakimi si\u0119 borykamy.<\/p>\n<p>&nbsp;<\/p>\n<div id=\"attachment_3893\" style=\"width: 505px\" class=\"wp-caption aligncenter\"><a href=\"https:\/\/neness.pl\/kosmetyki\/twarz\/bazy_pod_makijaz\/dermacol_matt_control_base_matujaca_baza_pod_makijaz.html\"><img loading=\"lazy\" decoding=\"async\" aria-describedby=\"caption-attachment-3893\" class=\" wp-image-3893\" src=\"http:\/\/ranking-kosmetykow.pl\/wp-content\/uploads\/2017\/12\/651f4aac2bec6f029fe17143942751a0.png\" alt=\"\" width=\"495\" height=\"660\" srcset=\"https:\/\/neness.pl\/blog\/wp-content\/uploads\/2017\/12\/651f4aac2bec6f029fe17143942751a0.png 750w, https:\/\/neness.pl\/blog\/wp-content\/uploads\/2017\/12\/651f4aac2bec6f029fe17143942751a0-225x300.png 225w, https:\/\/neness.pl\/blog\/wp-content\/uploads\/2017\/12\/651f4aac2bec6f029fe17143942751a0-610x813.png 610w\" sizes=\"auto, (max-width: 495px) 100vw, 495px\" \/><\/a><p id=\"caption-attachment-3893\" class=\"wp-caption-text\">Dermacol Matt Control Base Matuj\u0105ca Baza Pod Makija\u017c \/<br \/>25,50 z\u0142<\/p><\/div>\n<p>&nbsp;<\/p>\n<p>Opr\u00f3cz baz do twarzy si\u0119gn\u0105\u0107 mo\u017cemy tak\u017ce po <strong>baz\u0119<\/strong> <strong>pod<\/strong> <strong>cienie<\/strong> do powiek, kt\u00f3ra wyg\u0142adzi sk\u00f3r\u0119 i wyr\u00f3wna kolor powiek, sprawi, \u017ce cienie b\u0119d\u0105 si\u0119 lepiej rozciera\u0107, podbije ich kolor i przed\u0142u\u017cy trwa\u0142o\u015b\u0107 makija\u017cu oka.<\/p>\n<p>&nbsp;<\/p>\n<div id=\"attachment_3896\" style=\"width: 573px\" class=\"wp-caption aligncenter\"><a href=\"https:\/\/neness.pl\/kosmetyki\/twarz\/bazy_pod_makijaz\/revolution_focus_fix_baza_pod_cienie_primer.html\"><img loading=\"lazy\" decoding=\"async\" aria-describedby=\"caption-attachment-3896\" class=\" wp-image-3896\" src=\"http:\/\/ranking-kosmetykow.pl\/wp-content\/uploads\/2017\/12\/8a6bc404996879ac61947883e6ebb9ec.jpg\" alt=\"\" width=\"563\" height=\"751\" srcset=\"https:\/\/neness.pl\/blog\/wp-content\/uploads\/2017\/12\/8a6bc404996879ac61947883e6ebb9ec.jpg 750w, https:\/\/neness.pl\/blog\/wp-content\/uploads\/2017\/12\/8a6bc404996879ac61947883e6ebb9ec-225x300.jpg 225w, https:\/\/neness.pl\/blog\/wp-content\/uploads\/2017\/12\/8a6bc404996879ac61947883e6ebb9ec-610x813.jpg 610w\" sizes=\"auto, (max-width: 563px) 100vw, 563px\" \/><\/a><p id=\"caption-attachment-3896\" class=\"wp-caption-text\">Revolution Focus&amp;Fix Baza pod Cienie Primer \/<br \/>14,90 z\u0142<\/p><\/div>\n<p><span style=\"color: #ffffff;\">.<\/span><\/p>\n<p>&nbsp;<\/p>\n<h3>Jak dobra\u0107 baz\u0119 do rodzaju cery?<\/h3>\n<p>Do cery <strong>t\u0142ustej<\/strong> i <strong>mieszanej<\/strong> najlepiej sprawdz\u0105 si\u0119 bazy \u017celowe, o w\u0142a\u015bciwo\u015bciach matuj\u0105cych, kt\u00f3re przez ca\u0142y dzie\u0144 b\u0119d\u0105 regulowa\u0107 wydzielanie sebum i zapewni\u0105 naszej twarzy mat na kilka godzin.<\/p>\n<p>&nbsp;<\/p>\n<div id=\"attachment_3894\" style=\"width: 452px\" class=\"wp-caption aligncenter\"><a href=\"https:\/\/neness.pl\/kosmetyki\/twarz\/bazy_pod_makijaz\/artdeco_baza_pod_podklad_make-up_base.html\"><img loading=\"lazy\" decoding=\"async\" aria-describedby=\"caption-attachment-3894\" class=\" wp-image-3894\" src=\"http:\/\/ranking-kosmetykow.pl\/wp-content\/uploads\/2017\/12\/26e157e4ec279fe09865750ee61a95f1.jpg\" alt=\"\" width=\"442\" height=\"589\" srcset=\"https:\/\/neness.pl\/blog\/wp-content\/uploads\/2017\/12\/26e157e4ec279fe09865750ee61a95f1.jpg 750w, https:\/\/neness.pl\/blog\/wp-content\/uploads\/2017\/12\/26e157e4ec279fe09865750ee61a95f1-225x300.jpg 225w, https:\/\/neness.pl\/blog\/wp-content\/uploads\/2017\/12\/26e157e4ec279fe09865750ee61a95f1-610x813.jpg 610w\" sizes=\"auto, (max-width: 442px) 100vw, 442px\" \/><\/a><p id=\"caption-attachment-3894\" class=\"wp-caption-text\">Artdeco Baza Pod Podk\u0142ad Make-Up Base \/<br \/>54,99 z\u0142<\/p><\/div>\n<p>&nbsp;<\/p>\n<p>Przy cerze <strong>dojrza\u0142ej<\/strong> i z pierwszymi oznakami starzenia wskazane jest stosowanie silikonowych baz wyg\u0142adzaj\u0105cych, kt\u00f3re sprawdz\u0105 si\u0119 tak\u017ce u os\u00f3b z rozszerzonymi porami. Cera dojrza\u0142a, a tak\u017ce szara i zm\u0119czona powinna polubi\u0107 si\u0119 z baz\u0105 roz\u015bwietlaj\u0105c\u0105 lub liftinguj\u0105c\u0105.<\/p>\n<p>Dla cer <strong>naczynkowych<\/strong> i sk\u0142onnych do zaczerwienie\u0144 przeznaczone s\u0105 bazy w kolorze zielonym, kt\u00f3re ju\u017c od pierwszych krok\u00f3w makija\u017cu pomog\u0105 zatuszowa\u0107 rozszerzone naczynia krwiono\u015bne i tak zwane paj\u0105czki.<\/p>\n<p>&nbsp;<\/p>\n<div id=\"attachment_3895\" style=\"width: 463px\" class=\"wp-caption aligncenter\"><a href=\"https:\/\/neness.pl\/kosmetyki\/twarz\/roze_bronzery_i_rozswietlacze\/makeup_revolution_rozswietlajaca_baza_professional_blur_primer.html\"><img loading=\"lazy\" decoding=\"async\" aria-describedby=\"caption-attachment-3895\" class=\" wp-image-3895\" src=\"http:\/\/ranking-kosmetykow.pl\/wp-content\/uploads\/2017\/12\/9c9d3f38014c8ab4d1df9965fe32afc0.jpg\" alt=\"\" width=\"453\" height=\"604\" srcset=\"https:\/\/neness.pl\/blog\/wp-content\/uploads\/2017\/12\/9c9d3f38014c8ab4d1df9965fe32afc0.jpg 750w, https:\/\/neness.pl\/blog\/wp-content\/uploads\/2017\/12\/9c9d3f38014c8ab4d1df9965fe32afc0-225x300.jpg 225w, https:\/\/neness.pl\/blog\/wp-content\/uploads\/2017\/12\/9c9d3f38014c8ab4d1df9965fe32afc0-610x813.jpg 610w\" sizes=\"auto, (max-width: 453px) 100vw, 453px\" \/><\/a><p id=\"caption-attachment-3895\" class=\"wp-caption-text\">Makeup Revolution Roz\u015bwietlaj\u0105ca Baza Professional Blur Primer \/ 28,90 z\u0142<\/p><\/div>\n<p>&nbsp;<\/p>\n<p>Je\u015bli posiadasz cer\u0119 <strong>such\u0105<\/strong>, si\u0119gnij po kremow\u0105 baz\u0119 nawil\u017caj\u0105c\u0105, kt\u00f3ra zapewni odpowiedni poziom nawil\u017cenia sk\u00f3ry przez ca\u0142y dzie\u0144 i sprawi, \u017ce suche sk\u00f3rki nie b\u0119d\u0105 tak widoczne.<\/p>\n","protected":false},"excerpt":{"rendered":"<p>Baza pod makija\u017c wci\u0105\u017c nie jest zbyt popularnym kosmetykiem. Cho\u0107 wi\u0119kszo\u015b\u0107 z nas makija\u017c wykonuje codziennie, to po ten typ kosmetyku si\u0119gamy bardzo rzadko. Co prawda\u00a0taki\u00a0produkt to dodatkowy krok w codziennym makija\u017cu, kt\u00f3ry jest ca\u0142kowicie opcjonalny, warto jednak rozwa\u017cy\u0107 jakie zalety niesie za sob\u0105 stosowanie bazy pod makija\u017c. Czy warto? Przeczytajcie. &nbsp; Baza to podstawa [&hellip;]<\/p>\n","protected":false},"author":2,"featured_media":1587,"comment_status":"open","ping_status":"open","sticky":false,"template":"","format":"standard","meta":{"_et_pb_use_builder":"","_et_pb_old_content":"","_et_gb_content_width":"","footnotes":""},"categories":[41],"tags":[],"class_list":["post-3887","post","type-post","status-publish","format-standard","has-post-thumbnail","hentry","category-olsniewaj-makijazem","et-has-post-format-content","et_post_format-et-post-format-standard"],"_links":{"self":[{"href":"https:\/\/neness.pl\/blog\/wp-json\/wp\/v2\/posts\/3887","targetHints":{"allow":["GET"]}}],"collection":[{"href":"https:\/\/neness.pl\/blog\/wp-json\/wp\/v2\/posts"}],"about":[{"href":"https:\/\/neness.pl\/blog\/wp-json\/wp\/v2\/types\/post"}],"author":[{"embeddable":true,"href":"https:\/\/neness.pl\/blog\/wp-json\/wp\/v2\/users\/2"}],"replies":[{"embeddable":true,"href":"https:\/\/neness.pl\/blog\/wp-json\/wp\/v2\/comments?post=3887"}],"version-history":[{"count":0,"href":"https:\/\/neness.pl\/blog\/wp-json\/wp\/v2\/posts\/3887\/revisions"}],"wp:featuredmedia":[{"embeddable":true,"href":"https:\/\/neness.pl\/blog\/wp-json\/wp\/v2\/media\/1587"}],"wp:attachment":[{"href":"https:\/\/neness.pl\/blog\/wp-json\/wp\/v2\/media?parent=3887"}],"wp:term":[{"taxonomy":"category","embeddable":true,"href":"https:\/\/neness.pl\/blog\/wp-json\/wp\/v2\/categories?post=3887"},{"taxonomy":"post_tag","embeddable":true,"href":"https:\/\/neness.pl\/blog\/wp-json\/wp\/v2\/tags?post=3887"}],"curies":[{"name":"wp","href":"https:\/\/api.w.org\/{rel}","templated":true}]}}