{"id":3860,"date":"2017-12-08T15:09:52","date_gmt":"2017-12-08T14:09:52","guid":{"rendered":"http:\/\/ranking-kosmetykow.pl\/?p=3860"},"modified":"2017-12-08T15:09:52","modified_gmt":"2017-12-08T14:09:52","slug":"jak-odmlodzic-sie-makijazem","status":"publish","type":"post","link":"https:\/\/neness.pl\/blog\/jak-odmlodzic-sie-makijazem\/","title":{"rendered":"Jak odm\u0142odzi\u0107 si\u0119 makija\u017cem?"},"content":{"rendered":"<p>Dobry makija\u017c powinien dodawa\u0107 nam urody, wygl\u0105da\u0107 naturalnie i sprawia\u0107, \u017ce dobrze b\u0119dziemy si\u0119 czu\u0107 we w\u0142asnej sk\u00f3rze. Jednak mo\u017cemy p\u00f3j\u015b\u0107 o krok dalej i umalowa\u0107 si\u0119 tak, by odj\u0105\u0107 sobie kilka lat. Wystarczy kilka sztuczek, dzi\u0119ki kt\u00f3rym nasz makija\u017c sprawi, \u017ce b\u0119dziemy wygl\u0105da\u0107 m\u0142odziej. Jak to zrobi\u0107? Przeczytajcie!<\/p>\n<p>&nbsp;<\/p>\n<h3>Zacznij od podk\u0142adu<\/h3>\n<p>Podstaw\u0105 makija\u017cu, kt\u00f3ry ma nas <strong>odm\u0142odzi\u0107<\/strong>, jest ukrycie niedoskona\u0142o\u015bci, kt\u00f3re najbardziej postarzaj\u0105. Dlatego przed przyst\u0105pieniem do malowania, na\u0142\u00f3\u017c na twarz krem nawil\u017caj\u0105cy, najlepiej taki, kt\u00f3ry b\u0119dzie mia\u0142 tak\u017ce dzia\u0142anie <strong>liftinguj\u0105ce<\/strong> i wyg\u0142adzaj\u0105ce zmarszczki. Na tak\u0105 baz\u0119 mo\u017cemy na\u0142o\u017cy\u0107 podk\u0142ad.<\/p>\n<p>&nbsp;<\/p>\n<div id=\"attachment_3863\" style=\"width: 516px\" class=\"wp-caption aligncenter\"><a href=\"https:\/\/neness.pl\/kosmetyki\/pielegnacja_twarzy\/kremy\/dermacol_bt_cell_krem_intensywnie_liftingujacy.html\"><img loading=\"lazy\" decoding=\"async\" aria-describedby=\"caption-attachment-3863\" class=\"wp-image-3863\" src=\"http:\/\/ranking-kosmetykow.pl\/wp-content\/uploads\/2017\/12\/766bc706b34dbc9f6ab144fe7c66dcd8.png\" alt=\"\" width=\"506\" height=\"675\" srcset=\"https:\/\/neness.pl\/blog\/wp-content\/uploads\/2017\/12\/766bc706b34dbc9f6ab144fe7c66dcd8.png 750w, https:\/\/neness.pl\/blog\/wp-content\/uploads\/2017\/12\/766bc706b34dbc9f6ab144fe7c66dcd8-225x300.png 225w, https:\/\/neness.pl\/blog\/wp-content\/uploads\/2017\/12\/766bc706b34dbc9f6ab144fe7c66dcd8-610x813.png 610w\" sizes=\"auto, (max-width: 506px) 100vw, 506px\" \/><\/a><p id=\"caption-attachment-3863\" class=\"wp-caption-text\">Dermacol BT Cell Krem Intensywnie Liftinguj\u0105cy \/<br \/> 39,90 z\u0142<\/p><\/div>\n<p>&nbsp;<\/p>\n<p>Postaraj si\u0119 wybra\u0107 odcie\u0144, kt\u00f3ry b\u0119dzie jak najlepiej dopasowany do koloru cery. <strong>Przebarwienia<\/strong>, <strong>plamki<\/strong> i <strong>rozszerzone<\/strong> <strong>naczynka<\/strong> zatuszuj korektorem. Jego odcie\u0144 dobierz tak samo, jak kolor podk\u0142adu.<\/p>\n<p>&nbsp;<\/p>\n<div id=\"attachment_3864\" style=\"width: 643px\" class=\"wp-caption aligncenter\"><a href=\"https:\/\/neness.pl\/kosmetyki\/twarz\/podklady_i_pudry\/dermacol_nawilzajacy_podklad_rozswietlajacy_sheer_face_illuminator_day_light.html\"><img loading=\"lazy\" decoding=\"async\" aria-describedby=\"caption-attachment-3864\" class=\"wp-image-3864 \" src=\"http:\/\/ranking-kosmetykow.pl\/wp-content\/uploads\/2017\/12\/738ede9444a7a33031730b1220c9bb8e.jpg\" alt=\"\" width=\"633\" height=\"844\" srcset=\"https:\/\/neness.pl\/blog\/wp-content\/uploads\/2017\/12\/738ede9444a7a33031730b1220c9bb8e.jpg 750w, https:\/\/neness.pl\/blog\/wp-content\/uploads\/2017\/12\/738ede9444a7a33031730b1220c9bb8e-225x300.jpg 225w, https:\/\/neness.pl\/blog\/wp-content\/uploads\/2017\/12\/738ede9444a7a33031730b1220c9bb8e-610x813.jpg 610w\" sizes=\"auto, (max-width: 633px) 100vw, 633px\" \/><\/a><p id=\"caption-attachment-3864\" class=\"wp-caption-text\">Dermacol Nawil\u017caj\u0105cy Podk\u0142ad Roz\u015bwietlaj\u0105cy Sheer Face Illuminator Day Light \/<br \/> 34,20 z\u0142<\/p><\/div>\n<p>&nbsp;<\/p>\n<p>Aby zatuszowa\u0107 zmarszczki mimiczne, u\u017cyj <strong>korektora<\/strong> o w\u0142a\u015bciwo\u015bciach <strong>roz\u015bwietlaj\u0105cych<\/strong>. Drobinki w nim zawarte b\u0119d\u0105 odbija\u0107 \u015bwiat\u0142o, a dzi\u0119ki temu za\u0142amania na sk\u00f3rze b\u0119d\u0105 wydawa\u0107 si\u0119 p\u0142ytsze. Cienie pod oczami najlepiej zamaskuje produkt z \u017c\u00f3\u0142tawym pigmentem.<\/p>\n<p>&nbsp;<\/p>\n<h3>Mu\u015bnij twarz bronzerem<\/h3>\n<p>Si\u0119gnij po <strong>bronzer<\/strong>, ale wybierz taki, kt\u00f3ry tak\u017ce b\u0119dzie mia\u0142 w\u0142a\u015bciwo\u015bci roz\u015bwietlaj\u0105ce. Nie konturuj wyra\u017anie twarz. Wystarczy, \u017ce tego typu produktem zaakcentujesz ko\u015bci policzkowe, skronie, brod\u0119 i nos \u2013 tam, gdzie zazwyczaj padaj\u0105 promienie s\u0142oneczne. Na policzki na\u0142\u00f3\u017c natomiast niewielk\u0105 ilo\u015b\u0107 <strong>r\u00f3\u017cu<\/strong> w kolorze r\u00f3\u017cowo-brzoskwiniowym. Doda twarzy \u015bwie\u017co\u015bci i optycznie odm\u0142odzi cer\u0119.<\/p>\n<p><span style=\"color: #ffffff;\">.<\/span><\/p>\n<div id=\"attachment_3480\" style=\"width: 617px\" class=\"wp-caption aligncenter\"><img loading=\"lazy\" decoding=\"async\" aria-describedby=\"caption-attachment-3480\" class=\" wp-image-3480\" src=\"http:\/\/ranking-kosmetykow.pl\/wp-content\/uploads\/2017\/10\/a1ff5596af7f713492d58d5ff348b21a.png\" alt=\"\" width=\"607\" height=\"809\" srcset=\"https:\/\/neness.pl\/blog\/wp-content\/uploads\/2017\/10\/a1ff5596af7f713492d58d5ff348b21a.png 750w, https:\/\/neness.pl\/blog\/wp-content\/uploads\/2017\/10\/a1ff5596af7f713492d58d5ff348b21a-225x300.png 225w, https:\/\/neness.pl\/blog\/wp-content\/uploads\/2017\/10\/a1ff5596af7f713492d58d5ff348b21a-610x813.png 610w\" sizes=\"auto, (max-width: 607px) 100vw, 607px\" \/><p id=\"caption-attachment-3480\" class=\"wp-caption-text\">Dermacol 03 Mineralny R\u00f3\u017c Prasowany DUO BLUSHER \/<br \/>17,50 z\u0142<\/p><\/div>\n<h3><span style=\"color: #ffffff;\">.<\/span><\/h3>\n<h3>Zaakcentuj oko<\/h3>\n<p>Do makija\u017cu oczu wybierz cienie w <strong>neutralnych<\/strong> kolorach, na przyk\u0142ad w odcieniach be\u017cu i br\u0105zu. Mo\u017cesz si\u0119gn\u0105\u0107 tak\u017ce po cie\u0144 o per\u0142owym wyko\u0144czeniu. Zrezygnuj te\u017c z ostro wyrysowanej kreski eyelinerem. Je\u015bli jednak nie wyobra\u017casz sobie makija\u017cu bez kreski na powiece, si\u0119gnij po kredk\u0119, a narysowan\u0105 lini\u0119 delikatnie rozetrzyj, by nada\u0107 jej mi\u0119kko\u015bci.<\/p>\n<p>&nbsp;<\/p>\n<div id=\"attachment_3865\" style=\"width: 657px\" class=\"wp-caption aligncenter\"><a href=\"https:\/\/neness.pl\/kosmetyki\/oczy\/cienie_do_powiek\/w7_major_matte_paletka_matowych_cieni.html\"><img loading=\"lazy\" decoding=\"async\" aria-describedby=\"caption-attachment-3865\" class=\" wp-image-3865\" src=\"http:\/\/ranking-kosmetykow.pl\/wp-content\/uploads\/2017\/12\/c59f7de1669b4f8acd618466d990d6a5.jpg\" alt=\"\" width=\"647\" height=\"863\" srcset=\"https:\/\/neness.pl\/blog\/wp-content\/uploads\/2017\/12\/c59f7de1669b4f8acd618466d990d6a5.jpg 750w, https:\/\/neness.pl\/blog\/wp-content\/uploads\/2017\/12\/c59f7de1669b4f8acd618466d990d6a5-225x300.jpg 225w, https:\/\/neness.pl\/blog\/wp-content\/uploads\/2017\/12\/c59f7de1669b4f8acd618466d990d6a5-610x813.jpg 610w\" sizes=\"auto, (max-width: 647px) 100vw, 647px\" \/><\/a><p id=\"caption-attachment-3865\" class=\"wp-caption-text\">W7 Major Matte Paletka Matowych Cieni \/<br \/>17,90 z\u0142<\/p><\/div>\n<p>&nbsp;<\/p>\n<p>Podkre\u015bl tak\u017ce brwi cieniem lub mi\u0119kk\u0105 <strong>kredk\u0105<\/strong>. Nie powinny by\u0107 zbyt mocno wyrysowane, bo dodadz\u0105 twarzy ostro\u015bci, warto jednak delikatnie je podkre\u015bli\u0107.<\/p>\n<p>Rz\u0119sy umaluj <strong>tuszem<\/strong> w kolorze dobranym do rodzaju urody. Nie b\u00f3j si\u0119 si\u0119gn\u0105\u0107 po tusz <strong>br\u0105zowy<\/strong> lub <strong>grafitowy<\/strong>. Na <strong>lini\u0119<\/strong> <strong>wodn\u0105<\/strong> na\u0142\u00f3\u017c kredk\u0119 w kolorze <strong>cielistym<\/strong>, kt\u00f3ra optycznie powi\u0119kszy i otworzy oko.<\/p>\n<h3>\u00a0<span style=\"color: #ffffff;\">.<\/span><\/h3>\n<h3>B\u0142yszczyk czy pomadka?<\/h3>\n<p>Cho\u0107 panie zazwyczaj decyduj\u0105 si\u0119 na malowanie ust pomadk\u0105, warto si\u0119gn\u0105\u0107 tak\u017ce po <strong>b\u0142yszczyk<\/strong>. Je\u017celi nie chcesz rezygnowa\u0107 ze szminki, wybierz odcie\u0144 r\u00f3\u017cowobe\u017cowy, taki kt\u00f3ry dobrze b\u0119dzie wsp\u00f3\u0142gra\u0142 z odcieniem karnacji. Pami\u0119taj, \u017ce <strong>ciemne<\/strong> <strong>szminki<\/strong> sprawiaj\u0105, \u017ce usta wydaj\u0105 si\u0119 w\u0119\u017csze i nadaj\u0105 im zaci\u0119ty wyraz, kt\u00f3ry mo\u017ce dodawa\u0107 lat.<\/p>\n<p>&nbsp;<\/p>\n<div id=\"attachment_3866\" style=\"width: 672px\" class=\"wp-caption aligncenter\"><a href=\"https:\/\/neness.pl\/kosmetyki\/usta\/szminki\/nyx_velvet_matte_lipstick_matowa_szminka_06_soft_femme.html\"><img loading=\"lazy\" decoding=\"async\" aria-describedby=\"caption-attachment-3866\" class=\" wp-image-3866\" src=\"http:\/\/ranking-kosmetykow.pl\/wp-content\/uploads\/2017\/12\/753107b310c11baad42856e1f54f468f.jpg\" alt=\"\" width=\"662\" height=\"883\" srcset=\"https:\/\/neness.pl\/blog\/wp-content\/uploads\/2017\/12\/753107b310c11baad42856e1f54f468f.jpg 750w, https:\/\/neness.pl\/blog\/wp-content\/uploads\/2017\/12\/753107b310c11baad42856e1f54f468f-225x300.jpg 225w, https:\/\/neness.pl\/blog\/wp-content\/uploads\/2017\/12\/753107b310c11baad42856e1f54f468f-610x813.jpg 610w\" sizes=\"auto, (max-width: 662px) 100vw, 662px\" \/><\/a><p id=\"caption-attachment-3866\" class=\"wp-caption-text\">NYX Velvet Matte Lipstick Matowa Szminka \/ 19,49 z\u0142<\/p><\/div>\n","protected":false},"excerpt":{"rendered":"<p>Dobry makija\u017c powinien dodawa\u0107 nam urody, wygl\u0105da\u0107 naturalnie i sprawia\u0107, \u017ce dobrze b\u0119dziemy si\u0119 czu\u0107 we w\u0142asnej sk\u00f3rze. Jednak mo\u017cemy p\u00f3j\u015b\u0107 o krok dalej i umalowa\u0107 si\u0119 tak, by odj\u0105\u0107 sobie kilka lat. Wystarczy kilka sztuczek, dzi\u0119ki kt\u00f3rym nasz makija\u017c sprawi, \u017ce b\u0119dziemy wygl\u0105da\u0107 m\u0142odziej. Jak to zrobi\u0107? Przeczytajcie! &nbsp; Zacznij od podk\u0142adu Podstaw\u0105 makija\u017cu, [&hellip;]<\/p>\n","protected":false},"author":2,"featured_media":3861,"comment_status":"open","ping_status":"open","sticky":false,"template":"","format":"standard","meta":{"_et_pb_use_builder":"","_et_pb_old_content":"","_et_gb_content_width":"","footnotes":""},"categories":[41],"tags":[],"class_list":["post-3860","post","type-post","status-publish","format-standard","has-post-thumbnail","hentry","category-olsniewaj-makijazem","et-has-post-format-content","et_post_format-et-post-format-standard"],"_links":{"self":[{"href":"https:\/\/neness.pl\/blog\/wp-json\/wp\/v2\/posts\/3860","targetHints":{"allow":["GET"]}}],"collection":[{"href":"https:\/\/neness.pl\/blog\/wp-json\/wp\/v2\/posts"}],"about":[{"href":"https:\/\/neness.pl\/blog\/wp-json\/wp\/v2\/types\/post"}],"author":[{"embeddable":true,"href":"https:\/\/neness.pl\/blog\/wp-json\/wp\/v2\/users\/2"}],"replies":[{"embeddable":true,"href":"https:\/\/neness.pl\/blog\/wp-json\/wp\/v2\/comments?post=3860"}],"version-history":[{"count":0,"href":"https:\/\/neness.pl\/blog\/wp-json\/wp\/v2\/posts\/3860\/revisions"}],"wp:featuredmedia":[{"embeddable":true,"href":"https:\/\/neness.pl\/blog\/wp-json\/wp\/v2\/media\/3861"}],"wp:attachment":[{"href":"https:\/\/neness.pl\/blog\/wp-json\/wp\/v2\/media?parent=3860"}],"wp:term":[{"taxonomy":"category","embeddable":true,"href":"https:\/\/neness.pl\/blog\/wp-json\/wp\/v2\/categories?post=3860"},{"taxonomy":"post_tag","embeddable":true,"href":"https:\/\/neness.pl\/blog\/wp-json\/wp\/v2\/tags?post=3860"}],"curies":[{"name":"wp","href":"https:\/\/api.w.org\/{rel}","templated":true}]}}