{"id":3835,"date":"2017-12-05T11:16:24","date_gmt":"2017-12-05T10:16:24","guid":{"rendered":"http:\/\/ranking-kosmetykow.pl\/?p=3835"},"modified":"2017-12-05T11:16:24","modified_gmt":"2017-12-05T10:16:24","slug":"nie-rob-tego-w-domu-czyli-triki-ktorych-nie-polecamy","status":"publish","type":"post","link":"https:\/\/neness.pl\/blog\/nie-rob-tego-w-domu-czyli-triki-ktorych-nie-polecamy\/","title":{"rendered":"Nie r\u00f3b tego w domu \u2013 czyli triki, kt\u00f3rych nie polecamy"},"content":{"rendered":"<p>Internet pe\u0142en jest dobrych rad, a na forach bardzo cz\u0119sto mo\u017cemy znale\u017a\u0107 mn\u00f3stwo informacji na temat skutecznych trik\u00f3w urodowych, kt\u00f3re pomog\u0105 nam zadba\u0107 o w\u0142osy, sk\u00f3r\u0119 lub paznokcie, albo u\u0142atwi\u0105 codzienne wykonywanie makija\u017c. Jednak wbrew pozorom, nie wszystkim takim \u201ez\u0142otym\u201d radom warto ufa\u0107. Niekt\u00f3re z nich po prostu nie dzia\u0142aj\u0105, a mog\u0105 by\u0107 wr\u0119cz niebezpieczne.<\/p>\n<p>&nbsp;<\/p>\n<h3>Pasta do z\u0119b\u00f3w na niedoskona\u0142o\u015bci<\/h3>\n<p>Na pewno ka\u017cda z nas s\u0142ysza\u0142a o wielu skutecznych sposobach na szybkie pozbycie si\u0119 niedoskona\u0142o\u015bci. Jednym z nich jest ju\u017c s\u0142ynna metoda na <strong>past\u0119<\/strong> <strong>do<\/strong> <strong>z\u0119b\u00f3w<\/strong>, kt\u00f3r\u0105 nale\u017cy na noc punktowo na\u0142o\u017cy\u0107 na wypryski. My jednak nie polecamy tego triku. Zawarte w pa\u015bcie do z\u0119b\u00f3w substancje <strong>mog\u0105 podra\u017cni\u0107<\/strong> sk\u00f3r\u0119, a przykryte past\u0105 krostki nie maj\u0105 szansy si\u0119 zregenerowa\u0107, co mo\u017ce prowadzi\u0107 do powstawania na sk\u00f3rze przebarwie\u0144. W tym wypadku zdecydowanie lepiej si\u0119gn\u0105\u0107 po tani\u0105 i sprawdzon\u0105 ma\u015b\u0107 cynkow\u0105 z apteki.<\/p>\n<p>&nbsp;<\/p>\n<div id=\"attachment_2171\" style=\"width: 1034px\" class=\"wp-caption aligncenter\"><img loading=\"lazy\" decoding=\"async\" aria-describedby=\"caption-attachment-2171\" class=\"size-large wp-image-2171\" src=\"http:\/\/ranking-kosmetykow.pl\/wp-content\/uploads\/2017\/04\/Fotolia_139374544_Subscription_XXL-1024x683.jpg\" alt=\"\" width=\"1024\" height=\"683\" \/><p id=\"caption-attachment-2171\" class=\"wp-caption-text\">fotolia.com, 139374544 | Autor: nelen.ru<\/p><\/div>\n<p>&nbsp;<\/p>\n<h3>Lakier do w\u0142os\u00f3w jako utrwalacz makija\u017cu<\/h3>\n<p>W internecie mo\u017cemy znale\u017a\u0107 mn\u00f3stwo informacji na temat tego, \u017ce <strong>lakierem<\/strong> <strong>do<\/strong> <strong>w\u0142os\u00f3w<\/strong> mo\u017cemy zast\u0105pi\u0107 utrwalaj\u0105cy sprej do makija\u017cu. No c\u00f3\u017c\u2026 By\u0107 mo\u017ce faktycznie lakier do w\u0142os\u00f3w przed\u0142u\u017cy trwa\u0142o\u015b\u0107 naszego makija\u017cu, ale przy okazji sprawi, \u017ce nasza <strong>sk\u00f3ra<\/strong> <strong>nie<\/strong> <strong>b\u0119dzie<\/strong> <strong>mog\u0142a<\/strong> <strong>oddycha\u0107<\/strong>, co prawdopodobnie sko\u0144czy si\u0119 zapchanymi porami i wysypem niedoskona\u0142o\u015bci. Ponadto lakier do w\u0142os\u00f3w zawiera substancje, kt\u00f3re mog\u0105 podra\u017cni\u0107 delikatn\u0105 sk\u00f3r\u0119 twarzy.<\/p>\n<p>&nbsp;<\/p>\n<h3>Podpalanie ko\u0144c\u00f3wek w\u0142os\u00f3w<\/h3>\n<p>Jaki\u015b czas temu sie\u0107 obieg\u0142 filmik, na kt\u00f3rym fryzjer zamiast tradycyjnie \u015bci\u0105\u0107 zniszczone ko\u0144c\u00f3wki no\u017cyczkami, zwija poszczeg\u00f3lne pasma wok\u00f3\u0142 w\u0142asnej osi, a odstaj\u0105ce pojedyncze zniszczone ko\u0144c\u00f3wki <strong>opala<\/strong> zapalniczk\u0105. Ju\u017c sam pomys\u0142 wydaje si\u0119 nam co najmniej dziwny, nie wspominaj\u0105c o zapachu palonych w\u0142os\u00f3w. Nawet je\u015bli ten trik faktycznie ma szans\u0119 powodzenia, <strong>nie<\/strong> <strong>r\u00f3bmy<\/strong> <strong>tego<\/strong> <strong>w<\/strong> <strong>domu<\/strong>! Taki zabieg powinien wykonywa\u0107 tylko i wy\u0142\u0105cznie do\u015bwiadczony fryzjer. W domu mo\u017cemy zafundowa\u0107 sobie co najwy\u017cej powa\u017cne <strong>poparzenia<\/strong> i <strong>uszkodzenia<\/strong> sk\u00f3ry i w\u0142os\u00f3w.<\/p>\n<p>&nbsp;<\/p>\n<div id=\"attachment_2501\" style=\"width: 1034px\" class=\"wp-caption aligncenter\"><img loading=\"lazy\" decoding=\"async\" aria-describedby=\"caption-attachment-2501\" class=\"size-large wp-image-2501\" src=\"http:\/\/ranking-kosmetykow.pl\/wp-content\/uploads\/2017\/06\/Fotolia_100217132_Subscription_XXL-1024x790.jpg\" alt=\"\" width=\"1024\" height=\"790\" \/><p id=\"caption-attachment-2501\" class=\"wp-caption-text\">fotolia.com, #100217132 | Autor: zea_lenanet<\/p><\/div>\n<p>&nbsp;<\/p>\n<h3>Aplikowanie kredki lub eyelinera na zalotk\u0119<\/h3>\n<p>Podobno na\u0142o\u017cenie <strong>kredki<\/strong> lub eyelinera <strong>na<\/strong> <strong>kraw\u0119d\u017a<\/strong> <strong>zalotki<\/strong>, dzi\u0119ki czemu podczas podkr\u0119cania na powiekach kosmetyk odbije si\u0119 i pozostawi idealn\u0105 kresk\u0119 wzd\u0142u\u017c linii rz\u0119s. Niestety w tym wypadku ten trik po prostu nie dzia\u0142a. Kredka nie przenosi si\u0119 na sk\u00f3r\u0119, a je\u015bli ju\u017c to narysowana ni\u0105 kreska wcale nie wygl\u0105da dobrze.<\/p>\n<p>&nbsp;<\/p>\n<div id=\"attachment_3839\" style=\"width: 1010px\" class=\"wp-caption aligncenter\"><img loading=\"lazy\" decoding=\"async\" aria-describedby=\"caption-attachment-3839\" class=\"size-full wp-image-3839\" src=\"http:\/\/ranking-kosmetykow.pl\/wp-content\/uploads\/2017\/12\/Fotolia_140223091_Subscription_XXL.jpg\" alt=\"\" width=\"1000\" height=\"666\" srcset=\"https:\/\/neness.pl\/blog\/wp-content\/uploads\/2017\/12\/Fotolia_140223091_Subscription_XXL.jpg 1000w, https:\/\/neness.pl\/blog\/wp-content\/uploads\/2017\/12\/Fotolia_140223091_Subscription_XXL-300x200.jpg 300w, https:\/\/neness.pl\/blog\/wp-content\/uploads\/2017\/12\/Fotolia_140223091_Subscription_XXL-768x511.jpg 768w, https:\/\/neness.pl\/blog\/wp-content\/uploads\/2017\/12\/Fotolia_140223091_Subscription_XXL-610x406.jpg 610w\" sizes=\"auto, (max-width: 1000px) 100vw, 1000px\" \/><p id=\"caption-attachment-3839\" class=\"wp-caption-text\">fotolia.com, #140223091 | Autor: deniskomarov<\/p><\/div>\n<p>&nbsp;<\/p>\n<h3>Zbyt cz\u0119ste lub zbyt intensywne z\u0142uszczanie<\/h3>\n<p>Bardzo cz\u0119sto powtarzamy, jak wa\u017cne w piel\u0119gnacji cery i cia\u0142a jest regularne <strong>z\u0142uszczanie<\/strong> martwego nask\u00f3rka. Jednak pami\u0119tajmy, \u017ce <strong>nie nale\u017cy robi\u0107 tego zbyt cz\u0119sto<\/strong>. Jeden lub dwa razy w tygodniu to zdecydowanie wystarczaj\u0105ca ilo\u015b\u0107, by nasza sk\u00f3ra by\u0142a zdrowa i wygl\u0105da\u0142a promiennie.<\/p>\n<p>Jeszcze wi\u0119ksz\u0105 ostro\u017cno\u015b\u0107 powinni\u015bmy zachowa\u0107, je\u015bli chcemy sami w domu z\u0142uszcza\u0107 nask\u00f3rek za pomoc\u0105 <strong>kwas\u00f3w<\/strong>. Zbyt cz\u0119ste lub stosowanie zbyt du\u017cego st\u0119\u017cenia kwas\u00f3w mo\u017ce nie tylko nie poprawi\u0107 stanu naszej cery, ale wr\u0119cz wywo\u0142a\u0107 chemiczne oparzenia. Taki zabiegi najbezpieczniej jest wykonywa\u0107 <strong>w profesjonalnym gabinecie kosmetycznym.<\/strong><\/p>\n","protected":false},"excerpt":{"rendered":"<p>Internet pe\u0142en jest dobrych rad, a na forach bardzo cz\u0119sto mo\u017cemy znale\u017a\u0107 mn\u00f3stwo informacji na temat skutecznych trik\u00f3w urodowych, kt\u00f3re pomog\u0105 nam zadba\u0107 o w\u0142osy, sk\u00f3r\u0119 lub paznokcie, albo u\u0142atwi\u0105 codzienne wykonywanie makija\u017c. Jednak wbrew pozorom, nie wszystkim takim \u201ez\u0142otym\u201d radom warto ufa\u0107. Niekt\u00f3re z nich po prostu nie dzia\u0142aj\u0105, a mog\u0105 by\u0107 wr\u0119cz niebezpieczne. [&hellip;]<\/p>\n","protected":false},"author":2,"featured_media":3838,"comment_status":"open","ping_status":"open","sticky":false,"template":"","format":"standard","meta":{"_et_pb_use_builder":"","_et_pb_old_content":"","_et_gb_content_width":"","footnotes":""},"categories":[185,41],"tags":[],"class_list":["post-3835","post","type-post","status-publish","format-standard","has-post-thumbnail","hentry","category-codzienna-pielegnacja","category-olsniewaj-makijazem","et-has-post-format-content","et_post_format-et-post-format-standard"],"_links":{"self":[{"href":"https:\/\/neness.pl\/blog\/wp-json\/wp\/v2\/posts\/3835","targetHints":{"allow":["GET"]}}],"collection":[{"href":"https:\/\/neness.pl\/blog\/wp-json\/wp\/v2\/posts"}],"about":[{"href":"https:\/\/neness.pl\/blog\/wp-json\/wp\/v2\/types\/post"}],"author":[{"embeddable":true,"href":"https:\/\/neness.pl\/blog\/wp-json\/wp\/v2\/users\/2"}],"replies":[{"embeddable":true,"href":"https:\/\/neness.pl\/blog\/wp-json\/wp\/v2\/comments?post=3835"}],"version-history":[{"count":0,"href":"https:\/\/neness.pl\/blog\/wp-json\/wp\/v2\/posts\/3835\/revisions"}],"wp:featuredmedia":[{"embeddable":true,"href":"https:\/\/neness.pl\/blog\/wp-json\/wp\/v2\/media\/3838"}],"wp:attachment":[{"href":"https:\/\/neness.pl\/blog\/wp-json\/wp\/v2\/media?parent=3835"}],"wp:term":[{"taxonomy":"category","embeddable":true,"href":"https:\/\/neness.pl\/blog\/wp-json\/wp\/v2\/categories?post=3835"},{"taxonomy":"post_tag","embeddable":true,"href":"https:\/\/neness.pl\/blog\/wp-json\/wp\/v2\/tags?post=3835"}],"curies":[{"name":"wp","href":"https:\/\/api.w.org\/{rel}","templated":true}]}}