{"id":3804,"date":"2017-12-01T12:22:06","date_gmt":"2017-12-01T11:22:06","guid":{"rendered":"http:\/\/ranking-kosmetykow.pl\/?p=3804"},"modified":"2017-12-01T12:22:06","modified_gmt":"2017-12-01T11:22:06","slug":"nie-tylko-w-kawie-kofeina-w-kosmetykach","status":"publish","type":"post","link":"https:\/\/neness.pl\/blog\/nie-tylko-w-kawie-kofeina-w-kosmetykach\/","title":{"rendered":"Nie tylko w kawie \u2013 kofeina w kosmetykach"},"content":{"rendered":"<p>Ma\u0142o kto wyobra\u017ca sobie rozpocz\u0119cie dnia bez porannej dawki kofeiny. Jednak jej pobudzaj\u0105ce w\u0142a\u015bciwo\u015bci spowodowa\u0142y, \u017ce bardzo ch\u0119tnie jest ona wykorzystywana tak\u017ce przez producent\u00f3w kosmetyk\u00f3w i dodawana do wielu produkt\u00f3w, kt\u00f3rych zadaniem jest piel\u0119gnacja naszej sk\u00f3ry. Co robi\u0105 kosmetyki z kofein\u0105 i kiedy warto po nie si\u0119ga\u0107?<\/p>\n<p>&nbsp;<\/p>\n<h3>W\u0142a\u015bciwo\u015bci kofeiny<\/h3>\n<p><strong>Kofeina<\/strong>, kt\u00f3r\u0105 znale\u017a\u0107 mo\u017cemy mi\u0119dzy innymi w kawie i herbacie, poza dzia\u0142aniem <strong>pobudzaj\u0105cym<\/strong>, ma tak\u017ce inne w\u0142a\u015bciwo\u015bci, kt\u00f3re \u015bwietnie sprawdzaj\u0105 si\u0119 jako <strong>sk\u0142adnik<\/strong> <strong>kosmetyk\u00f3w<\/strong>. Dzia\u0142a ona <strong>przeciwzapalnie<\/strong>, <strong>antybakteryjnie<\/strong>, a tak\u017ce <strong>pomaga<\/strong> <strong>usuwa\u0107<\/strong> <strong>z organizmu<\/strong> <strong>toksyny<\/strong>. Opr\u00f3cz tego wykazuje tak\u017ce dzia\u0142anie <strong>antystresowe<\/strong> i <strong>rozja\u015bnia<\/strong> sk\u00f3r\u0119. Dzi\u0119ki tym cechom kofein\u0119 stosuje si\u0119 w kosmetykach r\u00f3\u017cnego rodzaju, na przyk\u0142ad przeciwzmarszczkowych, \u0142agodz\u0105cych, a nawet przeciws\u0142onecznych.<\/p>\n<p>&nbsp;<\/p>\n<div id=\"attachment_3807\" style=\"width: 520px\" class=\"wp-caption aligncenter\"><a href=\"https:\/\/neness.pl\/kosmetyki\/pielegnacja_ciala\/pielegnacja_dloni\/dermacol_aroma_ritual_mydlo_do_rak_irish_coffee.html\"><img loading=\"lazy\" decoding=\"async\" aria-describedby=\"caption-attachment-3807\" class=\"size-full wp-image-3807\" src=\"http:\/\/ranking-kosmetykow.pl\/wp-content\/uploads\/2017\/12\/ee95d110bdfbe999a44595f744af65de.jpg\" alt=\"\" width=\"510\" height=\"680\" srcset=\"https:\/\/neness.pl\/blog\/wp-content\/uploads\/2017\/12\/ee95d110bdfbe999a44595f744af65de.jpg 510w, https:\/\/neness.pl\/blog\/wp-content\/uploads\/2017\/12\/ee95d110bdfbe999a44595f744af65de-225x300.jpg 225w\" sizes=\"auto, (max-width: 510px) 100vw, 510px\" \/><\/a><p id=\"caption-attachment-3807\" class=\"wp-caption-text\">Dermacol Aroma Ritual Myd\u0142o do R\u0105k Irish Coffee \/<br \/>11,90 z\u0142<\/p><\/div>\n<p><span style=\"color: #ffffff;\">.<\/span><\/p>\n<h3><\/h3>\n<h3><span style=\"color: #ffffff;\">.<\/span><\/h3>\n<h3>Piel\u0119gnacja w\u0142os\u00f3w<\/h3>\n<p>Kofein\u0119 cz\u0119sto mo\u017cemy znale\u017a\u0107 w szamponach do w\u0142os\u00f3w. Jej dodatek dzia\u0142a bowiem <strong>stymuluj\u0105co<\/strong> na cebulki w\u0142osowe i aktywuje ich czynniki wzrostu. Dlatego te\u017c szampony z jej dodatkiem s\u0105 szczeg\u00f3lnie polecane osobom, kt\u00f3re zmagaj\u0105 si\u0119 z nadmiernym wypadaniem w\u0142os\u00f3w, na przyk\u0142ad na skutek zaburze\u0144 hormonalnych. Badania wykaza\u0142y, \u017ce kofeina zmniejsza niekorzystny wp\u0142yw hormon\u00f3w stresu na cebulki w\u0142os\u00f3w, a co za tym idzie, pomaga <strong>ograniczy\u0107<\/strong> ich <strong>wypadanie<\/strong>. Pami\u0119tajmy jednak, \u017ce szampony i od\u017cywki tego typu wymagaj\u0105 regularnego, codziennego stosowania, bo kofeina usuwana jest ze struktury w\u0142osa ju\u017c po 24 godzinach.<\/p>\n<p>&nbsp;<\/p>\n<div id=\"attachment_3808\" style=\"width: 760px\" class=\"wp-caption aligncenter\"><a href=\"https:\/\/neness.pl\/kosmetyki\/pielegnacja_ciala\/pielegnacja_dloni\/dermacol_aroma_ritual_krem_do_rak_irish_coffee_hand_cream.html\"><img loading=\"lazy\" decoding=\"async\" aria-describedby=\"caption-attachment-3808\" class=\"wp-image-3808 size-full\" src=\"http:\/\/ranking-kosmetykow.pl\/wp-content\/uploads\/2017\/12\/1984e121ecf7057804d99c902f69fc37.jpg\" alt=\"\" width=\"750\" height=\"1000\" srcset=\"https:\/\/neness.pl\/blog\/wp-content\/uploads\/2017\/12\/1984e121ecf7057804d99c902f69fc37.jpg 750w, https:\/\/neness.pl\/blog\/wp-content\/uploads\/2017\/12\/1984e121ecf7057804d99c902f69fc37-225x300.jpg 225w, https:\/\/neness.pl\/blog\/wp-content\/uploads\/2017\/12\/1984e121ecf7057804d99c902f69fc37-610x813.jpg 610w\" sizes=\"auto, (max-width: 750px) 100vw, 750px\" \/><\/a><p id=\"caption-attachment-3808\" class=\"wp-caption-text\">Dermacol Aroma Ritual Balsam do Cia\u0142a Irish Coffee Body Lotion \/ 15,90 z\u0142<\/p><\/div>\n<p>&nbsp;<\/p>\n<h3><\/h3>\n<p><span style=\"color: #ffffff;\">.<\/span><\/p>\n<h3>W walce z cellulitem<\/h3>\n<p>Kofeina to bardzo popularny sk\u0142adnik kosmetyk\u00f3w \u2013 szczeg\u00f3lnie <strong>balsam\u00f3w<\/strong> i <strong>krem\u00f3w<\/strong> <strong>do<\/strong> <strong>cia\u0142a<\/strong>, kt\u00f3rych zadaniem jest walka z problemem sk\u00f3rki pomara\u0144czowej. Poprawia ona kr\u0105\u017cenie krwi, pomaga <strong>redukowa\u0107<\/strong> tkank\u0119 t\u0142uszczow\u0105 i hamuje powstawanie nowych kom\u00f3rek t\u0142uszczowych w tkankach. Dzia\u0142a tak\u017ce <strong>pobudzaj\u0105co<\/strong> na metabolizm. Wi\u0119cej <a href=\"http:\/\/ranking-kosmetykow.pl\/2017\/11\/10\/jak-walczyc-z-cellulitem\/\">o walce z cellulitem<\/a> pisali\u015bmy w jednym z naszych poprzednich artyku\u0142\u00f3w. Wspominali\u015bmy tam r\u00f3wnie\u017c o domowych sposobach walki ze sk\u00f3rk\u0105 pomara\u0144czow\u0105.<\/p>\n<p>&nbsp;<\/p>\n<div id=\"attachment_3809\" style=\"width: 760px\" class=\"wp-caption aligncenter\"><a href=\"https:\/\/neness.pl\/kosmetyki\/pielegnacja_ciala\/peelingi\/dermacol_wyszczuplajacy_peeling_body_scrub_aroma_ritual_irish_coffee.html\"><img loading=\"lazy\" decoding=\"async\" aria-describedby=\"caption-attachment-3809\" class=\"size-full wp-image-3809\" src=\"http:\/\/ranking-kosmetykow.pl\/wp-content\/uploads\/2017\/12\/9ebcf073ccf50bdbba9f65bb3d56dea8.jpg\" alt=\"\" width=\"750\" height=\"1000\" srcset=\"https:\/\/neness.pl\/blog\/wp-content\/uploads\/2017\/12\/9ebcf073ccf50bdbba9f65bb3d56dea8.jpg 750w, https:\/\/neness.pl\/blog\/wp-content\/uploads\/2017\/12\/9ebcf073ccf50bdbba9f65bb3d56dea8-225x300.jpg 225w, https:\/\/neness.pl\/blog\/wp-content\/uploads\/2017\/12\/9ebcf073ccf50bdbba9f65bb3d56dea8-610x813.jpg 610w\" sizes=\"auto, (max-width: 750px) 100vw, 750px\" \/><\/a><p id=\"caption-attachment-3809\" class=\"wp-caption-text\">Dermacol Wyszczuplaj\u0105cy Peeling Body Scrub Aroma Ritual Irish Coffee \/<br \/>19,90 z\u0142<\/p><\/div>\n<p>&nbsp;<\/p>\n<h3><span style=\"color: #ffffff;\">.<\/span><\/h3>\n<h3>Kofeina pod oczy i do twarzy<\/h3>\n<p>Kofeina to tak\u017ce cz\u0119sty dodatek do kosmetyk\u00f3w przeznaczonych do <strong>piel\u0119gnacji<\/strong> <strong>twarzy<\/strong>. W tego typu produktach wykorzystywane jest jej dzia\u0142anie antybakteryjne i przeciwzapalne, kt\u00f3re pomaga zwalcza\u0107 <strong>niedoskona\u0142o\u015bci<\/strong> sk\u00f3ry i wspomaga walk\u0119 z wypryskami. Jednak to nie jedyne jej zastosowanie.<\/p>\n<p>&nbsp;<\/p>\n<div id=\"attachment_3810\" style=\"width: 760px\" class=\"wp-caption aligncenter\"><a href=\"https:\/\/neness.pl\/kosmetyki\/pielegnacja_ciala\/balsamy_do_ciala\/dermacol_aroma_ritual_balsam_do_ciala_irish_coffee_body_lotion.html\"><img loading=\"lazy\" decoding=\"async\" aria-describedby=\"caption-attachment-3810\" class=\"wp-image-3810 size-full\" src=\"http:\/\/ranking-kosmetykow.pl\/wp-content\/uploads\/2017\/12\/3f744a9846fec85d46e5ea9c22233ae3.jpg\" alt=\"\" width=\"750\" height=\"1000\" srcset=\"https:\/\/neness.pl\/blog\/wp-content\/uploads\/2017\/12\/3f744a9846fec85d46e5ea9c22233ae3.jpg 750w, https:\/\/neness.pl\/blog\/wp-content\/uploads\/2017\/12\/3f744a9846fec85d46e5ea9c22233ae3-225x300.jpg 225w, https:\/\/neness.pl\/blog\/wp-content\/uploads\/2017\/12\/3f744a9846fec85d46e5ea9c22233ae3-610x813.jpg 610w\" sizes=\"auto, (max-width: 750px) 100vw, 750px\" \/><\/a><p id=\"caption-attachment-3810\" class=\"wp-caption-text\">Dermacol Aroma Ritual Krem do R\u0105k Irish Coffee Hand Cream \/ 12,50 z\u0142<\/p><\/div>\n<p>&nbsp;<\/p>\n<p><span style=\"color: #ffffff;\">.<\/span><\/p>\n<p>Pami\u0119tajmy, \u017ce kofeina dzia\u0142a na sk\u00f3r\u0119 tak\u017ce <strong>uj\u0119drniaj\u0105co<\/strong>, dlatego znajdziemy j\u0105 tak\u017ce w kremach <strong>przeciwzmarszczkowych<\/strong>. Dzi\u0119ki polifenolom kofeina op\u00f3\u017ania rozpad witaminy C, a dzi\u0119ki temu wyg\u0142adza sk\u00f3r\u0119 i zapobiega tworzeniu si\u0119 nowych zmarszczek. Co ciekawe, zawiera tak\u017ce naturalne filtry UV, dlatego wykorzystuje si\u0119 j\u0105 tak\u017ce w kosmetykach <strong>przeciws\u0142onecznych<\/strong>.<\/p>\n<p>Nie zapominajmy tak\u017ce, \u017ce dodatek kofeiny doskonale sprawdza si\u0119 tak\u017ce w <strong>kremach<\/strong> <strong>pod<\/strong> <strong>oczy<\/strong>. Pomaga ona zmniejszy\u0107 pieczenie, obkurcza naczynia krwiono\u015bne i zmniejszaj\u0105 opuchlizn\u0119.<\/p>\n","protected":false},"excerpt":{"rendered":"<p>Ma\u0142o kto wyobra\u017ca sobie rozpocz\u0119cie dnia bez porannej dawki kofeiny. Jednak jej pobudzaj\u0105ce w\u0142a\u015bciwo\u015bci spowodowa\u0142y, \u017ce bardzo ch\u0119tnie jest ona wykorzystywana tak\u017ce przez producent\u00f3w kosmetyk\u00f3w i dodawana do wielu produkt\u00f3w, kt\u00f3rych zadaniem jest piel\u0119gnacja naszej sk\u00f3ry. Co robi\u0105 kosmetyki z kofein\u0105 i kiedy warto po nie si\u0119ga\u0107? &nbsp; W\u0142a\u015bciwo\u015bci kofeiny Kofeina, kt\u00f3r\u0105 znale\u017a\u0107 mo\u017cemy mi\u0119dzy [&hellip;]<\/p>\n","protected":false},"author":2,"featured_media":3806,"comment_status":"open","ping_status":"open","sticky":false,"template":"","format":"standard","meta":{"_et_pb_use_builder":"","_et_pb_old_content":"","_et_gb_content_width":"","footnotes":""},"categories":[185],"tags":[],"class_list":["post-3804","post","type-post","status-publish","format-standard","has-post-thumbnail","hentry","category-codzienna-pielegnacja","et-has-post-format-content","et_post_format-et-post-format-standard"],"_links":{"self":[{"href":"https:\/\/neness.pl\/blog\/wp-json\/wp\/v2\/posts\/3804","targetHints":{"allow":["GET"]}}],"collection":[{"href":"https:\/\/neness.pl\/blog\/wp-json\/wp\/v2\/posts"}],"about":[{"href":"https:\/\/neness.pl\/blog\/wp-json\/wp\/v2\/types\/post"}],"author":[{"embeddable":true,"href":"https:\/\/neness.pl\/blog\/wp-json\/wp\/v2\/users\/2"}],"replies":[{"embeddable":true,"href":"https:\/\/neness.pl\/blog\/wp-json\/wp\/v2\/comments?post=3804"}],"version-history":[{"count":0,"href":"https:\/\/neness.pl\/blog\/wp-json\/wp\/v2\/posts\/3804\/revisions"}],"wp:featuredmedia":[{"embeddable":true,"href":"https:\/\/neness.pl\/blog\/wp-json\/wp\/v2\/media\/3806"}],"wp:attachment":[{"href":"https:\/\/neness.pl\/blog\/wp-json\/wp\/v2\/media?parent=3804"}],"wp:term":[{"taxonomy":"category","embeddable":true,"href":"https:\/\/neness.pl\/blog\/wp-json\/wp\/v2\/categories?post=3804"},{"taxonomy":"post_tag","embeddable":true,"href":"https:\/\/neness.pl\/blog\/wp-json\/wp\/v2\/tags?post=3804"}],"curies":[{"name":"wp","href":"https:\/\/api.w.org\/{rel}","templated":true}]}}