{"id":3800,"date":"2017-11-30T13:43:45","date_gmt":"2017-11-30T12:43:45","guid":{"rendered":"http:\/\/ranking-kosmetykow.pl\/?p=3800"},"modified":"2017-11-30T13:43:45","modified_gmt":"2017-11-30T12:43:45","slug":"emolientowe-odzywki-do-wlosow-co-to-takiego","status":"publish","type":"post","link":"https:\/\/neness.pl\/blog\/emolientowe-odzywki-do-wlosow-co-to-takiego\/","title":{"rendered":"Emolientowe od\u017cywki do w\u0142os\u00f3w \u2013 co to takiego?"},"content":{"rendered":"<p>Kiedy w\u0142osy staj\u0105 si\u0119 szorstkie, suche i zaczynaj\u0105 wygl\u0105da\u0107 po prostu na zniszczone, pierwsz\u0105 rzecz\u0105, po jak\u0105 si\u0119gamy, jest od\u017cywka do w\u0142os\u00f3w. Warto jednak wiedzie\u0107 jakie sk\u0142adniki powinna ona zawiera\u0107, by jak najlepiej poprawi\u0107 kondycj\u0119 fryzury. Dzi\u015b opowiemy nieco wi\u0119cej o emolientach \u2013 sk\u0142adnikach, kt\u00f3re maj\u0105 ogromny wp\u0142yw na wygl\u0105d w\u0142os\u00f3w.<\/p>\n<p>&nbsp;<\/p>\n<h3>Bariera ochronna w\u0142osa<\/h3>\n<p>Zdrowe w\u0142osy sk\u0142adaj\u0105 si\u0119 przede wszystkim z <strong>keratyny<\/strong> i <strong>wody<\/strong>. Szczeg\u00f3lnie odpowiednia ilo\u015b\u0107 tej ostatniej ma ogromny wp\u0142yw na kondycj\u0119 i wygl\u0105d naszej fryzury. Aby zapobiega\u0107 utracie wilgoci i utrzyma\u0107 prawid\u0142owy poziom nawil\u017cenia, ka\u017cdy w\u0142os wyposa\u017cony jest w naturaln\u0105 <strong>barier\u0119<\/strong> <strong>ochronn\u0105<\/strong>, kt\u00f3ra sk\u0142ada si\u0119 z lipid\u00f3w \u2013 czyli t\u0142uszcz\u00f3w.<\/p>\n<p>Niestety nasze codzienne zabiegi \u2013 farbowanie, rozja\u015bnianie, zbyt intensywne szczotkowanie, stylizowanie gor\u0105cym powietrzem \u2013 os\u0142abiaj\u0105 naturaln\u0105 barier\u0119 ochronn\u0105, a co za tym idzie, woda szybciej odparowuje z w\u0142osa, przez co fryzura staje si\u0119 sucha i traci po\u0142ysk.<\/p>\n<p>&nbsp;<\/p>\n<div id=\"attachment_3105\" style=\"width: 1034px\" class=\"wp-caption aligncenter\"><img loading=\"lazy\" decoding=\"async\" aria-describedby=\"caption-attachment-3105\" class=\"size-large wp-image-3105\" src=\"http:\/\/ranking-kosmetykow.pl\/wp-content\/uploads\/2017\/08\/Fotolia_122448278_Subscription_XXL-1024x681.jpg\" alt=\"\" width=\"1024\" height=\"681\" \/><p id=\"caption-attachment-3105\" class=\"wp-caption-text\">fotolia.com, #122448278 | Autor: Sofia Zhuravetc<\/p><\/div>\n<p>&nbsp;<\/p>\n<h3>Czym s\u0105 emolienty?<\/h3>\n<p><strong>Emolienty<\/strong> to substancje pomagaj\u0105ce <strong>odbudowa\u0107<\/strong> p\u0142aszcz lipidowy w\u0142os\u00f3w i <strong>zapobiega\u0107<\/strong> nadmiernej utracie wilgoci. Tworz\u0105 one na powierzchni w\u0142osa rodzaj filmu ochronnego, kt\u00f3ry opr\u00f3cz samego parowania wody, chroni tak\u017ce przed uszkodzeniami mechanicznymi. Emolienty maj\u0105 tak\u017ce zdolno\u015b\u0107 wch\u0142aniania wilgoci z otoczenia. Dzi\u0119ki nim nasza fryzura <strong>mniej<\/strong> <strong>si\u0119<\/strong> <strong>puszy<\/strong>, jest wyg\u0142adzona, i bardziej elastyczna.<\/p>\n<p>&nbsp;<\/p>\n<h3>Najskuteczniejsze emolienty<\/h3>\n<p>Emolienty to przede wszystkim <strong>oleje<\/strong> <strong>ro\u015blinne<\/strong>, kt\u00f3re zawieraj\u0105 nienasycone kwasy t\u0142uszczowe, kt\u00f3re doskonale przywracaj\u0105 w\u0142osom prawid\u0142ow\u0105 r\u00f3wnowag\u0119 wodno-t\u0142uszczow\u0105 i pomagaj\u0105 utrzyma\u0107 prawid\u0142owe nawil\u017cenie.<\/p>\n<p><strong>Najskuteczniejszymi<\/strong> emolientami s\u0105 oleje ro\u015blinne, takie jak olej lniany, olej z wiesio\u0142ka, olej konopny, s\u0142onecznikowy, sojowy. Opr\u00f3cz tych pochodzenia ro\u015blinnego istniej\u0105 tak\u017ce emolienty pochodzenia <strong>zwierz\u0119cego<\/strong>. Do nich zaliczy\u0107 mo\u017cemy na przyk\u0142ad otrzymywan\u0105 z we\u0142ny owczej <strong>lanolin\u0119<\/strong>, kt\u00f3ra jest cz\u0119stym dodatkiem do kosmetyk\u00f3w piel\u0119gnacyjnych, na przyk\u0142ad w od\u017cywkach do w\u0142os\u00f3w.<\/p>\n<p>Jednak emolienty powstaj\u0105 tak\u017ce w spos\u00f3b <strong>syntetyczny<\/strong>. Zaliczy\u0107 mo\u017cemy do nich estry, skwalen, oleje mineralne. Przyk\u0142adem syntetycznych emolient\u00f3w jest na przyk\u0142ad <strong>parafina<\/strong>, czy tak zwane <strong>silikony<\/strong>.<\/p>\n<p>&nbsp;<\/p>\n<div id=\"attachment_2311\" style=\"width: 1034px\" class=\"wp-caption aligncenter\"><img loading=\"lazy\" decoding=\"async\" aria-describedby=\"caption-attachment-2311\" class=\"size-large wp-image-2311\" src=\"http:\/\/ranking-kosmetykow.pl\/wp-content\/uploads\/2017\/05\/Fotolia_78605877_Subscription_XXL-1024x683.jpg\" alt=\"\" width=\"1024\" height=\"683\" \/><p id=\"caption-attachment-2311\" class=\"wp-caption-text\">fotolia.com, #78605877 | Autor: blackday<\/p><\/div>\n<p>&nbsp;<\/p>\n<h3>Jak wykorzysta\u0107 emolienty do piel\u0119gnacji w\u0142os\u00f3w?<\/h3>\n<p>Najprostszym rozwi\u0105zaniem, by wykorzysta\u0107 piel\u0119gnacyjn\u0105 moc emolient\u00f3w jest oczywi\u015bcie si\u0119gni\u0119cie po gotow\u0105 <strong>od\u017cywk\u0119<\/strong> do w\u0142os\u00f3w, kt\u00f3ra zawiera w\u0142a\u015bnie te sk\u0142adniki.<\/p>\n<p>R\u00f3wnie dobrze sprawdzi si\u0119 tak\u017ce tradycyjne <strong>olejowanie<\/strong> w\u0142os\u00f3w. Niewielk\u0105 ilo\u015b\u0107 delikatnie podgrzanego, wybranego oleju wystarczy rozprowadzi\u0107 na r\u00f3wnomiernie na ca\u0142ej d\u0142ugo\u015bci w\u0142os\u00f3w i pozostawi\u0107 na kilka godzin lub ca\u0142\u0105 noc. Po zabiegu wystarczy umy\u0107 w\u0142osy jak zwykle. Ten zabieg warto stosowa\u0107 co najmniej jeden raz w tygodniu.<\/p>\n","protected":false},"excerpt":{"rendered":"<p>Kiedy w\u0142osy staj\u0105 si\u0119 szorstkie, suche i zaczynaj\u0105 wygl\u0105da\u0107 po prostu na zniszczone, pierwsz\u0105 rzecz\u0105, po jak\u0105 si\u0119gamy, jest od\u017cywka do w\u0142os\u00f3w. Warto jednak wiedzie\u0107 jakie sk\u0142adniki powinna ona zawiera\u0107, by jak najlepiej poprawi\u0107 kondycj\u0119 fryzury. Dzi\u015b opowiemy nieco wi\u0119cej o emolientach \u2013 sk\u0142adnikach, kt\u00f3re maj\u0105 ogromny wp\u0142yw na wygl\u0105d w\u0142os\u00f3w. &nbsp; Bariera ochronna w\u0142osa [&hellip;]<\/p>\n","protected":false},"author":2,"featured_media":1946,"comment_status":"open","ping_status":"open","sticky":false,"template":"","format":"standard","meta":{"_et_pb_use_builder":"","_et_pb_old_content":"","_et_gb_content_width":"","footnotes":""},"categories":[48],"tags":[],"class_list":["post-3800","post","type-post","status-publish","format-standard","has-post-thumbnail","hentry","category-wlosy-idealne","et-has-post-format-content","et_post_format-et-post-format-standard"],"_links":{"self":[{"href":"https:\/\/neness.pl\/blog\/wp-json\/wp\/v2\/posts\/3800","targetHints":{"allow":["GET"]}}],"collection":[{"href":"https:\/\/neness.pl\/blog\/wp-json\/wp\/v2\/posts"}],"about":[{"href":"https:\/\/neness.pl\/blog\/wp-json\/wp\/v2\/types\/post"}],"author":[{"embeddable":true,"href":"https:\/\/neness.pl\/blog\/wp-json\/wp\/v2\/users\/2"}],"replies":[{"embeddable":true,"href":"https:\/\/neness.pl\/blog\/wp-json\/wp\/v2\/comments?post=3800"}],"version-history":[{"count":0,"href":"https:\/\/neness.pl\/blog\/wp-json\/wp\/v2\/posts\/3800\/revisions"}],"wp:featuredmedia":[{"embeddable":true,"href":"https:\/\/neness.pl\/blog\/wp-json\/wp\/v2\/media\/1946"}],"wp:attachment":[{"href":"https:\/\/neness.pl\/blog\/wp-json\/wp\/v2\/media?parent=3800"}],"wp:term":[{"taxonomy":"category","embeddable":true,"href":"https:\/\/neness.pl\/blog\/wp-json\/wp\/v2\/categories?post=3800"},{"taxonomy":"post_tag","embeddable":true,"href":"https:\/\/neness.pl\/blog\/wp-json\/wp\/v2\/tags?post=3800"}],"curies":[{"name":"wp","href":"https:\/\/api.w.org\/{rel}","templated":true}]}}