{"id":3769,"date":"2017-11-24T11:38:01","date_gmt":"2017-11-24T10:38:01","guid":{"rendered":"http:\/\/ranking-kosmetykow.pl\/?p=3769"},"modified":"2017-11-24T11:38:01","modified_gmt":"2017-11-24T10:38:01","slug":"drzewo-sandalowe-w-perfumach","status":"publish","type":"post","link":"https:\/\/neness.pl\/blog\/drzewo-sandalowe-w-perfumach\/","title":{"rendered":"Drzewo sanda\u0142owe w perfumach"},"content":{"rendered":"<p>Ka\u017cdy mi\u0142o\u015bnik perfum na pewno kojarzy drzewo sanda\u0142owe. Pojawia si\u0119 ono w bardzo wielu kompozycjach, kt\u00f3rym zazwyczaj nadaje charakterystycznej g\u0142\u0119bi. Sk\u0105d pochodzi ten cenny sk\u0142adnik tak wielu zapach\u00f3w? Dlaczego tak cz\u0119sto wykorzystuje si\u0119 go w perfumach?<\/p>\n<p>&nbsp;<\/p>\n<h3>Sk\u0105d pochodzi drzewo sanda\u0142owe?<\/h3>\n<p><strong>Drzewo<\/strong> <strong>sanda\u0142owe<\/strong> lub inaczej sanda\u0142owiec to niewielkie, wiecznie zielone drzewo lub krzew, kt\u00f3re jest tak zwanym <strong>p\u00f3\u0142paso\u017cytnikiem<\/strong> \u2014 jak inne ro\u015bliny przeprowadza fotosyntez\u0119, jednak niezb\u0119dne do \u017cycia sole mineralne i wod\u0119 czerpie z korzeni innych ro\u015blin.<\/p>\n<p>Drzewo sanda\u0142owe pochodzi z <strong>Azji<\/strong> \u2013 ro\u015bnie w Indiach, Indonezji, Cejlonie, ale spotka\u0107 mo\u017cna je tak\u017ce w Australii i na wyspach Oceanu Spokojnego. Wyst\u0119puje w wielu odmianach, jednak do wyrobu olejku sanda\u0142owego, wykorzystuje si\u0119 przede wszystkim <strong>sanda\u0142owca<\/strong> <strong>bia\u0142ego<\/strong>.<\/p>\n<p>Ten olejek eteryczny otrzymujemy w procesie <strong>destylacji<\/strong> drewna moczonego w wodzie. Wykorzystuje si\u0119 do tego par\u0119 wodn\u0105 pod ci\u015bnieniem, a ca\u0142y proces trwa od dw\u00f3ch do czterech dni.<\/p>\n<p>&nbsp;<\/p>\n<div id=\"attachment_3773\" style=\"width: 760px\" class=\"wp-caption aligncenter\"><a href=\"https:\/\/neness.pl\/perfumy_damskie\/dior\/102_be_addicted.html\"><img loading=\"lazy\" decoding=\"async\" aria-describedby=\"caption-attachment-3773\" class=\"size-full wp-image-3773\" src=\"http:\/\/ranking-kosmetykow.pl\/wp-content\/uploads\/2017\/11\/0d04ef8d0ab2ea92ff7cc1ef226c8f17.jpg\" alt=\"\" width=\"750\" height=\"1000\" srcset=\"https:\/\/neness.pl\/blog\/wp-content\/uploads\/2017\/11\/0d04ef8d0ab2ea92ff7cc1ef226c8f17.jpg 750w, https:\/\/neness.pl\/blog\/wp-content\/uploads\/2017\/11\/0d04ef8d0ab2ea92ff7cc1ef226c8f17-225x300.jpg 225w, https:\/\/neness.pl\/blog\/wp-content\/uploads\/2017\/11\/0d04ef8d0ab2ea92ff7cc1ef226c8f17-610x813.jpg 610w\" sizes=\"auto, (max-width: 750px) 100vw, 750px\" \/><\/a><p id=\"caption-attachment-3773\" class=\"wp-caption-text\">102. Be Addicted \/<br \/>12,00 z\u0142<\/p><\/div>\n<p><span style=\"color: #ffffff;\">.<\/span><\/p>\n<h3><\/h3>\n<p>&nbsp;<\/p>\n<h3>Jakie w\u0142a\u015bciwo\u015bci ma olejek z drzewa sanda\u0142owego?<\/h3>\n<p>Olejek ten wykorzystywany by\u0142 ju\u017c setki lat temu, nie tylko jako sk\u0142adnik perfum, ale przede wszystkim jako <strong>\u015brodek<\/strong> <strong>leczniczy<\/strong>. Ma on bowiem w\u0142a\u015bciwo\u015bci <strong>przeciwzapalne<\/strong>, <strong>antyseptyczne<\/strong> i <strong>antybakteryjne<\/strong>. Co wi\u0119cej, uwa\u017cany jest tak\u017ce za jeden z najsilniejszych afrodyzjak\u00f3w \u2013 wed\u0142ug legend w tym celu stosowa\u0142a go ju\u017c Kleopatra.<\/p>\n<p>Ponadto olejek eteryczny z drzewa sanda\u0142owego ma w\u0142a\u015bciwo\u015bci <strong>relaksacyjne<\/strong>, dzia\u0142a <strong>rozlu\u017aniaj\u0105co<\/strong> i <strong>antystresowo<\/strong>.<\/p>\n<p>&nbsp;<\/p>\n<div id=\"attachment_3774\" style=\"width: 760px\" class=\"wp-caption aligncenter\"><a href=\"https:\/\/neness.pl\/perfumy_damskie\/armani\/148_she_she_she.html\"><img loading=\"lazy\" decoding=\"async\" aria-describedby=\"caption-attachment-3774\" class=\"size-full wp-image-3774\" src=\"http:\/\/ranking-kosmetykow.pl\/wp-content\/uploads\/2017\/11\/8e4854682d800e2c3ae755379a660881.jpg\" alt=\"\" width=\"750\" height=\"1000\" srcset=\"https:\/\/neness.pl\/blog\/wp-content\/uploads\/2017\/11\/8e4854682d800e2c3ae755379a660881.jpg 750w, https:\/\/neness.pl\/blog\/wp-content\/uploads\/2017\/11\/8e4854682d800e2c3ae755379a660881-225x300.jpg 225w, https:\/\/neness.pl\/blog\/wp-content\/uploads\/2017\/11\/8e4854682d800e2c3ae755379a660881-610x813.jpg 610w\" sizes=\"auto, (max-width: 750px) 100vw, 750px\" \/><\/a><p id=\"caption-attachment-3774\" class=\"wp-caption-text\">148. SHE \/SHE\/SHE \/<br \/>12,00 z\u0142<\/p><\/div>\n<h3><span style=\"color: #ffffff;\">\u00a0.<\/span><\/h3>\n<h3>Jak pachnie olejek z drzewa sanda\u0142owego?<\/h3>\n<p>Jak ju\u017c wspominali\u015bmy, olejek z drzewa sanda\u0142owego najcz\u0119\u015bciej wykorzystywany jest w <strong>nutach g\u0142\u0119bi<\/strong> perfum. Wszystko to dzi\u0119ki jego <strong>charakterystycznemu<\/strong> <strong>aromatowi<\/strong>: pachnie on bardzo zmys\u0142owo, jest s\u0142odkawy i korzenny. Sam olejek ma barw\u0119 od <strong>jasno\u017c\u00f3\u0142tej<\/strong> do jasnoz\u0142otej, a jego balsamiczny, drzewny i egzotyczny zapach jest bardzo trwa\u0142y.<\/p>\n<p>Aromat drzewa sanda\u0142owego bardzo cz\u0119sto jest sk\u0142adnikiem zar\u00f3wno <strong>damskich<\/strong>, jak i <strong>m\u0119skich<\/strong> perfum. Nadaje on kompozycjom wyra\u017an\u0105 <strong>nut\u0119<\/strong> <strong>drzewn\u0105<\/strong>, jednak ale od innych olejk\u00f3w tego typu odr\u00f3\u017cnia go charakterystyczna <strong>\u015bwie\u017co\u015b\u0107<\/strong>. Zastosowany w niewielkiej ilo\u015bci doskonale <strong>utrwala<\/strong> inne zapachy i d\u0142ugo <strong>utrzymuje<\/strong> <strong>si\u0119<\/strong> na sk\u00f3rze.<\/p>\n<p>Bardzo cz\u0119sto w perfumach wyst\u0119puje <strong>w towarzystwie<\/strong> korzennych przypraw, a tak\u017ce kwiat\u00f3w i zi\u00f3\u0142.<\/p>\n<p>&nbsp;<\/p>\n<div id=\"attachment_3775\" style=\"width: 760px\" class=\"wp-caption aligncenter\"><a href=\"https:\/\/neness.pl\/perfumy_damskie\/calvin_klein\/154_your_endless.html\"><img loading=\"lazy\" decoding=\"async\" aria-describedby=\"caption-attachment-3775\" class=\"size-full wp-image-3775\" src=\"http:\/\/ranking-kosmetykow.pl\/wp-content\/uploads\/2017\/11\/a0ebd969c84a35d7874e5abc7e0551d1.jpg\" alt=\"\" width=\"750\" height=\"1000\" srcset=\"https:\/\/neness.pl\/blog\/wp-content\/uploads\/2017\/11\/a0ebd969c84a35d7874e5abc7e0551d1.jpg 750w, https:\/\/neness.pl\/blog\/wp-content\/uploads\/2017\/11\/a0ebd969c84a35d7874e5abc7e0551d1-225x300.jpg 225w, https:\/\/neness.pl\/blog\/wp-content\/uploads\/2017\/11\/a0ebd969c84a35d7874e5abc7e0551d1-610x813.jpg 610w\" sizes=\"auto, (max-width: 750px) 100vw, 750px\" \/><\/a><p id=\"caption-attachment-3775\" class=\"wp-caption-text\">154. Your Endless \/<br \/>12,00 z\u0142<\/p><\/div>\n<p>&nbsp;<\/p>\n<p>Propozycje perfum, w kt\u00f3rych jednym ze sk\u0142adnik\u00f3w jest w\u0142a\u015bnie drzewo sanda\u0142owe, zamieszczone w artykule znajdziecie oczywi\u015bcie w naszej perfumerii internetowej <a href=\"https:\/\/neness.pl\/\">Neness.pl<\/a>.<\/p>\n","protected":false},"excerpt":{"rendered":"<p>Ka\u017cdy mi\u0142o\u015bnik perfum na pewno kojarzy drzewo sanda\u0142owe. Pojawia si\u0119 ono w bardzo wielu kompozycjach, kt\u00f3rym zazwyczaj nadaje charakterystycznej g\u0142\u0119bi. Sk\u0105d pochodzi ten cenny sk\u0142adnik tak wielu zapach\u00f3w? Dlaczego tak cz\u0119sto wykorzystuje si\u0119 go w perfumach? &nbsp; Sk\u0105d pochodzi drzewo sanda\u0142owe? Drzewo sanda\u0142owe lub inaczej sanda\u0142owiec to niewielkie, wiecznie zielone drzewo lub krzew, kt\u00f3re jest [&hellip;]<\/p>\n","protected":false},"author":2,"featured_media":3771,"comment_status":"open","ping_status":"open","sticky":false,"template":"","format":"standard","meta":{"_et_pb_use_builder":"","_et_pb_old_content":"","_et_gb_content_width":"","footnotes":""},"categories":[19],"tags":[],"class_list":["post-3769","post","type-post","status-publish","format-standard","has-post-thumbnail","hentry","category-zachwycaj-zapachem","et-has-post-format-content","et_post_format-et-post-format-standard"],"_links":{"self":[{"href":"https:\/\/neness.pl\/blog\/wp-json\/wp\/v2\/posts\/3769","targetHints":{"allow":["GET"]}}],"collection":[{"href":"https:\/\/neness.pl\/blog\/wp-json\/wp\/v2\/posts"}],"about":[{"href":"https:\/\/neness.pl\/blog\/wp-json\/wp\/v2\/types\/post"}],"author":[{"embeddable":true,"href":"https:\/\/neness.pl\/blog\/wp-json\/wp\/v2\/users\/2"}],"replies":[{"embeddable":true,"href":"https:\/\/neness.pl\/blog\/wp-json\/wp\/v2\/comments?post=3769"}],"version-history":[{"count":0,"href":"https:\/\/neness.pl\/blog\/wp-json\/wp\/v2\/posts\/3769\/revisions"}],"wp:featuredmedia":[{"embeddable":true,"href":"https:\/\/neness.pl\/blog\/wp-json\/wp\/v2\/media\/3771"}],"wp:attachment":[{"href":"https:\/\/neness.pl\/blog\/wp-json\/wp\/v2\/media?parent=3769"}],"wp:term":[{"taxonomy":"category","embeddable":true,"href":"https:\/\/neness.pl\/blog\/wp-json\/wp\/v2\/categories?post=3769"},{"taxonomy":"post_tag","embeddable":true,"href":"https:\/\/neness.pl\/blog\/wp-json\/wp\/v2\/tags?post=3769"}],"curies":[{"name":"wp","href":"https:\/\/api.w.org\/{rel}","templated":true}]}}