{"id":3762,"date":"2017-11-23T14:16:52","date_gmt":"2017-11-23T13:16:52","guid":{"rendered":"http:\/\/ranking-kosmetykow.pl\/?p=3762"},"modified":"2017-11-23T14:16:52","modified_gmt":"2017-11-23T13:16:52","slug":"czy-tonik-do-twarzy-to-koniecznosc","status":"publish","type":"post","link":"https:\/\/neness.pl\/blog\/czy-tonik-do-twarzy-to-koniecznosc\/","title":{"rendered":"Czy tonik do twarzy to konieczno\u015b\u0107?"},"content":{"rendered":"<p>Drog\u0105 do pi\u0119knej cery s\u0105 zazwyczaj cztery kroki, kt\u00f3re powinny znale\u017a\u0107 si\u0119 w naszej codziennej piel\u0119gnacji. S\u0105 to: demakija\u017c, oczyszczanie, tonizowanie i nawil\u017canie. Chyba wi\u0119kszo\u015b\u0107 z nas pami\u0119ta na co dzie\u0144, by zmy\u0107 makija\u017c i wklepa\u0107 w twarz krem. Jednak czy zawsze pami\u0119tamy o tym, by stosowa\u0107 tak\u017ce tonik do twarzy? Dlaczego warto wprowadzi\u0107 go do piel\u0119gnacji?<\/p>\n<p>&nbsp;<\/p>\n<h3>Tonik do twarzy \u2013 co to takiego?<\/h3>\n<p>Zazwyczaj <strong>tonik<\/strong> do twarzy to p\u0142yn na bazie wody, w kt\u00f3rego sk\u0142ad wchodz\u0105 tak\u017ce <strong>substancje nawil\u017caj\u0105ce<\/strong>, <strong>ekstrakty<\/strong> <strong>ro\u015blinne<\/strong> i inne substancje czynne, zale\u017cnie od rodzaju sk\u00f3ry, do kt\u00f3rej kosmetyk jest przeznaczony. Ten krok jest bardzo wa\u017cnym elementem piel\u0119gnacji cery, jednak bardzo cz\u0119sto go pomijamy. Jest to spowodowane prawdopodobnie brakiem czasu lub tym, \u017ce po zastosowaniu toniku nie widzimy na naszej sk\u00f3rze spektakularnych efekt\u00f3w. Mimo wszystko warto regularnie stosowa\u0107 ten kosmetyk. Dlaczego?<\/p>\n<p>&nbsp;<\/p>\n<h3>Dlaczego warto stosowa\u0107 tonik?<\/h3>\n<p>Tonik pe\u0142ni w piel\u0119gnacji twarzy kilka istotnych funkcji.<\/p>\n<p>Po pierwsze pomaga <strong>oczy\u015bci\u0107<\/strong> cer\u0119 z resztek makija\u017cu, kt\u00f3re pozosta\u0142y na twarzy po umyciu jej \u017celem, a tak\u017ce usuwa pozosta\u0142o\u015bci preparat\u00f3w do demakija\u017cu.<\/p>\n<p>Po drugie <strong>przywraca<\/strong> naszej sk\u00f3rze <strong>r\u00f3wnowag\u0119<\/strong> i <strong>odpowiednie<\/strong> <strong>pH<\/strong>. Szczeg\u00f3lne znaczenie ma to w przypadku, gdy myjemy twarz <strong>myd\u0142em<\/strong> lub \u017celem do mycia, kt\u00f3re podnosz\u0105 pH naszej sk\u00f3ry. Je\u017celi sk\u00f3ra po oczyszczeniu jej produktem myj\u0105cym jest \u015bci\u0105gni\u0119ta i podra\u017cniona, oznacza to, \u017ce jej r\u00f3wnowaga zosta\u0142a zaburzona. To w\u0142a\u015bnie odpowiedni moment na zastosowanie toniku, kt\u00f3ry przywr\u00f3ci cerze prawid\u0142owy, lekko kwa\u015bny odczyn.<\/p>\n<p>&nbsp;<\/p>\n<div id=\"attachment_3766\" style=\"width: 703px\" class=\"wp-caption aligncenter\"><a href=\"https:\/\/neness.pl\/kosmetyki\/pielegnacja_twarzy\/demakijaz_i_oczyszczanie\/dermacol_odswiezajacy_tonik_do_twarzy.html\"><img loading=\"lazy\" decoding=\"async\" aria-describedby=\"caption-attachment-3766\" class=\" wp-image-3766\" src=\"http:\/\/ranking-kosmetykow.pl\/wp-content\/uploads\/2017\/11\/b90462086f4a3e5fb2641828e3685fe3.png\" alt=\"\" width=\"693\" height=\"924\" srcset=\"https:\/\/neness.pl\/blog\/wp-content\/uploads\/2017\/11\/b90462086f4a3e5fb2641828e3685fe3.png 750w, https:\/\/neness.pl\/blog\/wp-content\/uploads\/2017\/11\/b90462086f4a3e5fb2641828e3685fe3-225x300.png 225w, https:\/\/neness.pl\/blog\/wp-content\/uploads\/2017\/11\/b90462086f4a3e5fb2641828e3685fe3-610x813.png 610w\" sizes=\"auto, (max-width: 693px) 100vw, 693px\" \/><\/a><p id=\"caption-attachment-3766\" class=\"wp-caption-text\">Dermacol Od\u015bwie\u017caj\u0105cy Tonik do Twarzy \/<br \/>15,90 z\u0142<\/p><\/div>\n<p>&nbsp;<\/p>\n<p>Kolejnym powodem, dla kt\u00f3rego warto u\u017cywa\u0107 toniku codziennie, jest jego <strong>nawil\u017caj\u0105ce<\/strong> i <strong>od\u017cywiaj\u0105ce<\/strong> dzia\u0142anie. Dzi\u0119ki zawartym w tego typu kosmetykach substancjom tonik <strong>uspokaja<\/strong> sk\u00f3r\u0119 i ju\u017c na tym etapie poprawia jej nawil\u017cenie. Co wi\u0119cej, <strong>przygotowuje<\/strong> on tak\u017ce cer\u0119 na kolejne kosmetyki, na przyk\u0142ad <strong>kremy<\/strong> i sera i pomaga tak\u017ce lepiej wch\u0142ania\u0107 si\u0119 substancjom od\u017cywczym w nich zawartym.<\/p>\n<p>W zale\u017cno\u015bci od tego, jaki tonik stosujemy, niekt\u00f3re z nich zawieraj\u0105 tak\u017ce sk\u0142adniki, kt\u00f3re dzia\u0142aj\u0105 <strong>\u015bci\u0105gaj\u0105co<\/strong> na pory. Szczeg\u00f3lnie toniki do cery t\u0142ustej pomagaj\u0105 usun\u0105\u0107 z twarzy <strong>nadmiar<\/strong> <strong>sebum<\/strong> i zanieczyszczenia, a opr\u00f3cz tego dzia\u0142aj\u0105 na sk\u00f3r\u0119 odka\u017caj\u0105co. Pami\u0119tajmy jednak, \u017ce mog\u0105 one tak\u017ce zawiera\u0107 w swoim sk\u0142adzie <strong>alkohol<\/strong>, kt\u00f3ry mo\u017ce podra\u017cni\u0107 i przesuszy\u0107 sk\u00f3r\u0119.<\/p>\n<p>&nbsp;<\/p>\n<h3>Jak aplikowa\u0107 tonik?<\/h3>\n<p>Tonik do twarzy powinni\u015bmy stosowa\u0107 <strong>dwa<\/strong> <strong>razy<\/strong> <strong>dziennie<\/strong>. Mo\u017cemy nas\u0105czy\u0107 nim <strong>p\u0142atek<\/strong> <strong>kosmetyczny<\/strong> i przetrze\u0107 twarz lub wyla\u0107 odrobin\u0119 produktu na d\u0142onie i <strong>wklepa\u0107<\/strong> <strong>w<\/strong> <strong>sk\u00f3r\u0119<\/strong>. Mo\u017cemy tak\u017ce kupi\u0107 kosmetyki z aplikatorem, dzi\u0119ki kt\u00f3remu mo\u017cemy <strong>rozpyli\u0107<\/strong> kosmetyk bezpo\u015brednio na sk\u00f3r\u0119 w postaci mgie\u0142ki. Pami\u0119tajmy, by nak\u0142ada\u0107 go <strong>na<\/strong> <strong>oczyszczon\u0105<\/strong> <strong>sk\u00f3r\u0119<\/strong> twarzy, po uprzednim demakija\u017cu. Warto tak\u017ce na\u0142o\u017cy\u0107 kosmetyk na sk\u00f3r\u0119 szyi i dekoltu.<\/p>\n<p>&nbsp;<\/p>\n<div id=\"attachment_3767\" style=\"width: 538px\" class=\"wp-caption aligncenter\"><a href=\"https:\/\/neness.pl\/kosmetyki\/pielegnacja_twarzy\/demakijaz_i_oczyszczanie\/dermacol_delikatny_uspokajajacy_tonik_sensitive_toner.html\"><img loading=\"lazy\" decoding=\"async\" aria-describedby=\"caption-attachment-3767\" class=\" wp-image-3767\" src=\"http:\/\/ranking-kosmetykow.pl\/wp-content\/uploads\/2017\/11\/c1de410906a20d0e4b0e3d18cde494ae.jpg\" alt=\"\" width=\"528\" height=\"704\" srcset=\"https:\/\/neness.pl\/blog\/wp-content\/uploads\/2017\/11\/c1de410906a20d0e4b0e3d18cde494ae.jpg 750w, https:\/\/neness.pl\/blog\/wp-content\/uploads\/2017\/11\/c1de410906a20d0e4b0e3d18cde494ae-225x300.jpg 225w, https:\/\/neness.pl\/blog\/wp-content\/uploads\/2017\/11\/c1de410906a20d0e4b0e3d18cde494ae-610x813.jpg 610w\" sizes=\"auto, (max-width: 528px) 100vw, 528px\" \/><\/a><p id=\"caption-attachment-3767\" class=\"wp-caption-text\">Dermacol Delikatny, Uspokajaj\u0105cy Tonik Sensitive Toner \/<br \/>17,50 z\u0142<\/p><\/div>\n<p>&nbsp;<\/p>\n<p>Podczas zakup\u00f3w wybierajmy toniki jak najlepiej dopasowane do rodzaju naszej cery. Te do cery <strong>suchej<\/strong> i <strong>normalnej<\/strong> powinny zawiera\u0107 wi\u0119cej <strong>substancji<\/strong> <strong>nawil\u017caj\u0105cych<\/strong>, takich jak na przyk\u0142ad kwas hialuronowy. Do cery <strong>t\u0142ustej<\/strong> i <strong>mieszanej<\/strong> warto wybiera\u0107 produkty, kt\u00f3re nie tylko nawil\u017c\u0105 sk\u00f3r\u0119, ale tak\u017ce pomog\u0105 <strong>regulowa\u0107<\/strong> <strong>wydzielanie<\/strong> <strong>sebum<\/strong>.<\/p>\n","protected":false},"excerpt":{"rendered":"<p>Drog\u0105 do pi\u0119knej cery s\u0105 zazwyczaj cztery kroki, kt\u00f3re powinny znale\u017a\u0107 si\u0119 w naszej codziennej piel\u0119gnacji. S\u0105 to: demakija\u017c, oczyszczanie, tonizowanie i nawil\u017canie. Chyba wi\u0119kszo\u015b\u0107 z nas pami\u0119ta na co dzie\u0144, by zmy\u0107 makija\u017c i wklepa\u0107 w twarz krem. Jednak czy zawsze pami\u0119tamy o tym, by stosowa\u0107 tak\u017ce tonik do twarzy? Dlaczego warto wprowadzi\u0107 go [&hellip;]<\/p>\n","protected":false},"author":2,"featured_media":3763,"comment_status":"open","ping_status":"open","sticky":false,"template":"","format":"standard","meta":{"_et_pb_use_builder":"","_et_pb_old_content":"","_et_gb_content_width":"","footnotes":""},"categories":[185],"tags":[],"class_list":["post-3762","post","type-post","status-publish","format-standard","has-post-thumbnail","hentry","category-codzienna-pielegnacja","et-has-post-format-content","et_post_format-et-post-format-standard"],"_links":{"self":[{"href":"https:\/\/neness.pl\/blog\/wp-json\/wp\/v2\/posts\/3762","targetHints":{"allow":["GET"]}}],"collection":[{"href":"https:\/\/neness.pl\/blog\/wp-json\/wp\/v2\/posts"}],"about":[{"href":"https:\/\/neness.pl\/blog\/wp-json\/wp\/v2\/types\/post"}],"author":[{"embeddable":true,"href":"https:\/\/neness.pl\/blog\/wp-json\/wp\/v2\/users\/2"}],"replies":[{"embeddable":true,"href":"https:\/\/neness.pl\/blog\/wp-json\/wp\/v2\/comments?post=3762"}],"version-history":[{"count":0,"href":"https:\/\/neness.pl\/blog\/wp-json\/wp\/v2\/posts\/3762\/revisions"}],"wp:featuredmedia":[{"embeddable":true,"href":"https:\/\/neness.pl\/blog\/wp-json\/wp\/v2\/media\/3763"}],"wp:attachment":[{"href":"https:\/\/neness.pl\/blog\/wp-json\/wp\/v2\/media?parent=3762"}],"wp:term":[{"taxonomy":"category","embeddable":true,"href":"https:\/\/neness.pl\/blog\/wp-json\/wp\/v2\/categories?post=3762"},{"taxonomy":"post_tag","embeddable":true,"href":"https:\/\/neness.pl\/blog\/wp-json\/wp\/v2\/tags?post=3762"}],"curies":[{"name":"wp","href":"https:\/\/api.w.org\/{rel}","templated":true}]}}