{"id":3741,"date":"2017-11-20T12:46:35","date_gmt":"2017-11-20T11:46:35","guid":{"rendered":"http:\/\/ranking-kosmetykow.pl\/?p=3741"},"modified":"2017-11-20T12:46:35","modified_gmt":"2017-11-20T11:46:35","slug":"jak-przedluzyc-trwalosc-kosmetykow-do-makijazu","status":"publish","type":"post","link":"https:\/\/neness.pl\/blog\/jak-przedluzyc-trwalosc-kosmetykow-do-makijazu\/","title":{"rendered":"Jak przed\u0142u\u017cy\u0107 trwa\u0142o\u015b\u0107 kosmetyk\u00f3w do makija\u017cu?"},"content":{"rendered":"<p>Podobnie jak to, co jemy, r\u00f3wnie\u017c kosmetyki maj\u0105 okre\u015blon\u0105 dat\u0119 wa\u017cno\u015bci. Pami\u0119tajmy jednak, \u017ce sama data wa\u017cno\u015bci to jednak nie wszystko. Bardzo cz\u0119sto zdarza si\u0119, \u017ce tusz do rz\u0119s czy lakier do paznokci, mimo tego, \u017ce wed\u0142ug informacji na opakowaniu powinien pos\u0142u\u017cy\u0107 nam jeszcze kilka miesi\u0119cy, wysycha i nie nadaje si\u0119 ju\u017c do u\u017cycia. Jak wi\u0119c przed\u0142u\u017cy\u0107 trwa\u0142o\u015b\u0107 i \u017cywotno\u015b\u0107 kosmetyk\u00f3w, kt\u00f3rych u\u017cywamy, by przez ca\u0142y okres przydatno\u015bci do u\u017cycia pozostawa\u0142y w niezmienionej formie? Oto kilka naszych wskaz\u00f3wek.<\/p>\n<p>&nbsp;<\/p>\n<h3>Tusz do rz\u0119s<\/h3>\n<p><a href=\"https:\/\/neness.pl\/kosmetyki\/oczy\/tusze_do_rzes.html\"><strong>Tusze do rz\u0119s<\/strong><\/a> to jedne z najbardziej problematycznych kosmetyk\u00f3w pod wzgl\u0119dem wysychania i zmiany konsystencji. Mo\u017cemy jednak zastosowa\u0107 kilka trik\u00f3w, by m\u00f3g\u0142 dobrze s\u0142u\u017cy\u0107 nam przez ca\u0142y okres przydatno\u015bci. Pami\u0119tajmy jednak, by tusz do rz\u0119s wymienia\u0107 <strong>co p\u00f3\u0142 roku<\/strong>, by nie podra\u017cni\u0142 naszych oczu.<\/p>\n<p>Przez ten okres warto pami\u0119ta\u0107 o <strong>dok\u0142adnym zakr\u0119caniu<\/strong> kosmetyku, by nie mia\u0142 szansy nadmiernie wysycha\u0107.<\/p>\n<p>Warto r\u00f3wnie\u017c pozby\u0107 si\u0119 nawyku <strong>wt\u0142aczania<\/strong> nadmiaru powietrza do \u015brodka podczas nabierania tuszu poprzez wielokrotne wk\u0142adanie i wyci\u0105ganie szczoteczki. W ten spos\u00f3b nie tylko powodujemy, \u017ce tusz szybciej stanie si\u0119 suchy, ale tak\u017ce wprowadzamy do niego niepotrzebnie bakterie. Gdy tylko zauwa\u017cymy, \u017ce tusz sta\u0142 si\u0119 <strong>zbyt<\/strong> <strong>g\u0119sty,<\/strong>\u00a0zaczyna si\u0119 osypywa\u0107 lub po prostu <strong>zmieni\u0142 zapach,<\/strong> nale\u017cy si\u0119gn\u0105\u0107 po nowe opakowanie.<\/p>\n<p>&nbsp;<\/p>\n<div id=\"attachment_1586\" style=\"width: 886px\" class=\"wp-caption aligncenter\"><img loading=\"lazy\" decoding=\"async\" aria-describedby=\"caption-attachment-1586\" class=\" wp-image-1586\" src=\"http:\/\/ranking-kosmetykow.pl\/wp-content\/uploads\/2017\/02\/jasny-podklad2-1024x819.jpg\" alt=\"\" width=\"876\" height=\"701\" srcset=\"https:\/\/neness.pl\/blog\/wp-content\/uploads\/2017\/02\/jasny-podklad2-1024x819.jpg 1024w, https:\/\/neness.pl\/blog\/wp-content\/uploads\/2017\/02\/jasny-podklad2-300x240.jpg 300w, https:\/\/neness.pl\/blog\/wp-content\/uploads\/2017\/02\/jasny-podklad2-768x614.jpg 768w, https:\/\/neness.pl\/blog\/wp-content\/uploads\/2017\/02\/jasny-podklad2-1080x864.jpg 1080w, https:\/\/neness.pl\/blog\/wp-content\/uploads\/2017\/02\/jasny-podklad2-610x488.jpg 610w, https:\/\/neness.pl\/blog\/wp-content\/uploads\/2017\/02\/jasny-podklad2.jpg 1200w\" sizes=\"auto, (max-width: 876px) 100vw, 876px\" \/><p id=\"caption-attachment-1586\" class=\"wp-caption-text\">JAYANNPO, fotolia.com, #130961872<\/p><\/div>\n<p>&nbsp;<\/p>\n<h3>Podk\u0142ad i inne kosmetyki w p\u0142ynie<\/h3>\n<p>Przydatno\u015b\u0107 <strong>podk\u0142adu<\/strong>, wed\u0142ug informacji na opakowaniu wynosi zazwyczaj <strong>12 miesi\u0119cy<\/strong>. Cho\u0107 najcz\u0119\u015bciej udaje nam si\u0119 zu\u017cy\u0107 kosmetyk tego typu w ci\u0105gu roku, warto zwr\u00f3ci\u0107 uwag\u0119 na kilka szczeg\u00f3\u0142\u00f3w, by zapobiec zepsuciu si\u0119 produktu.<\/p>\n<p>Przede wszystkim w miar\u0119 mo\u017cliwo\u015bci wybierajmy kosmetyki <strong>w buteleczkach z pompk\u0105 lub w tubce<\/strong> \u2013 dzi\u0119ki takiej formie unikamy wprowadzania do kosmetyku bakterii, kt\u00f3re znajduj\u0105 si\u0119 na naszych d\u0142oniach. Warto tak\u017ce przetrze\u0107 opakowanie co jaki\u015b czas chusteczk\u0105 antybakteryjn\u0105 lub p\u0142ynem do dezynfekcji.<\/p>\n<p>Kosmetyk trzymajmy tak\u017ce <strong>w ch\u0142odnym i zacienionym miejscu<\/strong>, by nie mia\u0142 szansy si\u0119 utleni\u0107 i zepsu\u0107 pod wp\u0142ywem wilgoci i promieni s\u0142onecznych.<\/p>\n<p>&nbsp;<\/p>\n<h3>Szminki i b\u0142yszczyki<\/h3>\n<p>Te produkty maj\u0105 bezpo\u015bredni kontakt z naszymi ustami, dlatego <strong>nie u\u017cywajmy ich d\u0142u\u017cej ni\u017c rok<\/strong>. Niestety du\u017co szybciej psuj\u0105 si\u0119 <strong>b\u0142yszczyki<\/strong> wyposa\u017cone w p\u0119dzelek lub aplikator, bo w\u0142a\u015bnie do nich dostaje si\u0119 najwi\u0119cej bakterii. Du\u017co <strong>trwalsze<\/strong> s\u0105 pomadki w sztyfcie i w tubce, kt\u00f3re mo\u017cemy oczy\u015bci\u0107 antybakteryjn\u0105 chusteczk\u0105.<\/p>\n<p>Warto tak\u017ce nak\u0142ada\u0107 produkt na usta oddzielnym <strong>p\u0119dzelkiem<\/strong>, kt\u00f3ry mo\u017cemy zdezynfekowa\u0107 przed ka\u017cdym u\u017cyciem.<\/p>\n<p>Pami\u0119tajmy te\u017c, \u017ce szminki i b\u0142yszczyki, kt\u00f3re stosowa\u0142y\u015bmy na przyk\u0142ad gdy na ustach pojawi\u0142a si\u0119 opryszczka czy tak zwane \u201ezimno\u201d\u00a0 lub w trakcie choroby nale\u017cy wyrzuci\u0107 do kosza.<\/p>\n<p>&nbsp;<\/p>\n<div id=\"attachment_2387\" style=\"width: 869px\" class=\"wp-caption aligncenter\"><img loading=\"lazy\" decoding=\"async\" aria-describedby=\"caption-attachment-2387\" class=\" wp-image-2387\" src=\"http:\/\/ranking-kosmetykow.pl\/wp-content\/uploads\/2017\/05\/Fotolia_153723517_Subscription_XXL-1024x678.jpg\" alt=\"\" width=\"859\" height=\"569\" \/><p id=\"caption-attachment-2387\" class=\"wp-caption-text\">fotolia.com, #153723517 | autor: gamjai<\/p><\/div>\n<p>&nbsp;<\/p>\n<h3>Produkty suche, sypkie lub w kamieniu<\/h3>\n<p>Te kosmetyki s\u0105 du\u017co trwalsze ni\u017c kosmetyki w formie p\u0142ynnej. Dzi\u0119ki dobremu przechowywaniu mog\u0105 pos\u0142u\u017cy\u0107 nam <strong>nawet 2-3 lata<\/strong>. Wa\u017cne, by u\u017cywa\u0107 do nich <strong>czystych p\u0119dzli<\/strong> i aplikator\u00f3w, co zminimalizuje ryzyko wprowadzenia do nich bakterii. Warto tak\u017ce u\u017cywa\u0107 <strong>oddzielnych<\/strong> p\u0119dzli do pudru, r\u00f3\u017cu, bronzera i roz\u015bwietlacza, by nie przenosi\u0107 pomi\u0119dzy kosmetykami drobnoustroj\u00f3w.<\/p>\n<p>Pami\u0119tajmy, \u017ce wszystkie kosmetyki i p\u0119dzle powinny by\u0107 przechowywane w <strong>ciemnym, suchym i ch\u0142odnym miejscu<\/strong>. Warto tak\u017ce <strong>regularnie czy\u015bci\u0107<\/strong> kosmetyczk\u0119 lub kuferek, w kt\u00f3rym przechowujemy kosmetyki do makija\u017cu i pami\u0119ta\u0107 o dok\u0142adnym zakr\u0119caniu i zamykaniu kosmetyk\u00f3w po ka\u017cdym u\u017cyciu. Wszystkie produkty, kt\u00f3re po pewnym czasie od otwarcia <strong>zmieni\u0142y<\/strong> sw\u00f3j zapach, kolor, wygl\u0105d lub konsystencj\u0119 nale\u017cy od razu wyrzuci\u0107.<\/p>\n","protected":false},"excerpt":{"rendered":"<p>Podobnie jak to, co jemy, r\u00f3wnie\u017c kosmetyki maj\u0105 okre\u015blon\u0105 dat\u0119 wa\u017cno\u015bci. Pami\u0119tajmy jednak, \u017ce sama data wa\u017cno\u015bci to jednak nie wszystko. Bardzo cz\u0119sto zdarza si\u0119, \u017ce tusz do rz\u0119s czy lakier do paznokci, mimo tego, \u017ce wed\u0142ug informacji na opakowaniu powinien pos\u0142u\u017cy\u0107 nam jeszcze kilka miesi\u0119cy, wysycha i nie nadaje si\u0119 ju\u017c do u\u017cycia. Jak [&hellip;]<\/p>\n","protected":false},"author":2,"featured_media":3742,"comment_status":"open","ping_status":"open","sticky":false,"template":"","format":"standard","meta":{"_et_pb_use_builder":"","_et_pb_old_content":"","_et_gb_content_width":"","footnotes":""},"categories":[41],"tags":[],"class_list":["post-3741","post","type-post","status-publish","format-standard","has-post-thumbnail","hentry","category-olsniewaj-makijazem","et-has-post-format-content","et_post_format-et-post-format-standard"],"_links":{"self":[{"href":"https:\/\/neness.pl\/blog\/wp-json\/wp\/v2\/posts\/3741","targetHints":{"allow":["GET"]}}],"collection":[{"href":"https:\/\/neness.pl\/blog\/wp-json\/wp\/v2\/posts"}],"about":[{"href":"https:\/\/neness.pl\/blog\/wp-json\/wp\/v2\/types\/post"}],"author":[{"embeddable":true,"href":"https:\/\/neness.pl\/blog\/wp-json\/wp\/v2\/users\/2"}],"replies":[{"embeddable":true,"href":"https:\/\/neness.pl\/blog\/wp-json\/wp\/v2\/comments?post=3741"}],"version-history":[{"count":0,"href":"https:\/\/neness.pl\/blog\/wp-json\/wp\/v2\/posts\/3741\/revisions"}],"wp:featuredmedia":[{"embeddable":true,"href":"https:\/\/neness.pl\/blog\/wp-json\/wp\/v2\/media\/3742"}],"wp:attachment":[{"href":"https:\/\/neness.pl\/blog\/wp-json\/wp\/v2\/media?parent=3741"}],"wp:term":[{"taxonomy":"category","embeddable":true,"href":"https:\/\/neness.pl\/blog\/wp-json\/wp\/v2\/categories?post=3741"},{"taxonomy":"post_tag","embeddable":true,"href":"https:\/\/neness.pl\/blog\/wp-json\/wp\/v2\/tags?post=3741"}],"curies":[{"name":"wp","href":"https:\/\/api.w.org\/{rel}","templated":true}]}}