{"id":3709,"date":"2017-11-14T14:27:58","date_gmt":"2017-11-14T13:27:58","guid":{"rendered":"http:\/\/ranking-kosmetykow.pl\/?p=3709"},"modified":"2017-11-14T14:27:58","modified_gmt":"2017-11-14T13:27:58","slug":"dlaczego-warto-uzywac-filtrow-jesienia","status":"publish","type":"post","link":"https:\/\/neness.pl\/blog\/dlaczego-warto-uzywac-filtrow-jesienia\/","title":{"rendered":"Dlaczego warto u\u017cywa\u0107 filtr\u00f3w jesieni\u0105?"},"content":{"rendered":"<p>Przez ca\u0142e lato s\u0142yszymy o tym, jak wa\u017cne jest stosowanie filtr\u00f3w przeciws\u0142onecznych. R\u00f3wnie\u017c my regularnie o tym przypominamy. Jednak bardzo cz\u0119sto wraz z nadej\u015bciem ch\u0142odniejszych dni kremy z filtrem odk\u0142adamy na p\u00f3\u0142k\u0119, by czeka\u0142y tam do wiosny. Nie jest to najlepszy pomys\u0142, bo kosmetyk\u00f3w tego typu powinny\u015bmy u\u017cywa\u0107 przez ca\u0142y rok. Dlaczego? Przeczytajcie!<\/p>\n<p>&nbsp;<\/p>\n<h3>Ochrona przed fotostarzeniem si\u0119 sk\u00f3ry<\/h3>\n<p><strong>Promieniowanie<\/strong> <strong>UVA<\/strong> to najwa\u017cniejszy czynnik odpowiedzialny za <strong>fotostarzenie<\/strong> si\u0119 naszej sk\u00f3ry. Promienie tego typu niszcz\u0105 w\u0142\u00f3kna kolagenowe, a to w\u0142a\u015bnie dzi\u0119ki nim nasza sk\u00f3ra jest elastyczna i j\u0119drna. Opr\u00f3cz tego na naszej sk\u00f3rze mog\u0105 pojawi\u0107 si\u0119 tak\u017ce <strong>przebarwienia<\/strong>, rozszerzone naczynia krwiono\u015bne i g\u0142\u0119bokie <strong>zmarszczki<\/strong>.<\/p>\n<p>Zosta\u0142o udowodnione, \u017ce promienie UV s\u0105 odpowiedzialne za niemal po\u0142ow\u0119 zmarszczek powstaj\u0105cych na naszej sk\u00f3rze. To chyba wystarczaj\u0105cy pow\u00f3d, by stosowa\u0107 krem z wysokim filtrem przez ca\u0142y rok?<\/p>\n<p>&nbsp;<\/p>\n<div id=\"attachment_3712\" style=\"width: 760px\" class=\"wp-caption aligncenter\"><a href=\"https:\/\/neness.pl\/kosmetyki\/pielegnacja_twarzy\/kremy\/dermacol_gold_elixir_odmladzajacy_krem_na_dzien.html\"><img loading=\"lazy\" decoding=\"async\" aria-describedby=\"caption-attachment-3712\" class=\"wp-image-3712 size-full\" src=\"http:\/\/ranking-kosmetykow.pl\/wp-content\/uploads\/2017\/11\/46dd79d17fd54a7d7614c71e4c0761bb-1.jpg\" alt=\"\" width=\"750\" height=\"1000\" srcset=\"https:\/\/neness.pl\/blog\/wp-content\/uploads\/2017\/11\/46dd79d17fd54a7d7614c71e4c0761bb-1.jpg 750w, https:\/\/neness.pl\/blog\/wp-content\/uploads\/2017\/11\/46dd79d17fd54a7d7614c71e4c0761bb-1-225x300.jpg 225w, https:\/\/neness.pl\/blog\/wp-content\/uploads\/2017\/11\/46dd79d17fd54a7d7614c71e4c0761bb-1-610x813.jpg 610w\" sizes=\"auto, (max-width: 750px) 100vw, 750px\" \/><\/a><p id=\"caption-attachment-3712\" class=\"wp-caption-text\">Dermacol Gold Elixir Odm\u0142adzaj\u0105cy Krem na Dzie\u0144 \/ 39,80 z\u0142<\/p><\/div>\n<p>&nbsp;<\/p>\n<h3>Uwa\u017caj na czerniaka<\/h3>\n<p>Nawet je\u015bli wydaje nam si\u0119, \u017ce s\u0142o\u0144ce nie jest ju\u017c tak ostre, jak w pe\u0142ni lata, szkodliwe promieniowanie ca\u0142y czas <strong>przenika<\/strong> przez chmury, a tak\u017ce szyby w pomieszczeniach i niekt\u00f3re tkaniny. Wbrew pozorom nat\u0119\u017cenie promieniowania jest <strong>identyczne<\/strong> <strong>przez<\/strong> <strong>ca\u0142y<\/strong> <strong>rok<\/strong>, niezale\u017cnie od pogody za oknem.<\/p>\n<p>Nawet je\u015bli wi\u0119kszo\u015b\u0107 dnia sp\u0119dzamy w domu lub biurze, nasza sk\u00f3ra ca\u0142y czas jest poddawana szkodliwemu dzia\u0142aniu s\u0142o\u0144ca, a co za tym idzie, opr\u00f3cz fotostarzenia si\u0119 sk\u00f3ry, jeste\u015bmy nara\u017ceni na pojawienie si\u0119 <strong>czerniaka<\/strong>. Tym bardziej, je\u015bli na naszej sk\u00f3rze wyst\u0119puje du\u017co pieprzyk\u00f3w i znamion. W tym wypadku krem z filtrem przez ca\u0142y rok powinien stanowi\u0107 element codziennej piel\u0119gnacji.<\/p>\n<p>&nbsp;<\/p>\n<div id=\"attachment_3713\" style=\"width: 760px\" class=\"wp-caption aligncenter\"><a href=\"https:\/\/neness.pl\/kosmetyki\/twarz\/podklady_i_pudry\/dermacol_bb_magic_beauty_cream_8in1_fair.html\"><img loading=\"lazy\" decoding=\"async\" aria-describedby=\"caption-attachment-3713\" class=\"size-full wp-image-3713\" src=\"http:\/\/ranking-kosmetykow.pl\/wp-content\/uploads\/2017\/11\/2bec3d0d135816fc268c1a84776364b8.jpg\" alt=\"\" width=\"750\" height=\"1000\" srcset=\"https:\/\/neness.pl\/blog\/wp-content\/uploads\/2017\/11\/2bec3d0d135816fc268c1a84776364b8.jpg 750w, https:\/\/neness.pl\/blog\/wp-content\/uploads\/2017\/11\/2bec3d0d135816fc268c1a84776364b8-225x300.jpg 225w, https:\/\/neness.pl\/blog\/wp-content\/uploads\/2017\/11\/2bec3d0d135816fc268c1a84776364b8-610x813.jpg 610w\" sizes=\"auto, (max-width: 750px) 100vw, 750px\" \/><\/a><p id=\"caption-attachment-3713\" class=\"wp-caption-text\">Dermacol BB Magic Beauty Cream 8in1 Fair \/ 21,99 z\u0142<\/p><\/div>\n<p>&nbsp;<\/p>\n<h3>Sk\u00f3ra w trakcie kuracji<\/h3>\n<p>Jesie\u0144 i zima to czas, kiedy bardzo cz\u0119sto stosujemy r\u00f3\u017cne <strong>kuracje dermatologiczne<\/strong>. To idealny czas na stosowanie retinoid\u00f3w, kwas\u00f3w owocowych, peeling\u00f3w chemicznych. Pami\u0119tajmy jednak, \u017ce wszystkie te zabiegi <strong>uwra\u017cliwiaj\u0105<\/strong> nasz\u0105 cer\u0119, a co za tym idzie, pod wp\u0142ywem promieni s\u0142onecznych na naszej sk\u00f3rze mog\u0105 pojawia\u0107 si\u0119 przebarwienia i podra\u017cnienia.<\/p>\n<p>W trakcie tego typu kuracji, szczeg\u00f3lnie gdy dzie\u0144 jest s\u0142oneczny, lub planujemy sp\u0119dzi\u0107 na dworze d\u0142u\u017cszy czas, krem z wysokim filtrem,<strong> co najmniej SPF 30<\/strong>, b\u0119dzie konieczno\u015bci\u0105.<\/p>\n<p>&nbsp;<\/p>\n<div id=\"attachment_3714\" style=\"width: 760px\" class=\"wp-caption aligncenter\"><a href=\"https:\/\/neness.pl\/kosmetyki\/twarz\/podklady_i_pudry\/dermacol_intensywnie_liftingujacy_podklad_04_ultimate_lifting_shield_make_up.html\"><img loading=\"lazy\" decoding=\"async\" aria-describedby=\"caption-attachment-3714\" class=\"size-full wp-image-3714\" src=\"http:\/\/ranking-kosmetykow.pl\/wp-content\/uploads\/2017\/11\/bd7bea9c92fbe5f31597f2b645b6eb68.jpg\" alt=\"\" width=\"750\" height=\"1000\" srcset=\"https:\/\/neness.pl\/blog\/wp-content\/uploads\/2017\/11\/bd7bea9c92fbe5f31597f2b645b6eb68.jpg 750w, https:\/\/neness.pl\/blog\/wp-content\/uploads\/2017\/11\/bd7bea9c92fbe5f31597f2b645b6eb68-225x300.jpg 225w, https:\/\/neness.pl\/blog\/wp-content\/uploads\/2017\/11\/bd7bea9c92fbe5f31597f2b645b6eb68-610x813.jpg 610w\" sizes=\"auto, (max-width: 750px) 100vw, 750px\" \/><\/a><p id=\"caption-attachment-3714\" class=\"wp-caption-text\">Dermacol Intensywnie Liftinguj\u0105cy Podk\u0142ad 04 Ultimate Lifting &amp; Shield Make up \/ 35,90 z\u0142<\/p><\/div>\n<p>&nbsp;<\/p>\n<h3>Promieniowanie nawet w pomieszczeniach<\/h3>\n<p>Czy wiecie, \u017ce <strong>lampy<\/strong> <strong>jarzeniowe<\/strong> potocznie nazywane jarzeni\u00f3wkami, emituj\u0105 promieniowanie bardzo podobne do tego, kt\u00f3re wytwarza s\u0142o\u0144ce? Ma ono bardzo podobny wp\u0142yw r\u00f3wnie\u017c na nasz\u0105 sk\u00f3r\u0119. Je\u015bli wi\u0119c codziennie sp\u0119dzasz osiem lub wi\u0119cej godzin w biurze lub pomieszczeniach, kt\u00f3re s\u0105 o\u015bwietlane w\u0142a\u015bnie w ten spos\u00f3b, stosowanie kremu z filtrem r\u00f3wnie\u017c b\u0119dzie dobrym pomys\u0142em.<\/p>\n<p>&nbsp;<\/p>\n","protected":false},"excerpt":{"rendered":"<p>Przez ca\u0142e lato s\u0142yszymy o tym, jak wa\u017cne jest stosowanie filtr\u00f3w przeciws\u0142onecznych. R\u00f3wnie\u017c my regularnie o tym przypominamy. Jednak bardzo cz\u0119sto wraz z nadej\u015bciem ch\u0142odniejszych dni kremy z filtrem odk\u0142adamy na p\u00f3\u0142k\u0119, by czeka\u0142y tam do wiosny. Nie jest to najlepszy pomys\u0142, bo kosmetyk\u00f3w tego typu powinny\u015bmy u\u017cywa\u0107 przez ca\u0142y rok. Dlaczego? Przeczytajcie! &nbsp; Ochrona [&hellip;]<\/p>\n","protected":false},"author":2,"featured_media":3710,"comment_status":"open","ping_status":"open","sticky":false,"template":"","format":"standard","meta":{"_et_pb_use_builder":"","_et_pb_old_content":"","_et_gb_content_width":"","footnotes":""},"categories":[185],"tags":[],"class_list":["post-3709","post","type-post","status-publish","format-standard","has-post-thumbnail","hentry","category-codzienna-pielegnacja","et-has-post-format-content","et_post_format-et-post-format-standard"],"_links":{"self":[{"href":"https:\/\/neness.pl\/blog\/wp-json\/wp\/v2\/posts\/3709","targetHints":{"allow":["GET"]}}],"collection":[{"href":"https:\/\/neness.pl\/blog\/wp-json\/wp\/v2\/posts"}],"about":[{"href":"https:\/\/neness.pl\/blog\/wp-json\/wp\/v2\/types\/post"}],"author":[{"embeddable":true,"href":"https:\/\/neness.pl\/blog\/wp-json\/wp\/v2\/users\/2"}],"replies":[{"embeddable":true,"href":"https:\/\/neness.pl\/blog\/wp-json\/wp\/v2\/comments?post=3709"}],"version-history":[{"count":0,"href":"https:\/\/neness.pl\/blog\/wp-json\/wp\/v2\/posts\/3709\/revisions"}],"wp:featuredmedia":[{"embeddable":true,"href":"https:\/\/neness.pl\/blog\/wp-json\/wp\/v2\/media\/3710"}],"wp:attachment":[{"href":"https:\/\/neness.pl\/blog\/wp-json\/wp\/v2\/media?parent=3709"}],"wp:term":[{"taxonomy":"category","embeddable":true,"href":"https:\/\/neness.pl\/blog\/wp-json\/wp\/v2\/categories?post=3709"},{"taxonomy":"post_tag","embeddable":true,"href":"https:\/\/neness.pl\/blog\/wp-json\/wp\/v2\/tags?post=3709"}],"curies":[{"name":"wp","href":"https:\/\/api.w.org\/{rel}","templated":true}]}}