{"id":3674,"date":"2017-11-08T12:15:40","date_gmt":"2017-11-08T11:15:40","guid":{"rendered":"http:\/\/ranking-kosmetykow.pl\/?p=3674"},"modified":"2017-11-08T12:15:40","modified_gmt":"2017-11-08T11:15:40","slug":"dlaczego-podklad-ciemnieje-na-skorze","status":"publish","type":"post","link":"https:\/\/neness.pl\/blog\/dlaczego-podklad-ciemnieje-na-skorze\/","title":{"rendered":"Dlaczego podk\u0142ad ciemnieje na sk\u00f3rze?"},"content":{"rendered":"<p>Dobrze dobrany podk\u0142ad to gwarancja udanego makija\u017cu. Dlatego jego kolor powinien by\u0107 idealnie dopasowany do odcienia naszej cery. Niestety cz\u0119sto na poz\u00f3r w\u0142a\u015bciwy dla nas kolor po chwili od na\u0142o\u017cenia na twarz staje si\u0119 zbyt ciemny i pomara\u0144czowy. Czy mo\u017cna temu zaradzi\u0107? Dlaczego podk\u0142ad ciemnieje?<\/p>\n<p>&nbsp;<\/p>\n<h3>Dlaczego podk\u0142ad oksyduje?<\/h3>\n<p>Ciemnienie podk\u0142adu nazywamy inaczej <strong>oksydacj\u0105<\/strong>. Jest to nic innego jak reakcja chemiczna, kt\u00f3ra zachodzi <strong>pod<\/strong> <strong>wp\u0142ywem<\/strong> dzia\u0142ania <strong>powietrza<\/strong>, <strong>promieni<\/strong> <strong>UV<\/strong>, <strong>wilgoci<\/strong> i innych czynnik\u00f3w, kt\u00f3re oddzia\u0142uj\u0105 na kosmetyk na\u0142o\u017cony na sk\u00f3r\u0119. Nie mo\u017cemy przewidzie\u0107 tej reakcji, gdy podk\u0142ad zamkni\u0119ty jest w tubce lub buteleczce, bo po prostu nie ma on w\u00f3wczas kontaktu z powietrzem.<\/p>\n<p>&nbsp;<\/p>\n<div id=\"attachment_3677\" style=\"width: 760px\" class=\"wp-caption aligncenter\"><a href=\"https:\/\/neness.pl\/kosmetyki\/twarz\/podklady_i_pudry\/dermacol_podklad_eliminujacy_oznaki_zmeczenia_wake_and_make_up.html\"><img loading=\"lazy\" decoding=\"async\" aria-describedby=\"caption-attachment-3677\" class=\"size-full wp-image-3677\" src=\"http:\/\/ranking-kosmetykow.pl\/wp-content\/uploads\/2017\/11\/8f7d54dd626646a9e6536c8ca8050519.png\" alt=\"\" width=\"750\" height=\"1000\" srcset=\"https:\/\/neness.pl\/blog\/wp-content\/uploads\/2017\/11\/8f7d54dd626646a9e6536c8ca8050519.png 750w, https:\/\/neness.pl\/blog\/wp-content\/uploads\/2017\/11\/8f7d54dd626646a9e6536c8ca8050519-225x300.png 225w, https:\/\/neness.pl\/blog\/wp-content\/uploads\/2017\/11\/8f7d54dd626646a9e6536c8ca8050519-610x813.png 610w\" sizes=\"auto, (max-width: 750px) 100vw, 750px\" \/><\/a><p id=\"caption-attachment-3677\" class=\"wp-caption-text\">Dermacol Podk\u0142ad Eliminuj\u0105cy Oznaki Zm\u0119czenia Wake and Make up \/<br \/>35,90 z\u0142<\/p><\/div>\n<p>&nbsp;<\/p>\n<p>Niestety, je\u017celi to w\u0142a\u015bnie oksydacja, inaczej zwana utlenianiem jest powodem, dla kt\u00f3rego podk\u0142ad ciemnieje na naszej twarzy, nie mamy innego wyj\u015bcia jak po prostu <strong>zmieni\u0107<\/strong> ten kosmetyk na inny produkt.<\/p>\n<p>Jak sprawdzi\u0107, czy kosmetyk oksyduje? Na\u0142\u00f3\u017c odrobin\u0119 na d\u0142o\u0144 lub \u017cuchw\u0119, odczekaj kilkana\u015bcie minut, a nast\u0119pnie obok wyci\u015bnij kolejn\u0105 porcj\u0119 kosmetyku i zobacz, czy jego kolor si\u0119 zmieni\u0142. Je\u015bli podk\u0142ad na\u0142o\u017cony wcze\u015bniej <strong>sta\u0142<\/strong> <strong>si\u0119 ciemniejszy<\/strong> lub <strong>zmieni\u0142<\/strong> odcie\u0144 na <strong>bardziej<\/strong> <strong>pomara\u0144czowy<\/strong>, to znak, \u017ce niestety nasz kosmetyk si\u0119 utlenia.<\/p>\n<p>&nbsp;<\/p>\n<div id=\"attachment_3678\" style=\"width: 760px\" class=\"wp-caption aligncenter\"><a href=\"https:\/\/neness.pl\/kosmetyki\/twarz\/podklady_i_pudry\/dermacol_04_dlugotrwaly_matujacy_podklad_wodoodporny_matt_control.html\"><img loading=\"lazy\" decoding=\"async\" aria-describedby=\"caption-attachment-3678\" class=\"size-full wp-image-3678\" src=\"http:\/\/ranking-kosmetykow.pl\/wp-content\/uploads\/2017\/11\/65c85e1e34cc4a349c72f8c88df9c862.png\" alt=\"\" width=\"750\" height=\"1000\" srcset=\"https:\/\/neness.pl\/blog\/wp-content\/uploads\/2017\/11\/65c85e1e34cc4a349c72f8c88df9c862.png 750w, https:\/\/neness.pl\/blog\/wp-content\/uploads\/2017\/11\/65c85e1e34cc4a349c72f8c88df9c862-225x300.png 225w, https:\/\/neness.pl\/blog\/wp-content\/uploads\/2017\/11\/65c85e1e34cc4a349c72f8c88df9c862-610x813.png 610w\" sizes=\"auto, (max-width: 750px) 100vw, 750px\" \/><\/a><p id=\"caption-attachment-3678\" class=\"wp-caption-text\">Dermacol D\u0142ugotrwa\u0142y Matuj\u0105cy Podk\u0142ad Wodoodporny Matt Control \/<br \/>27,99 z\u0142<\/p><\/div>\n<p>&nbsp;<\/p>\n<h3>Zmie\u0144 krem<\/h3>\n<p>A co je\u015bli podk\u0142ad, kt\u00f3rego u\u017cywamy ju\u017c jaki\u015b czas, zacz\u0105\u0142 <strong>nagle<\/strong> ciemnie\u0107? W tym wypadku problem tkwi prawdopodobnie w zmianie piel\u0119gnacji. By\u0107 mo\u017ce zmieni\u0142a\u015b niedawno krem do twarzy na inny lub zacz\u0119\u0142a\u015b u\u017cywa\u0107 nowego toniku? Je\u015bli ta zmiana nast\u0105pi\u0142a w tym samym czasie, kiedy nasz podk\u0142ad zacz\u0105\u0142 zmienia\u0107 sw\u00f3j kolor, to prawdopodobnie jest skutkiem <strong>reakcji<\/strong> tych <strong>dw\u00f3ch<\/strong> <strong>kosmetyk\u00f3w<\/strong>. Zwi\u0105zki chemiczne zawarte w kosmetykach piel\u0119gnacyjnych i tych do makija\u017cu reaguj\u0105 ze sob\u0105 w spos\u00f3b, kt\u00f3rego skutkiem ubocznym jest w\u0142a\u015bnie zmiana odcienia i oksydacja podk\u0142adu.<\/p>\n<p>&nbsp;<\/p>\n<div id=\"attachment_3679\" style=\"width: 760px\" class=\"wp-caption aligncenter\"><a href=\"https:\/\/neness.pl\/kosmetyki\/twarz\/podklady_i_pudry\/dermacol_podklad_noblesse_fusion_25ml_plynny_make-up.html\"><img loading=\"lazy\" decoding=\"async\" aria-describedby=\"caption-attachment-3679\" class=\"size-full wp-image-3679\" src=\"http:\/\/ranking-kosmetykow.pl\/wp-content\/uploads\/2017\/11\/cdc6cd3337803822cd188d2843ea7477.png\" alt=\"\" width=\"750\" height=\"1000\" srcset=\"https:\/\/neness.pl\/blog\/wp-content\/uploads\/2017\/11\/cdc6cd3337803822cd188d2843ea7477.png 750w, https:\/\/neness.pl\/blog\/wp-content\/uploads\/2017\/11\/cdc6cd3337803822cd188d2843ea7477-225x300.png 225w, https:\/\/neness.pl\/blog\/wp-content\/uploads\/2017\/11\/cdc6cd3337803822cd188d2843ea7477-610x813.png 610w\" sizes=\"auto, (max-width: 750px) 100vw, 750px\" \/><\/a><p id=\"caption-attachment-3679\" class=\"wp-caption-text\">Dermacol Podk\u0142ad Noblesse Fusion 25ml P\u0142ynny Make-up \/<br \/>61,50 z\u0142<\/p><\/div>\n<p>&nbsp;<\/p>\n<p>Aby zapobiega\u0107 takiej reakcji, warto <strong>odczeka\u0107<\/strong> d\u0142u\u017csz\u0105 chwil\u0119 po na\u0142o\u017ceniu kremu, a\u017c wch\u0142onie si\u0119 w sk\u00f3r\u0119, a nadmiar usun\u0105\u0107 na przyk\u0142ad chusteczk\u0105. Innym sposobem jest r\u00f3wnie\u017c zmiana kosmetyk\u00f3w i <strong>wypr\u00f3bowanie innej kombinacji<\/strong>. By\u0107 mo\u017ce krem, kt\u00f3rego u\u017cywa\u0142y\u015bmy pod makija\u017c, lepiej sprawdzi si\u0119 na noc, a na dzie\u0144 wypr\u00f3bujmy produkt z nieco innym sk\u0142adem, kt\u00f3ry lepiej \u201edogada si\u0119\u201d z naszym podk\u0142adem. W tym wypadku szukanie idealnego zestawu metod\u0105 pr\u00f3b i b\u0142\u0119d\u00f3w to jedyne wyj\u015bcie, by znale\u017a\u0107 duet idealny.<\/p>\n<p>&nbsp;<\/p>\n<h3>Nadmiar sebum<\/h3>\n<p>Kolejn\u0105 przyczyn\u0105 ciemnienia podk\u0142adu na naszej sk\u00f3rze jest r\u00f3wnie\u017c ilo\u015b\u0107 wydzielanego przez nasz\u0105 sk\u00f3r\u0119 <strong>sebum<\/strong>. Z tym problemem najcz\u0119\u015bciej borykaj\u0105 si\u0119 posiadaczki cery <strong>t\u0142ustej<\/strong> i <strong>mieszanej<\/strong>. Nadmiar sebum mo\u017ce powodowa\u0107, \u017ce podk\u0142ad na sk\u00f3rze b\u0119dzie nie tylko si\u0119 warzy\u0142, ale tak\u017ce ciemnia\u0142 lub stawa\u0142 si\u0119 nieco szary. Czy mo\u017cemy temu zapobiega\u0107? Warto si\u0119gn\u0105\u0107 po <strong>krem<\/strong> <strong>matuj\u0105cy<\/strong> przed na\u0142o\u017ceniem makija\u017cu, kt\u00f3ry cho\u0107 troch\u0119 ograniczy prac\u0119 naszych gruczo\u0142\u00f3w \u0142ojowych.<\/p>\n<p>&nbsp;<\/p>\n<div id=\"attachment_3680\" style=\"width: 760px\" class=\"wp-caption aligncenter\"><a href=\"https:\/\/neness.pl\/kosmetyki\/twarz\/bazy_pod_makijaz\/dermacol_matt_control_base_matujaca_baza_pod_makijaz.html\"><img loading=\"lazy\" decoding=\"async\" aria-describedby=\"caption-attachment-3680\" class=\"size-full wp-image-3680\" src=\"http:\/\/ranking-kosmetykow.pl\/wp-content\/uploads\/2017\/11\/651f4aac2bec6f029fe17143942751a0.png\" alt=\"\" width=\"750\" height=\"1000\" srcset=\"https:\/\/neness.pl\/blog\/wp-content\/uploads\/2017\/11\/651f4aac2bec6f029fe17143942751a0.png 750w, https:\/\/neness.pl\/blog\/wp-content\/uploads\/2017\/11\/651f4aac2bec6f029fe17143942751a0-225x300.png 225w, https:\/\/neness.pl\/blog\/wp-content\/uploads\/2017\/11\/651f4aac2bec6f029fe17143942751a0-610x813.png 610w\" sizes=\"auto, (max-width: 750px) 100vw, 750px\" \/><\/a><p id=\"caption-attachment-3680\" class=\"wp-caption-text\">Dermacol Matt Control Base Matuj\u0105ca Baza Pod Makija\u017c \/<br \/>25,50 z\u0142<\/p><\/div>\n<p>&nbsp;<\/p>\n<p>Od czasu do czasu si\u0119gn\u0105\u0107 mo\u017cemy r\u00f3wnie\u017c po matuj\u0105c\u0105 <strong>baz\u0119<\/strong> <strong>pod<\/strong> <strong>makija\u017c<\/strong>, kt\u00f3ra b\u0119dzie stanowi\u0142a swojego rodzaju <strong>barier\u0119<\/strong> mi\u0119dzy nasz\u0105 sk\u00f3r\u0105 a kosmetykiem do makija\u017cu. Pami\u0119tajmy jednak, \u017ce stosowanie baz silikonowych codziennie nie jest najlepszym rozwi\u0105zaniem dla naszej sk\u00f3ry i mo\u017ce spowodowa\u0107 zapychanie si\u0119 por\u00f3w lub powstawanie niedoskona\u0142o\u015bci \u2013 silikony zawarte w tego typu produktach sprawiaj\u0105, \u017ce nasza sk\u00f3ra nie jest w stanie oddycha\u0107.<\/p>\n","protected":false},"excerpt":{"rendered":"<p>Dobrze dobrany podk\u0142ad to gwarancja udanego makija\u017cu. Dlatego jego kolor powinien by\u0107 idealnie dopasowany do odcienia naszej cery. Niestety cz\u0119sto na poz\u00f3r w\u0142a\u015bciwy dla nas kolor po chwili od na\u0142o\u017cenia na twarz staje si\u0119 zbyt ciemny i pomara\u0144czowy. Czy mo\u017cna temu zaradzi\u0107? Dlaczego podk\u0142ad ciemnieje? &nbsp; Dlaczego podk\u0142ad oksyduje? Ciemnienie podk\u0142adu nazywamy inaczej oksydacj\u0105. Jest [&hellip;]<\/p>\n","protected":false},"author":2,"featured_media":3675,"comment_status":"open","ping_status":"open","sticky":false,"template":"","format":"standard","meta":{"_et_pb_use_builder":"","_et_pb_old_content":"","_et_gb_content_width":"","footnotes":""},"categories":[41],"tags":[],"class_list":["post-3674","post","type-post","status-publish","format-standard","has-post-thumbnail","hentry","category-olsniewaj-makijazem","et-has-post-format-content","et_post_format-et-post-format-standard"],"_links":{"self":[{"href":"https:\/\/neness.pl\/blog\/wp-json\/wp\/v2\/posts\/3674","targetHints":{"allow":["GET"]}}],"collection":[{"href":"https:\/\/neness.pl\/blog\/wp-json\/wp\/v2\/posts"}],"about":[{"href":"https:\/\/neness.pl\/blog\/wp-json\/wp\/v2\/types\/post"}],"author":[{"embeddable":true,"href":"https:\/\/neness.pl\/blog\/wp-json\/wp\/v2\/users\/2"}],"replies":[{"embeddable":true,"href":"https:\/\/neness.pl\/blog\/wp-json\/wp\/v2\/comments?post=3674"}],"version-history":[{"count":0,"href":"https:\/\/neness.pl\/blog\/wp-json\/wp\/v2\/posts\/3674\/revisions"}],"wp:featuredmedia":[{"embeddable":true,"href":"https:\/\/neness.pl\/blog\/wp-json\/wp\/v2\/media\/3675"}],"wp:attachment":[{"href":"https:\/\/neness.pl\/blog\/wp-json\/wp\/v2\/media?parent=3674"}],"wp:term":[{"taxonomy":"category","embeddable":true,"href":"https:\/\/neness.pl\/blog\/wp-json\/wp\/v2\/categories?post=3674"},{"taxonomy":"post_tag","embeddable":true,"href":"https:\/\/neness.pl\/blog\/wp-json\/wp\/v2\/tags?post=3674"}],"curies":[{"name":"wp","href":"https:\/\/api.w.org\/{rel}","templated":true}]}}