{"id":3656,"date":"2017-11-03T12:41:36","date_gmt":"2017-11-03T11:41:36","guid":{"rendered":"http:\/\/ranking-kosmetykow.pl\/?p=3656"},"modified":"2017-11-03T12:41:36","modified_gmt":"2017-11-03T11:41:36","slug":"kolagen-w-walce-ze-zmarszczkami-czy-warto","status":"publish","type":"post","link":"https:\/\/neness.pl\/blog\/kolagen-w-walce-ze-zmarszczkami-czy-warto\/","title":{"rendered":"Kolagen w walce ze zmarszczkami &#8211; czy warto?"},"content":{"rendered":"<p>W jednym z naszych poprzednich <a href=\"http:\/\/ranking-kosmetykow.pl\/2017\/10\/23\/rola-bialka-w-pielegnacji\/\">wpis\u00f3w<\/a> poruszali\u015bmy temat znaczenia bia\u0142ka w piel\u0119gnacji sk\u00f3ry i w\u0142os\u00f3w. Jednym z bia\u0142ek naturalnie wyst\u0119puj\u0105cych w ludzkim organizmie niemal w ka\u017cdej kom\u00f3rce jest kolagen. Dlaczego jest tak wa\u017cny dla m\u0142odego wygl\u0105du sk\u00f3ry i w jakich kosmetykach mo\u017cemy go znale\u017a\u0107?<\/p>\n<p>&nbsp;<\/p>\n<h3>Czym jest kolagen?<\/h3>\n<p>Kolagen to jedno z bia\u0142ek, kt\u00f3re wyst\u0119puje we wszystkich organizmach zwierz\u0105t i ludzi. Jako <strong>bia\u0142ko tkanki \u0142\u0105cznej<\/strong>, jest on g\u0142\u00f3wnym sk\u0142adnikiem \u015bci\u0119gien i odpowiada za elastyczno\u015b\u0107 sk\u00f3ry.<\/p>\n<p>Jego charakterystyczna struktura sprawia, \u017ce stanowi on szkielet tkanki \u0142\u0105cznej i podtrzymuje wy\u017csze warstwy sk\u00f3ry, kt\u00f3ra w\u0142a\u015bnie dzi\u0119ki kolagenowi ma odpowiedni\u0105 <strong>elastyczno\u015b\u0107 i j\u0119drno\u015b\u0107<\/strong>.<\/p>\n<p>Co wi\u0119cej, kolagen ma <strong>zdolno\u015b\u0107 wi\u0105zania<\/strong> <strong>wody<\/strong> w kom\u00f3rkach, a tak\u017ce jest \u0142\u0105cznikiem mi\u0119dzy sk\u00f3r\u0105 w\u0142a\u015bciw\u0105 a nask\u00f3rkiem.<\/p>\n<p><strong>W\u0142\u00f3kna kolagenowe<\/strong>, cho\u0107 s\u0105 bardzo wytrzyma\u0142e, z wiekiem i na skutek wielokrotnego rozci\u0105gania, zrywaj\u0105 si\u0119 i powoduj\u0105 <strong>rozst\u0119py<\/strong> w sk\u00f3rze. Wraz z wiekiem <strong>zmniejsza<\/strong> <strong>si\u0119<\/strong> r\u00f3wnie\u017c zdolno\u015b\u0107 <strong>fibroblast\u00f3w<\/strong> \u2013 kom\u00f3rek tkanki \u0142\u0105cznej \u2013 do <strong>wytwarzania kolagenu<\/strong>, a co za tym idzie, jego zawarto\u015b\u0107 w kom\u00f3rkach spada. Na sk\u00f3rze zaczynaj\u0105 pojawia\u0107 si\u0119 <strong>zmarszczki<\/strong>, spada poziom nawil\u017cenia i jej j\u0119drno\u015b\u0107.<\/p>\n<p>Im mniejsza zawarto\u015b\u0107 kolagenu w naszej sk\u00f3rze, tym mniej wyra\u017any staje si\u0119 owal naszej twarzy, pojawia si\u0119 wi\u0119cej zmarszczek mimicznych i zmarszczki grawitacyjne. Ponadto degradacj\u0119 kolagenu w sk\u00f3rze przyspiesza szkodliwe <strong>dzia\u0142anie promieni<\/strong> <strong>UV<\/strong>, <strong>palenie<\/strong> tytoniu i inne u\u017cywki, a tak\u017ce <strong>stres<\/strong> i <strong>nieodpowiednia<\/strong> <strong>dieta<\/strong>.<\/p>\n<p>&nbsp;<\/p>\n<div id=\"attachment_3661\" style=\"width: 760px\" class=\"wp-caption aligncenter\"><a href=\"https:\/\/neness.pl\/kosmetyki\/pielegnacja_twarzy\/maseczki\/pilaten_collagen_lip_mask_maska_kolagenowa_na_usta.html\"><img loading=\"lazy\" decoding=\"async\" aria-describedby=\"caption-attachment-3661\" class=\"size-full wp-image-3661\" src=\"http:\/\/ranking-kosmetykow.pl\/wp-content\/uploads\/2017\/11\/dfced7561692d94062cf43e5789da34e.jpg\" alt=\"\" width=\"750\" height=\"1000\" srcset=\"https:\/\/neness.pl\/blog\/wp-content\/uploads\/2017\/11\/dfced7561692d94062cf43e5789da34e.jpg 750w, https:\/\/neness.pl\/blog\/wp-content\/uploads\/2017\/11\/dfced7561692d94062cf43e5789da34e-225x300.jpg 225w, https:\/\/neness.pl\/blog\/wp-content\/uploads\/2017\/11\/dfced7561692d94062cf43e5789da34e-610x813.jpg 610w\" sizes=\"auto, (max-width: 750px) 100vw, 750px\" \/><\/a><p id=\"caption-attachment-3661\" class=\"wp-caption-text\">Pilaten Collagen Lip Mask Maska Kolagenowa na Usta \/<br \/>4,99 z\u0142<\/p><\/div>\n<p>&nbsp;<\/p>\n<h3>Kolagen w kosmetykach<\/h3>\n<p><strong>Po trzydziestym<\/strong> <strong>roku<\/strong> <strong>\u017cycia<\/strong> sk\u00f3ra wiotczeje \u2013 to w\u0142a\u015bnie efekt niedoboru kolagenu. Staje si\u0119 r\u00f3wnie\u017c mniej <strong>nawil\u017cona<\/strong>. To odpowiedni moment, by zmieni\u0107 piel\u0119gnacj\u0119 i wprowadzi\u0107 do niej kosmetyki, kt\u00f3re w swoim sk\u0142adzie maj\u0105 r\u00f3wnie\u017c kolagen.<\/p>\n<p>W kosmetykach do piel\u0119gnacji cery zazwyczaj u\u017cywany jest <strong>kolagen<\/strong> <strong>morski<\/strong> lub rybi, kt\u00f3ry, cho\u0107 r\u00f3\u017cni si\u0119 struktur\u0105 od tego wyst\u0119puj\u0105cego w organizmie cz\u0142owieka, korzystnie wp\u0142ywa na wygl\u0105d sk\u00f3ry. Dzi\u0119ki tak zwanym <strong>w\u0142a\u015bciwo\u015bciom filmotw\u00f3rczym<\/strong> wyg\u0142adza sk\u00f3r\u0119 i tworzy na sk\u00f3rze barier\u0119, kt\u00f3ra chroni cer\u0119 przed nadmiern\u0105 utrat\u0105 wody.<\/p>\n<p>Dzi\u0119ki dodatkowi kolagenu sk\u00f3ra staje si\u0119 <strong>lepiej<\/strong> <strong>nawil\u017cona<\/strong> i bardziej odporna na szkodliwe dzia\u0142anie czynnik\u00f3w zewn\u0119trznych. Ponadto kolagen w kosmetykach dzia\u0142a na sk\u00f3r\u0119 <strong>liftinguj\u0105co<\/strong>, <strong>regeneruj\u0105co<\/strong>, <strong>sp\u0142yca<\/strong> <strong>zmarszczki<\/strong> i sprzyja wyg\u0142adzaniu blizn.<\/p>\n<p>Kolagen jest r\u00f3wnie\u017c cz\u0119stym sk\u0142adnikiem kosmetyk\u00f3w zawieraj\u0105cych substancje aktywne, na przyk\u0142ad witamin\u0119 C, dzi\u0119ki czemu \u0142atwiej wnika w g\u0142\u0119bsze warstwy sk\u00f3ry. Ponadto jest on <strong>dobrze tolerowany<\/strong> przez sk\u00f3r\u0119, dlatego mo\u017ce by\u0107 stosowany przez osoby posiadaj\u0105ce cer\u0119 wra\u017cliw\u0105.<\/p>\n<p>&nbsp;<\/p>\n<div id=\"attachment_3660\" style=\"width: 760px\" class=\"wp-caption aligncenter\"><a href=\"https:\/\/neness.pl\/kosmetyki\/pielegnacja_twarzy\/maseczki\/holika_holika_maseczka_skin_rescue_collagen_mask_sheet.html\"><img loading=\"lazy\" decoding=\"async\" aria-describedby=\"caption-attachment-3660\" class=\"size-full wp-image-3660\" src=\"http:\/\/ranking-kosmetykow.pl\/wp-content\/uploads\/2017\/11\/97f0e23f6379d6950214ea03c4ad7469.jpg\" alt=\"\" width=\"750\" height=\"1000\" srcset=\"https:\/\/neness.pl\/blog\/wp-content\/uploads\/2017\/11\/97f0e23f6379d6950214ea03c4ad7469.jpg 750w, https:\/\/neness.pl\/blog\/wp-content\/uploads\/2017\/11\/97f0e23f6379d6950214ea03c4ad7469-225x300.jpg 225w, https:\/\/neness.pl\/blog\/wp-content\/uploads\/2017\/11\/97f0e23f6379d6950214ea03c4ad7469-610x813.jpg 610w\" sizes=\"auto, (max-width: 750px) 100vw, 750px\" \/><\/a><p id=\"caption-attachment-3660\" class=\"wp-caption-text\">Holika Holika Maseczka Skin Rescue Collagen Mask Sheet \/<br \/>13,50 z\u0142<\/p><\/div>\n<p>&nbsp;<\/p>\n<h3>W jakich kosmetykach mo\u017cemy znale\u017a\u0107 kolagen?<\/h3>\n<p>Kolagen mo\u017cemy znale\u017a\u0107 w wielu kosmetykach piel\u0119gnacyjnych, szczeg\u00f3lnie tych skierowanych do <strong>cery<\/strong> <strong>dojrza\u0142ej<\/strong>. \u015awietnie sprawdza si\u0119 w <strong>maseczkach<\/strong> do twarzy, natychmiastowo zmniejsza widoczno\u015b\u0107 zmarszczek, a dzi\u0119ki dzia\u0142aniu liftinguj\u0105cemu <strong>poprawia<\/strong> <strong>owal<\/strong> <strong>twarzy<\/strong>. Kremy z dodatkiem kolagenu stosowane codziennie pomagaj\u0105 przywr\u00f3ci\u0107 sk\u00f3rze g\u0119sto\u015b\u0107, zapobiegaj\u0105 jej wiotczeniu, poprawiaj\u0105 jej elastyczno\u015b\u0107 i redukuj\u0105 g\u0142\u0119boko\u015b\u0107 zmarszczek.<\/p>\n<div id=\"attachment_3659\" style=\"width: 760px\" class=\"wp-caption aligncenter\"><img loading=\"lazy\" decoding=\"async\" aria-describedby=\"caption-attachment-3659\" class=\"size-full wp-image-3659\" src=\"http:\/\/ranking-kosmetykow.pl\/wp-content\/uploads\/2017\/11\/71ab3c006a4c147b88eaf0ae59468bb8.jpg\" alt=\"\" width=\"750\" height=\"1000\" srcset=\"https:\/\/neness.pl\/blog\/wp-content\/uploads\/2017\/11\/71ab3c006a4c147b88eaf0ae59468bb8.jpg 750w, https:\/\/neness.pl\/blog\/wp-content\/uploads\/2017\/11\/71ab3c006a4c147b88eaf0ae59468bb8-225x300.jpg 225w, https:\/\/neness.pl\/blog\/wp-content\/uploads\/2017\/11\/71ab3c006a4c147b88eaf0ae59468bb8-610x813.jpg 610w\" sizes=\"auto, (max-width: 750px) 100vw, 750px\" \/><p id=\"caption-attachment-3659\" class=\"wp-caption-text\">Pilaten Collagen Eye Mask Maska Kolagenowa pod Oczy \/<br \/>4,99 z\u0142<\/p><\/div>\n<p>&nbsp;<\/p>\n<p>Na wielkie wyj\u015bcia polecamy tak\u017ce <strong>p\u0142atki kolagenowe<\/strong> <strong>pod<\/strong> <strong>oczy<\/strong>, kt\u00f3re nawil\u017caj\u0105 i wyg\u0142adzaj\u0105 sk\u00f3r\u0119, rozja\u015bniaj\u0105 cienie i wyg\u0142adzaj\u0105 drobne zmarszczki mimiczne w tej okolicy.<\/p>\n<p>Kosmetyki z kolagenem i nie tylko znajdziecie w naszej perfumerii internetowej <a href=\"https:\/\/neness.pl\/\">neness.pl<\/a>. Zapraszamy!<\/p>\n","protected":false},"excerpt":{"rendered":"<p>W jednym z naszych poprzednich wpis\u00f3w poruszali\u015bmy temat znaczenia bia\u0142ka w piel\u0119gnacji sk\u00f3ry i w\u0142os\u00f3w. Jednym z bia\u0142ek naturalnie wyst\u0119puj\u0105cych w ludzkim organizmie niemal w ka\u017cdej kom\u00f3rce jest kolagen. Dlaczego jest tak wa\u017cny dla m\u0142odego wygl\u0105du sk\u00f3ry i w jakich kosmetykach mo\u017cemy go znale\u017a\u0107? &nbsp; Czym jest kolagen? Kolagen to jedno z bia\u0142ek, kt\u00f3re wyst\u0119puje [&hellip;]<\/p>\n","protected":false},"author":2,"featured_media":3657,"comment_status":"open","ping_status":"open","sticky":false,"template":"","format":"standard","meta":{"_et_pb_use_builder":"","_et_pb_old_content":"","_et_gb_content_width":"","footnotes":""},"categories":[185],"tags":[],"class_list":["post-3656","post","type-post","status-publish","format-standard","has-post-thumbnail","hentry","category-codzienna-pielegnacja","et-has-post-format-content","et_post_format-et-post-format-standard"],"_links":{"self":[{"href":"https:\/\/neness.pl\/blog\/wp-json\/wp\/v2\/posts\/3656","targetHints":{"allow":["GET"]}}],"collection":[{"href":"https:\/\/neness.pl\/blog\/wp-json\/wp\/v2\/posts"}],"about":[{"href":"https:\/\/neness.pl\/blog\/wp-json\/wp\/v2\/types\/post"}],"author":[{"embeddable":true,"href":"https:\/\/neness.pl\/blog\/wp-json\/wp\/v2\/users\/2"}],"replies":[{"embeddable":true,"href":"https:\/\/neness.pl\/blog\/wp-json\/wp\/v2\/comments?post=3656"}],"version-history":[{"count":0,"href":"https:\/\/neness.pl\/blog\/wp-json\/wp\/v2\/posts\/3656\/revisions"}],"wp:featuredmedia":[{"embeddable":true,"href":"https:\/\/neness.pl\/blog\/wp-json\/wp\/v2\/media\/3657"}],"wp:attachment":[{"href":"https:\/\/neness.pl\/blog\/wp-json\/wp\/v2\/media?parent=3656"}],"wp:term":[{"taxonomy":"category","embeddable":true,"href":"https:\/\/neness.pl\/blog\/wp-json\/wp\/v2\/categories?post=3656"},{"taxonomy":"post_tag","embeddable":true,"href":"https:\/\/neness.pl\/blog\/wp-json\/wp\/v2\/tags?post=3656"}],"curies":[{"name":"wp","href":"https:\/\/api.w.org\/{rel}","templated":true}]}}