{"id":3580,"date":"2017-10-24T15:00:28","date_gmt":"2017-10-24T13:00:28","guid":{"rendered":"http:\/\/ranking-kosmetykow.pl\/?p=3580"},"modified":"2017-10-24T15:00:28","modified_gmt":"2017-10-24T13:00:28","slug":"zapachy-idealne-na-jesien","status":"publish","type":"post","link":"https:\/\/neness.pl\/blog\/zapachy-idealne-na-jesien\/","title":{"rendered":"Zapachy idealne na jesie\u0144"},"content":{"rendered":"<p>&nbsp;<\/p>\n<p>Nadesz\u0142a jesie\u0144, a wraz z ni\u0105 deszczowe i pochmurne dni. Coraz wcze\u015bniej robi si\u0119 ciemno, a zi\u0105b za oknem sprawia, \u017ce nie mamy ochoty wychodzi\u0107 z domu. W\u0142a\u015bnie o tej porze roku cz\u0119\u015bciej si\u0119gamy po perfumy, kt\u00f3re swoim aromatem potrafi\u0105 poprawi\u0107 nam humor i sprawi\u0107, \u017ce cho\u0107 na chwil\u0119 zn\u00f3w poczujemy si\u0119 lepiej. Po jakie perfumy najch\u0119tniej si\u0119gamy w\u0142a\u015bnie jesieni\u0105?<\/p>\n<p>&nbsp;<\/p>\n<h3>Odrobina s\u0142odyczy<\/h3>\n<p>Im ch\u0142odniej i bardziej szaro na dworze, tym ch\u0119tniej zaczynamy si\u0119ga\u0107 po <strong>zapachy s\u0142odkie<\/strong>. Ponadto wybieramy tak\u017ce kompozycje <strong>ci\u0119\u017csze<\/strong> i <strong>bardziej intensywne<\/strong>. To, czego zwykle unikali\u015bmy w perfumach w upalne letnie dni, jesieni\u0105 potrafi poprawi\u0107 nam humor.<\/p>\n<p>W\u0142a\u015bnie jesieni\u0105 i zim\u0105 w zwi\u0105zku ze zmianami temperatury na ni\u017csze, r\u00f3wnie\u017c nasze cia\u0142o wydziela <strong>mniej<\/strong> <strong>ciep\u0142a<\/strong>, a co za tym idzie, perfumy pachn\u0105 na naszej sk\u00f3rze <strong>mniej<\/strong> <strong>intensywnie<\/strong>. W\u0142a\u015bnie dlatego bardzo cz\u0119sto zapachy, kt\u00f3re latem wydawa\u0142y nam si\u0119 zbyt s\u0142odkie i dusz\u0105ce jesieni\u0105 mog\u0105 okaza\u0107 si\u0119 idealnym wyborem.<\/p>\n<p>Ponadto wraz z ch\u0142odniejszymi dniami, zaczynamy nak\u0142ada\u0107 na siebie wi\u0119cej warstw ubra\u0144, a tak\u017ce bardzo cz\u0119sto grube szale i chusty. \u015awie\u017ce i lekkie letnie perfumy niestety nie maj\u0105 szans w takim starciu. Tylko mocne i <strong>charakterystyczne<\/strong> <strong>nuty<\/strong> maj\u0105 szans\u0119 przebi\u0107 si\u0119 i wci\u0105\u017c by\u0107 wyczuwalne nawet pod kilkoma warstwami ubra\u0144.<\/p>\n<p>Kolejnym powodem, dla kt\u00f3rego ch\u0119tniej si\u0119gamy po <strong>g\u0142\u0119bsze<\/strong>, <strong>s\u0142odsze<\/strong> i <strong>korzenne<\/strong> zapachy jest w\u0142a\u015bnie ch\u0142\u00f3d za oknem. Tylko takie perfumy potrafi\u0105 w cudowny spos\u00f3b otuli\u0107 nas i cho\u0107 na chwil\u0119 przywo\u0142a\u0107 s\u0142o\u0144ce.<\/p>\n<p>&nbsp;<\/p>\n<div id=\"attachment_3584\" style=\"width: 1034px\" class=\"wp-caption aligncenter\"><img loading=\"lazy\" decoding=\"async\" aria-describedby=\"caption-attachment-3584\" class=\"size-large wp-image-3584\" src=\"http:\/\/ranking-kosmetykow.pl\/wp-content\/uploads\/2017\/10\/Fotolia_176233568_Subscription_XL-1024x685.jpg\" alt=\"\" width=\"1024\" height=\"685\" \/><p id=\"caption-attachment-3584\" class=\"wp-caption-text\">fotolia.com, #176233568 | Autor: ricka_kinamoto<\/p><\/div>\n<h3><span style=\"color: #ffffff;\">\u00a0.<\/span><\/h3>\n<h3>Po jakie zapachy si\u0119ga\u0107?<\/h3>\n<p>Jesie\u0144 to idealny czas, by si\u0119ga\u0107 po perfumy <strong>s\u0142odkie<\/strong>, <strong>korzenne<\/strong>, <strong>ciep\u0142e<\/strong>. Zwr\u00f3\u0107my uwag\u0119 na dodatek rozgrzewaj\u0105cych <strong>przypraw<\/strong>, takich jak cynamon, kardamon i go\u017adziki. S\u0142odyczy dodawa\u0107 mo\u017ce <strong>wanilia<\/strong>, a tak\u017ce <strong>kwiatowe<\/strong> <strong>nuty<\/strong> r\u00f3\u017cy, ja\u015bminu, bergamotki, a tak\u017ce aromatyczny <strong>mi\u00f3d<\/strong>.<\/p>\n<p>\u015awietnym dodatkiem do jesiennych perfum mo\u017ce by\u0107 tak\u017ce <strong>rozgrzewaj\u0105cy<\/strong> <strong>bursztyn<\/strong> i nadaj\u0105ce g\u0142\u0119bi <strong>nuty<\/strong> <strong>drzewne<\/strong>. Nuta <strong>kawy<\/strong> doda nam energii w pochmurne dni, a <strong>cytrusowe<\/strong> dodatki w postaci mandarynki czy kwiatu pomara\u0144czy, jak nic innego kojarz\u0105 nam si\u0119 z atmosfer\u0105 zbli\u017caj\u0105cych si\u0119 ju\u017c przecie\u017c \u015bwi\u0105t.<\/p>\n<p>By wzmocni\u0107 zapach perfum i przed\u0142u\u017cy\u0107 ich trwa\u0142o\u015b\u0107, u\u017cywajmy ich w miejscach, w kt\u00f3rych w naszym ciele <strong>najszybciej<\/strong> <strong>przep\u0142ywa<\/strong> <strong>krew<\/strong> \u2013 za uszami, na kark i nadgarstki.<\/p>\n<p>Zobaczcie kilka naszych propozycji jesiennych zapach\u00f3w.<\/p>\n<p>&nbsp;<\/p>\n<h4>Givenchy Ange ou D\u00e9mon<\/h4>\n\n\t\t<style type=\"text\/css\">\n\t\t\t#gallery-1 {\n\t\t\t\tmargin: auto;\n\t\t\t}\n\t\t\t#gallery-1 .gallery-item {\n\t\t\t\tfloat: left;\n\t\t\t\tmargin-top: 10px;\n\t\t\t\ttext-align: center;\n\t\t\t\twidth: 50%;\n\t\t\t}\n\t\t\t#gallery-1 img {\n\t\t\t\tborder: 2px solid #cfcfcf;\n\t\t\t}\n\t\t\t#gallery-1 .gallery-caption {\n\t\t\t\tmargin-left: 0;\n\t\t\t}\n\t\t\t\/* see gallery_shortcode() in wp-includes\/media.php *\/\n\t\t<\/style>\n\t\t<div id='gallery-1' class='gallery galleryid-3580 gallery-columns-2 gallery-size-full'><dl class='gallery-item'>\n\t\t\t<dt class='gallery-icon portrait'>\n\t\t\t\t<a href='https:\/\/neness.pl\/blog\/0ba2ebef823e2b8ff4e4ace78fb65bb8\/'><img loading=\"lazy\" decoding=\"async\" width=\"750\" height=\"1000\" src=\"https:\/\/neness.pl\/blog\/wp-content\/uploads\/2017\/10\/0ba2ebef823e2b8ff4e4ace78fb65bb8.jpg\" class=\"attachment-full size-full\" alt=\"\" aria-describedby=\"gallery-1-3587\" srcset=\"https:\/\/neness.pl\/blog\/wp-content\/uploads\/2017\/10\/0ba2ebef823e2b8ff4e4ace78fb65bb8.jpg 750w, https:\/\/neness.pl\/blog\/wp-content\/uploads\/2017\/10\/0ba2ebef823e2b8ff4e4ace78fb65bb8-225x300.jpg 225w, https:\/\/neness.pl\/blog\/wp-content\/uploads\/2017\/10\/0ba2ebef823e2b8ff4e4ace78fb65bb8-610x813.jpg 610w\" sizes=\"auto, (max-width: 750px) 100vw, 750px\" \/><\/a>\n\t\t\t<\/dt>\n\t\t\t\t<dd class='wp-caption-text gallery-caption' id='gallery-1-3587'>\n\t\t\t\tGivenchy Ange Ou Demon\n\t\t\t\t<\/dd><\/dl><dl class='gallery-item'>\n\t\t\t<dt class='gallery-icon portrait'>\n\t\t\t\t<a href='https:\/\/neness.pl\/blog\/2686818cc83593b8f94550eb9fb385b5\/'><img loading=\"lazy\" decoding=\"async\" width=\"750\" height=\"1000\" src=\"https:\/\/neness.pl\/blog\/wp-content\/uploads\/2017\/10\/2686818cc83593b8f94550eb9fb385b5.jpg\" class=\"attachment-full size-full\" alt=\"\" aria-describedby=\"gallery-1-3592\" srcset=\"https:\/\/neness.pl\/blog\/wp-content\/uploads\/2017\/10\/2686818cc83593b8f94550eb9fb385b5.jpg 750w, https:\/\/neness.pl\/blog\/wp-content\/uploads\/2017\/10\/2686818cc83593b8f94550eb9fb385b5-225x300.jpg 225w, https:\/\/neness.pl\/blog\/wp-content\/uploads\/2017\/10\/2686818cc83593b8f94550eb9fb385b5-610x813.jpg 610w\" sizes=\"auto, (max-width: 750px) 100vw, 750px\" \/><\/a>\n\t\t\t<\/dt>\n\t\t\t\t<dd class='wp-caption-text gallery-caption' id='gallery-1-3592'>\n\t\t\t\tPerfumetka inspirowana Givenchy Ange Ou Demon\n\t\t\t\t<\/dd><\/dl><br style=\"clear: both\" \/>\n\t\t<\/div>\n\n<p>&nbsp;<\/p>\n<p><strong>Nuty<\/strong>\u00a0<strong>zapachowe<\/strong>:<\/p>\n<p><strong>nuta<\/strong>\u00a0<strong>g\u0142owy<\/strong>: mandarynka, szafran, tymianek,<\/p>\n<p><strong>nuta<\/strong>\u00a0<strong>serca<\/strong>: lilia, orchidea, ylang-ylang,<\/p>\n<p><strong>nuta<\/strong>\u00a0<strong>g\u0142\u0119bi<\/strong>: b\u00f3b Tonka, wanilia, brazylijskie drzewo r\u00f3\u017cane, mech d\u0119bowy.<\/p>\n<p>&nbsp;<\/p>\n<h4>Armani Si Intense<\/h4>\n\n\t\t<style type=\"text\/css\">\n\t\t\t#gallery-2 {\n\t\t\t\tmargin: auto;\n\t\t\t}\n\t\t\t#gallery-2 .gallery-item {\n\t\t\t\tfloat: left;\n\t\t\t\tmargin-top: 10px;\n\t\t\t\ttext-align: center;\n\t\t\t\twidth: 50%;\n\t\t\t}\n\t\t\t#gallery-2 img {\n\t\t\t\tborder: 2px solid #cfcfcf;\n\t\t\t}\n\t\t\t#gallery-2 .gallery-caption {\n\t\t\t\tmargin-left: 0;\n\t\t\t}\n\t\t\t\/* see gallery_shortcode() in wp-includes\/media.php *\/\n\t\t<\/style>\n\t\t<div id='gallery-2' class='gallery galleryid-3580 gallery-columns-2 gallery-size-full'><dl class='gallery-item'>\n\t\t\t<dt class='gallery-icon portrait'>\n\t\t\t\t<a href='https:\/\/neness.pl\/blog\/ccbd23168c2d851188a14bb3e1f31578-3\/'><img loading=\"lazy\" decoding=\"async\" width=\"750\" height=\"1000\" src=\"https:\/\/neness.pl\/blog\/wp-content\/uploads\/2017\/10\/ccbd23168c2d851188a14bb3e1f31578.jpg\" class=\"attachment-full size-full\" alt=\"\" aria-describedby=\"gallery-2-3593\" srcset=\"https:\/\/neness.pl\/blog\/wp-content\/uploads\/2017\/10\/ccbd23168c2d851188a14bb3e1f31578.jpg 750w, https:\/\/neness.pl\/blog\/wp-content\/uploads\/2017\/10\/ccbd23168c2d851188a14bb3e1f31578-225x300.jpg 225w, https:\/\/neness.pl\/blog\/wp-content\/uploads\/2017\/10\/ccbd23168c2d851188a14bb3e1f31578-610x813.jpg 610w\" sizes=\"auto, (max-width: 750px) 100vw, 750px\" \/><\/a>\n\t\t\t<\/dt>\n\t\t\t\t<dd class='wp-caption-text gallery-caption' id='gallery-2-3593'>\n\t\t\t\tArmani Si Intense\n\t\t\t\t<\/dd><\/dl><dl class='gallery-item'>\n\t\t\t<dt class='gallery-icon portrait'>\n\t\t\t\t<a href='https:\/\/neness.pl\/blog\/f1b03af7679d7a0f3f12bcd03d4bb235-3\/'><img loading=\"lazy\" decoding=\"async\" width=\"750\" height=\"1000\" src=\"https:\/\/neness.pl\/blog\/wp-content\/uploads\/2017\/10\/f1b03af7679d7a0f3f12bcd03d4bb235.jpg\" class=\"attachment-full size-full\" alt=\"\" aria-describedby=\"gallery-2-3594\" srcset=\"https:\/\/neness.pl\/blog\/wp-content\/uploads\/2017\/10\/f1b03af7679d7a0f3f12bcd03d4bb235.jpg 750w, https:\/\/neness.pl\/blog\/wp-content\/uploads\/2017\/10\/f1b03af7679d7a0f3f12bcd03d4bb235-225x300.jpg 225w, https:\/\/neness.pl\/blog\/wp-content\/uploads\/2017\/10\/f1b03af7679d7a0f3f12bcd03d4bb235-610x813.jpg 610w\" sizes=\"auto, (max-width: 750px) 100vw, 750px\" \/><\/a>\n\t\t\t<\/dt>\n\t\t\t\t<dd class='wp-caption-text gallery-caption' id='gallery-2-3594'>\n\t\t\t\tPerfumetka inspirowana Armani Si Intense\n\t\t\t\t<\/dd><\/dl><br style=\"clear: both\" \/>\n\t\t<\/div>\n\n<p>&nbsp;<\/p>\n<p><strong>Nuty<\/strong>\u00a0<strong>zapachowe<\/strong>:<\/p>\n<p><strong>nuta<\/strong>\u00a0<strong>g\u0142owy<\/strong>: li\u015b\u0107 czarnej porzeczki, czarna porzeczka, mandarynka, bergamotka, frezja,<\/p>\n<p><strong>nuta<\/strong>\u00a0<strong>serca<\/strong>: r\u00f3\u017ca majowa, dzi\u0119giel, neroli, osmantus,<\/p>\n<p><strong>nuta<\/strong>\u00a0<strong>g\u0142\u0119bi<\/strong>: ambroksan, paczuli, nuty drzewne, wanilia.<\/p>\n<p>&nbsp;<\/p>\n<h4>Yves Saint Laurent Black Opium<\/h4>\n\n\t\t<style type=\"text\/css\">\n\t\t\t#gallery-3 {\n\t\t\t\tmargin: auto;\n\t\t\t}\n\t\t\t#gallery-3 .gallery-item {\n\t\t\t\tfloat: left;\n\t\t\t\tmargin-top: 10px;\n\t\t\t\ttext-align: center;\n\t\t\t\twidth: 50%;\n\t\t\t}\n\t\t\t#gallery-3 img {\n\t\t\t\tborder: 2px solid #cfcfcf;\n\t\t\t}\n\t\t\t#gallery-3 .gallery-caption {\n\t\t\t\tmargin-left: 0;\n\t\t\t}\n\t\t\t\/* see gallery_shortcode() in wp-includes\/media.php *\/\n\t\t<\/style>\n\t\t<div id='gallery-3' class='gallery galleryid-3580 gallery-columns-2 gallery-size-full'><dl class='gallery-item'>\n\t\t\t<dt class='gallery-icon portrait'>\n\t\t\t\t<a href='https:\/\/neness.pl\/blog\/821c9f750d5b576227adf61c04646f36-4\/'><img loading=\"lazy\" decoding=\"async\" width=\"750\" height=\"1000\" src=\"https:\/\/neness.pl\/blog\/wp-content\/uploads\/2017\/10\/821c9f750d5b576227adf61c04646f36.jpg\" class=\"attachment-full size-full\" alt=\"\" aria-describedby=\"gallery-3-3588\" srcset=\"https:\/\/neness.pl\/blog\/wp-content\/uploads\/2017\/10\/821c9f750d5b576227adf61c04646f36.jpg 750w, https:\/\/neness.pl\/blog\/wp-content\/uploads\/2017\/10\/821c9f750d5b576227adf61c04646f36-225x300.jpg 225w, https:\/\/neness.pl\/blog\/wp-content\/uploads\/2017\/10\/821c9f750d5b576227adf61c04646f36-610x813.jpg 610w\" sizes=\"auto, (max-width: 750px) 100vw, 750px\" \/><\/a>\n\t\t\t<\/dt>\n\t\t\t\t<dd class='wp-caption-text gallery-caption' id='gallery-3-3588'>\n\t\t\t\tYSL Black Opium\n\t\t\t\t<\/dd><\/dl><dl class='gallery-item'>\n\t\t\t<dt class='gallery-icon portrait'>\n\t\t\t\t<a href='https:\/\/neness.pl\/blog\/24476d4d62278e534301e76ffb0c970e-4\/'><img loading=\"lazy\" decoding=\"async\" width=\"750\" height=\"1000\" src=\"https:\/\/neness.pl\/blog\/wp-content\/uploads\/2017\/10\/24476d4d62278e534301e76ffb0c970e.jpg\" class=\"attachment-full size-full\" alt=\"\" aria-describedby=\"gallery-3-3591\" srcset=\"https:\/\/neness.pl\/blog\/wp-content\/uploads\/2017\/10\/24476d4d62278e534301e76ffb0c970e.jpg 750w, https:\/\/neness.pl\/blog\/wp-content\/uploads\/2017\/10\/24476d4d62278e534301e76ffb0c970e-225x300.jpg 225w, https:\/\/neness.pl\/blog\/wp-content\/uploads\/2017\/10\/24476d4d62278e534301e76ffb0c970e-610x813.jpg 610w\" sizes=\"auto, (max-width: 750px) 100vw, 750px\" \/><\/a>\n\t\t\t<\/dt>\n\t\t\t\t<dd class='wp-caption-text gallery-caption' id='gallery-3-3591'>\n\t\t\t\tPerfumetka inspirowana YSL Black Opium \/ 12,00 z\u0142\n\t\t\t\t<\/dd><\/dl><br style=\"clear: both\" \/>\n\t\t<\/div>\n\n<p>&nbsp;<\/p>\n<p><strong>Nuty<\/strong>\u00a0<strong>zapachowe<\/strong>:<\/p>\n<p><strong>nuta<\/strong>\u00a0<strong>g\u0142owy<\/strong>: r\u00f3\u017cowy pieprz, kwiat pomara\u0144czy, gruszka,<\/p>\n<p><strong>nuta<\/strong>\u00a0<strong>serca<\/strong>: kawa, ja\u015bmin, gorzki migda\u0142, lukrecja,<\/p>\n<p><strong>nuta<\/strong>\u00a0<strong>g\u0142\u0119bi<\/strong>: wanilia, paczuli, cedr, drzewo kaszmirowe.<\/p>\n<p>&nbsp;<\/p>\n<h4>Calvin Klein Euphoria<\/h4>\n\n\t\t<style type=\"text\/css\">\n\t\t\t#gallery-4 {\n\t\t\t\tmargin: auto;\n\t\t\t}\n\t\t\t#gallery-4 .gallery-item {\n\t\t\t\tfloat: left;\n\t\t\t\tmargin-top: 10px;\n\t\t\t\ttext-align: center;\n\t\t\t\twidth: 50%;\n\t\t\t}\n\t\t\t#gallery-4 img {\n\t\t\t\tborder: 2px solid #cfcfcf;\n\t\t\t}\n\t\t\t#gallery-4 .gallery-caption {\n\t\t\t\tmargin-left: 0;\n\t\t\t}\n\t\t\t\/* see gallery_shortcode() in wp-includes\/media.php *\/\n\t\t<\/style>\n\t\t<div id='gallery-4' class='gallery galleryid-3580 gallery-columns-2 gallery-size-full'><dl class='gallery-item'>\n\t\t\t<dt class='gallery-icon portrait'>\n\t\t\t\t<a href='https:\/\/neness.pl\/blog\/5958e92e2bb1d9275b7f158855fc7b90\/'><img loading=\"lazy\" decoding=\"async\" width=\"750\" height=\"1000\" src=\"https:\/\/neness.pl\/blog\/wp-content\/uploads\/2017\/10\/5958e92e2bb1d9275b7f158855fc7b90.jpg\" class=\"attachment-full size-full\" alt=\"\" aria-describedby=\"gallery-4-3590\" srcset=\"https:\/\/neness.pl\/blog\/wp-content\/uploads\/2017\/10\/5958e92e2bb1d9275b7f158855fc7b90.jpg 750w, https:\/\/neness.pl\/blog\/wp-content\/uploads\/2017\/10\/5958e92e2bb1d9275b7f158855fc7b90-225x300.jpg 225w, https:\/\/neness.pl\/blog\/wp-content\/uploads\/2017\/10\/5958e92e2bb1d9275b7f158855fc7b90-610x813.jpg 610w\" sizes=\"auto, (max-width: 750px) 100vw, 750px\" \/><\/a>\n\t\t\t<\/dt>\n\t\t\t\t<dd class='wp-caption-text gallery-caption' id='gallery-4-3590'>\n\t\t\t\tCalvin Klein Euphoria\n\t\t\t\t<\/dd><\/dl><dl class='gallery-item'>\n\t\t\t<dt class='gallery-icon portrait'>\n\t\t\t\t<a href='https:\/\/neness.pl\/blog\/4305ac700da1f7c5ef1a70b4d406b960\/'><img loading=\"lazy\" decoding=\"async\" width=\"750\" height=\"1000\" src=\"https:\/\/neness.pl\/blog\/wp-content\/uploads\/2017\/10\/4305ac700da1f7c5ef1a70b4d406b960.jpg\" class=\"attachment-full size-full\" alt=\"\" aria-describedby=\"gallery-4-3589\" srcset=\"https:\/\/neness.pl\/blog\/wp-content\/uploads\/2017\/10\/4305ac700da1f7c5ef1a70b4d406b960.jpg 750w, https:\/\/neness.pl\/blog\/wp-content\/uploads\/2017\/10\/4305ac700da1f7c5ef1a70b4d406b960-225x300.jpg 225w, https:\/\/neness.pl\/blog\/wp-content\/uploads\/2017\/10\/4305ac700da1f7c5ef1a70b4d406b960-610x813.jpg 610w\" sizes=\"auto, (max-width: 750px) 100vw, 750px\" \/><\/a>\n\t\t\t<\/dt>\n\t\t\t\t<dd class='wp-caption-text gallery-caption' id='gallery-4-3589'>\n\t\t\t\tPerfumetka inspirowana Calvin Klein Euphoria\n\t\t\t\t<\/dd><\/dl><br style=\"clear: both\" \/>\n\t\t<\/div>\n\n<p>&nbsp;<\/p>\n<p><strong>Nuty<\/strong>\u00a0<strong>zapachowe<\/strong>:<\/p>\n<p><strong>nuta<\/strong>\u00a0<strong>g\u0142owy<\/strong>: granat,<\/p>\n<p><strong>nuta<\/strong>\u00a0<strong>serca<\/strong>: lotos, orchidea,<\/p>\n<p><strong>nuta<\/strong>\u00a0<strong>g\u0142\u0119bi<\/strong>: fio\u0142ek, bursztyn, pi\u017cmo, maho\u0144.<\/p>\n","protected":false},"excerpt":{"rendered":"<p>&nbsp; Nadesz\u0142a jesie\u0144, a wraz z ni\u0105 deszczowe i pochmurne dni. Coraz wcze\u015bniej robi si\u0119 ciemno, a zi\u0105b za oknem sprawia, \u017ce nie mamy ochoty wychodzi\u0107 z domu. W\u0142a\u015bnie o tej porze roku cz\u0119\u015bciej si\u0119gamy po perfumy, kt\u00f3re swoim aromatem potrafi\u0105 poprawi\u0107 nam humor i sprawi\u0107, \u017ce cho\u0107 na chwil\u0119 zn\u00f3w poczujemy si\u0119 lepiej. Po [&hellip;]<\/p>\n","protected":false},"author":2,"featured_media":3582,"comment_status":"open","ping_status":"open","sticky":false,"template":"","format":"standard","meta":{"_et_pb_use_builder":"","_et_pb_old_content":"","_et_gb_content_width":"","footnotes":""},"categories":[19],"tags":[],"class_list":["post-3580","post","type-post","status-publish","format-standard","has-post-thumbnail","hentry","category-zachwycaj-zapachem","et-has-post-format-content","et_post_format-et-post-format-standard"],"_links":{"self":[{"href":"https:\/\/neness.pl\/blog\/wp-json\/wp\/v2\/posts\/3580","targetHints":{"allow":["GET"]}}],"collection":[{"href":"https:\/\/neness.pl\/blog\/wp-json\/wp\/v2\/posts"}],"about":[{"href":"https:\/\/neness.pl\/blog\/wp-json\/wp\/v2\/types\/post"}],"author":[{"embeddable":true,"href":"https:\/\/neness.pl\/blog\/wp-json\/wp\/v2\/users\/2"}],"replies":[{"embeddable":true,"href":"https:\/\/neness.pl\/blog\/wp-json\/wp\/v2\/comments?post=3580"}],"version-history":[{"count":0,"href":"https:\/\/neness.pl\/blog\/wp-json\/wp\/v2\/posts\/3580\/revisions"}],"wp:featuredmedia":[{"embeddable":true,"href":"https:\/\/neness.pl\/blog\/wp-json\/wp\/v2\/media\/3582"}],"wp:attachment":[{"href":"https:\/\/neness.pl\/blog\/wp-json\/wp\/v2\/media?parent=3580"}],"wp:term":[{"taxonomy":"category","embeddable":true,"href":"https:\/\/neness.pl\/blog\/wp-json\/wp\/v2\/categories?post=3580"},{"taxonomy":"post_tag","embeddable":true,"href":"https:\/\/neness.pl\/blog\/wp-json\/wp\/v2\/tags?post=3580"}],"curies":[{"name":"wp","href":"https:\/\/api.w.org\/{rel}","templated":true}]}}