{"id":3568,"date":"2017-10-23T14:41:12","date_gmt":"2017-10-23T12:41:12","guid":{"rendered":"http:\/\/ranking-kosmetykow.pl\/?p=3568"},"modified":"2017-10-23T14:41:12","modified_gmt":"2017-10-23T12:41:12","slug":"rola-bialka-w-pielegnacji","status":"publish","type":"post","link":"https:\/\/neness.pl\/blog\/rola-bialka-w-pielegnacji\/","title":{"rendered":"Rola bia\u0142ka w piel\u0119gnacji"},"content":{"rendered":"<p>W jednym z poprzednich wpis\u00f3w poruszali\u015bmy ju\u017c temat roli keratyny w piel\u0119gnacji w\u0142os\u00f3w. Jednak bia\u0142ek, kt\u00f3re wykorzystuje si\u0119 w kosmetykach, jest wi\u0119cej. Jakie maj\u0105 w\u0142a\u015bciwo\u015bci i dlaczego warto w\u0142\u0105czy\u0107 je do codziennej piel\u0119gnacji?<\/p>\n<p>&nbsp;<\/p>\n<h3>Czym s\u0105 proteiny?<\/h3>\n<p>Pami\u0119tacie s\u0142ynne k\u0105piele w mleku, kt\u00f3re uwielbia\u0142a Kleopatra? To w\u0142a\u015bnie proteiny w nim zawarte mia\u0142y pom\u00f3c kr\u00f3lowej zachowa\u0107 m\u0142ody wygl\u0105d i pi\u0119kn\u0105 sk\u00f3r\u0119.<\/p>\n<p><strong>Proteiny<\/strong>, nazywane te\u017c bia\u0142kami, to <strong>podstawowy sk\u0142adnik<\/strong> wszystkich organizm\u00f3w \u017cywych. W piel\u0119gnacji cia\u0142a i w\u0142os\u00f3w stosowane s\u0105 ju\u017c od tysi\u0119cy lat. Cho\u0107\u00a0znane od bardzo dawna, w ci\u0105gu ostatnich kilkudziesi\u0119ciu lat, proteiny zyska\u0142y ogromn\u0105 popularno\u015b\u0107. Wszystko za spraw\u0105 ich budowy \u2013 proteiny to <strong>bia\u0142ka<\/strong> <strong>proste<\/strong> zbudowane z <strong>aminokwas\u00f3w<\/strong> po\u0142\u0105czonych wi\u0105zaniami peptydowymi.<\/p>\n<p>To w\u0142a\u015bnie aminokwasy s\u0105 sk\u0142adnikiem tak zwanego <strong>NMF<\/strong> \u2013 Natural Moisturizing Factor \u2013 czyli <strong>naturalnego<\/strong> <strong>czynnika<\/strong> <strong>nawil\u017caj\u0105cego<\/strong>, kt\u00f3ry wyst\u0119puje w warstwie rogowej sk\u00f3ry i ma ogromny wp\u0142yw na elastyczno\u015b\u0107 i wygl\u0105d naszej sk\u00f3ry. Dlatego te\u017c g\u0142\u00f3wnym zadaniem aminokwas\u00f3w zawartych w kosmetykach piel\u0119gnacyjnych jest dzia\u0142anie <strong>nawil\u017caj\u0105ce<\/strong> i <strong>zmi\u0119kczaj\u0105ce<\/strong>, a tak\u017ce <strong>liftinguj\u0105ce<\/strong> i napinaj\u0105ce sk\u00f3r\u0119.<\/p>\n<p>&nbsp;<\/p>\n<div id=\"attachment_3572\" style=\"width: 760px\" class=\"wp-caption aligncenter\"><a href=\"https:\/\/neness.pl\/kosmetyki\/pielegnacja_twarzy\/maseczki\/holika_holika_pure_essence_maska_ryzowa_mask_sheet_rice.html\"><img loading=\"lazy\" decoding=\"async\" aria-describedby=\"caption-attachment-3572\" class=\"size-full wp-image-3572\" src=\"http:\/\/ranking-kosmetykow.pl\/wp-content\/uploads\/2017\/10\/448ca09d213830f7a2b0a953160f6ca8-1.jpg\" alt=\"\" width=\"750\" height=\"1000\" srcset=\"https:\/\/neness.pl\/blog\/wp-content\/uploads\/2017\/10\/448ca09d213830f7a2b0a953160f6ca8-1.jpg 750w, https:\/\/neness.pl\/blog\/wp-content\/uploads\/2017\/10\/448ca09d213830f7a2b0a953160f6ca8-1-225x300.jpg 225w, https:\/\/neness.pl\/blog\/wp-content\/uploads\/2017\/10\/448ca09d213830f7a2b0a953160f6ca8-1-610x813.jpg 610w\" sizes=\"auto, (max-width: 750px) 100vw, 750px\" \/><\/a><p id=\"caption-attachment-3572\" class=\"wp-caption-text\">Holika Holika Pure Essence Maska Ry\u017cowa Mask Sheet Rice \/<br \/>10,90 z\u0142<\/p><\/div>\n<p>&nbsp;<\/p>\n<p>W przemy\u015ble kosmetycznym najcz\u0119\u015bciej stosowane s\u0105 bia\u0142ka, kt\u00f3re <strong>naturalnie<\/strong> wyst\u0119puj\u0105 w sk\u00f3rze. S\u0105 to <strong>kolagen<\/strong>, <strong>elastyna<\/strong> i <strong>keratyna<\/strong>. Cz\u0119sto wykorzystuje si\u0119 te\u017c proteiny pozyskane z naturalnych sk\u0142adnik\u00f3w i ro\u015blin bogatych w bia\u0142ko, takich jak mleko, jedwab, ry\u017c, orzechy, soja.<\/p>\n<p>&nbsp;<\/p>\n<h3>Proteiny na w\u0142osy<\/h3>\n<p>Proteiny to jedne z najbardziej efektywnych substancji <strong>poprawiaj\u0105cych<\/strong> kondycj\u0119 w\u0142os\u00f3w \u2013 dzi\u0119ki zdolno\u015bci uzupe\u0142niania ubytk\u00f3w w ich strukturze, pomagaj\u0105 chroni\u0107 je przed kolejnymi zniszczeniami. Wszystko to za spraw\u0105 specyficznej\u00a0struktury cz\u0105steczek tego bia\u0142ka, kt\u00f3re s\u0105 bardzo podobne do naturalnej budowy w\u0142osa. Ponadto w odr\u00f3\u017cnieniu od ci\u0119\u017ckich olej\u00f3w, kosmetyki z proteinami <strong>nie<\/strong> <strong>obci\u0105\u017caj\u0105<\/strong> <strong>w\u0142os\u00f3w<\/strong>, mog\u0105 wi\u0119c by\u0107 stosowane r\u00f3wnie\u017c przez osoby, kt\u00f3re walcz\u0105 z problemem w\u0142os\u00f3w przet\u0142uszczaj\u0105cych si\u0119.<\/p>\n<p>&nbsp;<\/p>\n<div id=\"attachment_3573\" style=\"width: 760px\" class=\"wp-caption aligncenter\"><a href=\"https:\/\/neness.pl\/kosmetyki\/wlosy\/odzywki_i_maski\/kallos_14_w_1_keratin_hair_treatment.html\"><img loading=\"lazy\" decoding=\"async\" aria-describedby=\"caption-attachment-3573\" class=\"size-full wp-image-3573\" src=\"http:\/\/ranking-kosmetykow.pl\/wp-content\/uploads\/2017\/10\/6d9c5029990ea5fd84ba1812d8e078cf.jpg\" alt=\"\" width=\"750\" height=\"1000\" srcset=\"https:\/\/neness.pl\/blog\/wp-content\/uploads\/2017\/10\/6d9c5029990ea5fd84ba1812d8e078cf.jpg 750w, https:\/\/neness.pl\/blog\/wp-content\/uploads\/2017\/10\/6d9c5029990ea5fd84ba1812d8e078cf-225x300.jpg 225w, https:\/\/neness.pl\/blog\/wp-content\/uploads\/2017\/10\/6d9c5029990ea5fd84ba1812d8e078cf-610x813.jpg 610w\" sizes=\"auto, (max-width: 750px) 100vw, 750px\" \/><\/a><p id=\"caption-attachment-3573\" class=\"wp-caption-text\">Kallos 14 w 1 Keratin Hair Treatment \/<br \/>9,99 z\u0142<\/p><\/div>\n<p>&nbsp;<\/p>\n<p>Zach\u0119camy do zapoznania si\u0119 z artyku\u0142em na temat <a href=\"http:\/\/ranking-kosmetykow.pl\/2017\/05\/22\/na-piekne-wlosy-keratyna\/\">keratyny w kosmetykach do w\u0142os\u00f3w<\/a>, poniewa\u017c to w\u0142a\u015bnie ona lub proteiny mleka s\u0105 najcz\u0119stszym sk\u0142adnikiem masek, od\u017cywek i szampon\u00f3w.<br \/>\nPami\u0119tajmy jednak, \u017ce mimo dobroczynnego dzia\u0142ania bia\u0142ek na nasze w\u0142osy, nawet z nimi mo\u017cemy <strong>przesadzi\u0107<\/strong> \u2013 wtedy nasza fryzura stanie si\u0119 szorstka, napuszona i sucha. Dlatego te\u017c warto, opr\u00f3cz kosmetyk\u00f3w z keratyn\u0105 lub innymi bia\u0142kami, stosowa\u0107 regularnie <strong>kosmetyki<\/strong> <strong>nawil\u017caj\u0105ce<\/strong>, kt\u00f3re zapewni\u0105 naszym w\u0142osom r\u00f3wnowag\u0119.<\/p>\n<p>&nbsp;<\/p>\n<div id=\"attachment_3574\" style=\"width: 760px\" class=\"wp-caption aligncenter\"><a href=\"https:\/\/neness.pl\/kosmetyki\/wlosy\/olejki\/kallos_mleczko_keratynowe_do_wlosow_absolute_keratin_50_ml.html\"><img loading=\"lazy\" decoding=\"async\" aria-describedby=\"caption-attachment-3574\" class=\"size-full wp-image-3574\" src=\"http:\/\/ranking-kosmetykow.pl\/wp-content\/uploads\/2017\/10\/e84d739d747102fe8f0ed105fe5d98d8.jpg\" alt=\"\" width=\"750\" height=\"1000\" srcset=\"https:\/\/neness.pl\/blog\/wp-content\/uploads\/2017\/10\/e84d739d747102fe8f0ed105fe5d98d8.jpg 750w, https:\/\/neness.pl\/blog\/wp-content\/uploads\/2017\/10\/e84d739d747102fe8f0ed105fe5d98d8-225x300.jpg 225w, https:\/\/neness.pl\/blog\/wp-content\/uploads\/2017\/10\/e84d739d747102fe8f0ed105fe5d98d8-610x813.jpg 610w\" sizes=\"auto, (max-width: 750px) 100vw, 750px\" \/><\/a><p id=\"caption-attachment-3574\" class=\"wp-caption-text\">Kallos Mleczko Keratynowe do W\u0142os\u00f3w Absolute Keratin 50 ml \/<br \/>11,90 z\u0142<\/p><\/div>\n<h3><\/h3>\n<h3><span style=\"color: #ffffff;\">\u00a0.<\/span><\/h3>\n<h3>Bia\u0142ko w piel\u0119gnacji sk\u00f3ry<\/h3>\n<p>Tak jak w piel\u0119gnacji w\u0142os\u00f3w najcz\u0119\u015bciej stosowanym bia\u0142kiem jest keratyna,\u00a0 tak w piel\u0119gnacji sk\u00f3ry cz\u0119sto stosowane s\u0105 inne bia\u0142ka, kt\u00f3re <strong>naturalnie<\/strong> <strong>wyst\u0119puj\u0105<\/strong> <strong>w ludzkim organizmie<\/strong> &#8211; na przyk\u0142ad kolagen czy elastyna, a tak\u017ce bia\u0142ka pochodzenia <strong>zwierz\u0119cego<\/strong> \u2013 s\u0105 to najcz\u0119\u015bciej proteiny mleka\u00a0i\u00a0bia\u0142ka <strong>ro\u015blinne<\/strong> \u2013 na przyk\u0142ad pochodz\u0105ce z ry\u017cu. Jak to dzia\u0142a? Podobnie jak nasze mi\u0119\u015bnie potrzebuj\u0105 protein do prawid\u0142owego funkcjonowania, tak te\u017c nasza sk\u00f3ra potrzebuje bia\u0142ka, by wygl\u0105da\u0107 m\u0142odo i zdrowo.<\/p>\n<p>&nbsp;<\/p>\n<div id=\"attachment_3571\" style=\"width: 760px\" class=\"wp-caption aligncenter\"><a href=\"https:\/\/neness.pl\/kosmetyki\/pielegnacja_twarzy\/maseczki\/holika_holika_maseczka_gudetama_all_kill_sheet.html\"><img loading=\"lazy\" decoding=\"async\" aria-describedby=\"caption-attachment-3571\" class=\"size-full wp-image-3571\" src=\"http:\/\/ranking-kosmetykow.pl\/wp-content\/uploads\/2017\/10\/c2112e5762b22da440fa3885aa968637.jpg\" alt=\"\" width=\"750\" height=\"1000\" srcset=\"https:\/\/neness.pl\/blog\/wp-content\/uploads\/2017\/10\/c2112e5762b22da440fa3885aa968637.jpg 750w, https:\/\/neness.pl\/blog\/wp-content\/uploads\/2017\/10\/c2112e5762b22da440fa3885aa968637-225x300.jpg 225w, https:\/\/neness.pl\/blog\/wp-content\/uploads\/2017\/10\/c2112e5762b22da440fa3885aa968637-610x813.jpg 610w\" sizes=\"auto, (max-width: 750px) 100vw, 750px\" \/><\/a><p id=\"caption-attachment-3571\" class=\"wp-caption-text\">Holika Holika Maseczka Gudetama All Kill Sheet \/<br \/>18,50 z\u0142<\/p><\/div>\n<p>&nbsp;<\/p>\n<p>&nbsp;<\/p>\n<p>Po 25 roku \u017cycia nasza sk\u00f3ra zaczyna si\u0119 <strong>gwa\u0142townie<\/strong> <strong>starze\u0107<\/strong>, dlatego te\u017c, by pom\u00f3c zachowa\u0107 jej dobry wygl\u0105d i kondycj\u0119, musimy dostarczy\u0107 jej potrzebnych sk\u0142adnik\u00f3w. Jednymi z nich s\u0105 w\u0142a\u015bnie bia\u0142ka, kt\u00f3re dzi\u0119ki swojej strukturze zbli\u017conej do aminokwas\u00f3w, z kt\u00f3rych zbudowana jest sk\u00f3ra, pomagaj\u0105 j\u0105 regenerowa\u0107 i od\u017cywi\u0107. Warto pami\u0119ta\u0107, \u017ce takie bia\u0142ko powinni\u015bmy dostarcza\u0107 naszej sk\u00f3rze nie tylko pod postaci\u0105 krem\u00f3w i maseczek, ale tak\u017ce w codziennej diecie.<\/p>\n<p>&nbsp;<\/p>\n","protected":false},"excerpt":{"rendered":"<p>W jednym z poprzednich wpis\u00f3w poruszali\u015bmy ju\u017c temat roli keratyny w piel\u0119gnacji w\u0142os\u00f3w. Jednak bia\u0142ek, kt\u00f3re wykorzystuje si\u0119 w kosmetykach, jest wi\u0119cej. Jakie maj\u0105 w\u0142a\u015bciwo\u015bci i dlaczego warto w\u0142\u0105czy\u0107 je do codziennej piel\u0119gnacji? &nbsp; Czym s\u0105 proteiny? Pami\u0119tacie s\u0142ynne k\u0105piele w mleku, kt\u00f3re uwielbia\u0142a Kleopatra? To w\u0142a\u015bnie proteiny w nim zawarte mia\u0142y pom\u00f3c kr\u00f3lowej zachowa\u0107 [&hellip;]<\/p>\n","protected":false},"author":2,"featured_media":3569,"comment_status":"open","ping_status":"open","sticky":false,"template":"","format":"standard","meta":{"_et_pb_use_builder":"","_et_pb_old_content":"","_et_gb_content_width":"","footnotes":""},"categories":[185,48],"tags":[],"class_list":["post-3568","post","type-post","status-publish","format-standard","has-post-thumbnail","hentry","category-codzienna-pielegnacja","category-wlosy-idealne","et-has-post-format-content","et_post_format-et-post-format-standard"],"_links":{"self":[{"href":"https:\/\/neness.pl\/blog\/wp-json\/wp\/v2\/posts\/3568","targetHints":{"allow":["GET"]}}],"collection":[{"href":"https:\/\/neness.pl\/blog\/wp-json\/wp\/v2\/posts"}],"about":[{"href":"https:\/\/neness.pl\/blog\/wp-json\/wp\/v2\/types\/post"}],"author":[{"embeddable":true,"href":"https:\/\/neness.pl\/blog\/wp-json\/wp\/v2\/users\/2"}],"replies":[{"embeddable":true,"href":"https:\/\/neness.pl\/blog\/wp-json\/wp\/v2\/comments?post=3568"}],"version-history":[{"count":0,"href":"https:\/\/neness.pl\/blog\/wp-json\/wp\/v2\/posts\/3568\/revisions"}],"wp:featuredmedia":[{"embeddable":true,"href":"https:\/\/neness.pl\/blog\/wp-json\/wp\/v2\/media\/3569"}],"wp:attachment":[{"href":"https:\/\/neness.pl\/blog\/wp-json\/wp\/v2\/media?parent=3568"}],"wp:term":[{"taxonomy":"category","embeddable":true,"href":"https:\/\/neness.pl\/blog\/wp-json\/wp\/v2\/categories?post=3568"},{"taxonomy":"post_tag","embeddable":true,"href":"https:\/\/neness.pl\/blog\/wp-json\/wp\/v2\/tags?post=3568"}],"curies":[{"name":"wp","href":"https:\/\/api.w.org\/{rel}","templated":true}]}}