{"id":3543,"date":"2017-10-20T14:28:04","date_gmt":"2017-10-20T12:28:04","guid":{"rendered":"http:\/\/ranking-kosmetykow.pl\/?p=3543"},"modified":"2017-10-20T14:28:04","modified_gmt":"2017-10-20T12:28:04","slug":"przyprawy-w-perfumach","status":"publish","type":"post","link":"https:\/\/neness.pl\/blog\/przyprawy-w-perfumach\/","title":{"rendered":"Przyprawy w perfumach"},"content":{"rendered":"<p>Intensywne zapachy ga\u0142ki muszkato\u0142owej, cynamonu czy go\u017adzik\u00f3w nieod\u0142\u0105cznie kojarz\u0105 nam si\u0119 z jedzeniem. Jednak przyprawy u\u017cywane s\u0105 nie tylko w kuchni \u2013 r\u00f3wnie cz\u0119sto ich charakterystyczne, korzenne aromaty znale\u017a\u0107 mo\u017cemy tak\u017ce w perfumach. Nadaj\u0105 zapachom g\u0142\u0119bi i wyrazisto\u015bci. Jakie przyprawy s\u0105 najcz\u0119\u015bciej wykorzystywane przy produkcji zapach\u00f3w?<\/p>\n<p>&nbsp;<\/p>\n<h3>W sam raz na jesie\u0144<\/h3>\n<p>Jesieni\u0105 i zim\u0105 ch\u0119tniej si\u0119gamy po zapachy <strong>bardziej intensywne<\/strong>, <strong>d\u0142ugotrwa\u0142e<\/strong> i <strong>wyraziste<\/strong>. W\u0142a\u015bnie w takich\u00a0perfumach najcz\u0119\u015bciej znale\u017a\u0107 mo\u017cemy nuty zapachowe pochodz\u0105ce z przypraw, kt\u00f3re sprawiaj\u0105, \u017ce zapach staje si\u0119 g\u0142\u0119bszy, bardziej otulaj\u0105cy i d\u0142ugo mo\u017cna go wyczu\u0107 na ciele i ubraniach.<\/p>\n<p>Do najcz\u0119\u015bciej wykorzystywanych przy komponowaniu zapach\u00f3w przypraw nale\u017c\u0105 mi\u0119dzy innymi <strong>kardamon<\/strong>, <strong>cynamon<\/strong>, <strong>go\u017adziki<\/strong>, <strong>pieprz<\/strong> czy <strong>wanilia<\/strong>. Potrafi\u0105 cudownie rozgrza\u0107 w zimne dni i sprawi\u0107, \u017ce po u\u017cyciu perfum od razu poprawia nam si\u0119 humor. Jak pachn\u0105 najpopularniejsze przyprawy u\u017cywane podczas tworzenia zapach\u00f3w?<\/p>\n<p>&nbsp;<\/p>\n<h3>Ga\u0142ka muszkato\u0142owa<\/h3>\n<p><strong>Ga\u0142ka muszkato\u0142owa<\/strong> to tak naprawd\u0119 nasiona ro\u015bliny zwanej muszkato\u0142owcem. Jej charakterystyczny, intensywny smak cz\u0119sto wykorzystuje si\u0119 w kuchni, jednak jest te\u017c popularnym sk\u0142adnikiem perfum, szczeg\u00f3lnie m\u0119skich. <strong>Mocny<\/strong>, <strong>s\u0142odkawy<\/strong> aromat dodaje zapachom <strong>wyrazisto\u015bci<\/strong>. Co ciekawe, aromat ga\u0142ki muszkato\u0142owej ma r\u00f3wnie\u017c w\u0142a\u015bciwo\u015bci relaksuj\u0105ce i \u0142agodz\u0105ce stres.<\/p>\n<p>&nbsp;<\/p>\n\n\t\t<style type=\"text\/css\">\n\t\t\t#gallery-1 {\n\t\t\t\tmargin: auto;\n\t\t\t}\n\t\t\t#gallery-1 .gallery-item {\n\t\t\t\tfloat: left;\n\t\t\t\tmargin-top: 10px;\n\t\t\t\ttext-align: center;\n\t\t\t\twidth: 50%;\n\t\t\t}\n\t\t\t#gallery-1 img {\n\t\t\t\tborder: 2px solid #cfcfcf;\n\t\t\t}\n\t\t\t#gallery-1 .gallery-caption {\n\t\t\t\tmargin-left: 0;\n\t\t\t}\n\t\t\t\/* see gallery_shortcode() in wp-includes\/media.php *\/\n\t\t<\/style>\n\t\t<div id='gallery-1' class='gallery galleryid-3543 gallery-columns-2 gallery-size-full'><dl class='gallery-item'>\n\t\t\t<dt class='gallery-icon portrait'>\n\t\t\t\t<a href='https:\/\/neness.pl\/blog\/0c2ecba9246df9b35d406de1a728e705\/'><img loading=\"lazy\" decoding=\"async\" width=\"750\" height=\"1000\" src=\"https:\/\/neness.pl\/blog\/wp-content\/uploads\/2017\/10\/0c2ecba9246df9b35d406de1a728e705.jpg\" class=\"attachment-full size-full\" alt=\"\" aria-describedby=\"gallery-1-3547\" srcset=\"https:\/\/neness.pl\/blog\/wp-content\/uploads\/2017\/10\/0c2ecba9246df9b35d406de1a728e705.jpg 750w, https:\/\/neness.pl\/blog\/wp-content\/uploads\/2017\/10\/0c2ecba9246df9b35d406de1a728e705-225x300.jpg 225w, https:\/\/neness.pl\/blog\/wp-content\/uploads\/2017\/10\/0c2ecba9246df9b35d406de1a728e705-610x813.jpg 610w\" sizes=\"auto, (max-width: 750px) 100vw, 750px\" \/><\/a>\n\t\t\t<\/dt>\n\t\t\t\t<dd class='wp-caption-text gallery-caption' id='gallery-1-3547'>\n\t\t\t\tDior Fahrenheit\n\t\t\t\t<\/dd><\/dl><dl class='gallery-item'>\n\t\t\t<dt class='gallery-icon portrait'>\n\t\t\t\t<a href='https:\/\/neness.pl\/blog\/2640a40a2e6d2dab781123e9efa30161\/'><img loading=\"lazy\" decoding=\"async\" width=\"750\" height=\"1000\" src=\"https:\/\/neness.pl\/blog\/wp-content\/uploads\/2017\/10\/2640a40a2e6d2dab781123e9efa30161.jpg\" class=\"attachment-full size-full\" alt=\"\" aria-describedby=\"gallery-1-3548\" srcset=\"https:\/\/neness.pl\/blog\/wp-content\/uploads\/2017\/10\/2640a40a2e6d2dab781123e9efa30161.jpg 750w, https:\/\/neness.pl\/blog\/wp-content\/uploads\/2017\/10\/2640a40a2e6d2dab781123e9efa30161-225x300.jpg 225w, https:\/\/neness.pl\/blog\/wp-content\/uploads\/2017\/10\/2640a40a2e6d2dab781123e9efa30161-610x813.jpg 610w\" sizes=\"auto, (max-width: 750px) 100vw, 750px\" \/><\/a>\n\t\t\t<\/dt>\n\t\t\t\t<dd class='wp-caption-text gallery-caption' id='gallery-1-3548'>\n\t\t\t\tPerfumetka inspirowana Dior Fahrenheit \/ 12,00 z\u0142\n\t\t\t\t<\/dd><\/dl><br style=\"clear: both\" \/>\n\t\t<\/div>\n\n<h3><\/h3>\n<p><strong>Nuty<\/strong>\u00a0<strong>zapachowe<\/strong>:<\/p>\n<p><strong>nuta<\/strong>\u00a0<strong>g\u0142owy<\/strong>: lawenda, mandarynka, g\u0142\u00f3g, kwiat muszkato\u0142owca, cedr, bergamotka, rumianek, cytryna,<\/p>\n<p><strong>nuta<\/strong>\u00a0<strong>serca<\/strong>: <strong>ga\u0142ka muszkato\u0142owa<\/strong>, wiciokrzew, go\u017adzik, drzewo sanda\u0142owe, li\u015b\u0107 fio\u0142ka, ja\u015bmin, konwalia, cedr,<\/p>\n<p><strong>nuta<\/strong>\u00a0<strong>g\u0142\u0119bi<\/strong>: sk\u00f3ra, b\u00f3b Tonka, bursztyn, paczuli, pi\u017cmo, wetiwer.<\/p>\n<p>&nbsp;<\/p>\n<h3>Kardamon<\/h3>\n<p><strong>Ostro-gorzki<\/strong> aromat kardamonu to kolejny ch\u0119tnie wykorzystywany w perfumach aromat. Od tysi\u0119cy lat stosowany w sztuce perfumeryjnej, swoim korzennym aromatem potrafi <strong>poprawi\u0107 humor<\/strong>, <strong>rozja\u015bni\u0107 umys\u0142<\/strong> i podobnie jak ga\u0142ka muszkato\u0142owa, \u015bwietnie \u0142agodzi stres. Cz\u0119sto stosuje si\u0119 go w <strong>perfumach m\u0119skich<\/strong>, ale spotka\u0107 go mo\u017cemy tak\u017ce w perfumach dla pa\u0144, w kt\u00f3rych kardamon najcz\u0119\u015bciej\u00a0 znale\u017a\u0107 mo\u017cemy w <strong>nutach g\u0142\u0119bi<\/strong>.<\/p>\n<p>&nbsp;<\/p>\n<h3>Wanilia<\/h3>\n<p><strong>S\u0142odka<\/strong>, <strong>aromatyczna<\/strong> wanilia kojarzy nam si\u0119 przede wszystkim z domowymi wypiekami, ale cz\u0119sto gra g\u0142\u00f3wn\u0105 rol\u0119 w<strong> damskich zapachach<\/strong>. Jej trwa\u0142y i intensywny aromat najcz\u0119\u015bciej spotykamy w kompozycjach <strong>s\u0142odkich i kwiatowych<\/strong>, a tak\u017ce <strong>orientalnych<\/strong>. Dodatek wanilii dodaje perfumom<strong> zmys\u0142owo\u015bci<\/strong>, a tak\u017ce <strong>dzia\u0142a koj\u0105co<\/strong>.<\/p>\n<p>&nbsp;<\/p>\n\n\t\t<style type=\"text\/css\">\n\t\t\t#gallery-2 {\n\t\t\t\tmargin: auto;\n\t\t\t}\n\t\t\t#gallery-2 .gallery-item {\n\t\t\t\tfloat: left;\n\t\t\t\tmargin-top: 10px;\n\t\t\t\ttext-align: center;\n\t\t\t\twidth: 50%;\n\t\t\t}\n\t\t\t#gallery-2 img {\n\t\t\t\tborder: 2px solid #cfcfcf;\n\t\t\t}\n\t\t\t#gallery-2 .gallery-caption {\n\t\t\t\tmargin-left: 0;\n\t\t\t}\n\t\t\t\/* see gallery_shortcode() in wp-includes\/media.php *\/\n\t\t<\/style>\n\t\t<div id='gallery-2' class='gallery galleryid-3543 gallery-columns-2 gallery-size-full'><dl class='gallery-item'>\n\t\t\t<dt class='gallery-icon portrait'>\n\t\t\t\t<a href='https:\/\/neness.pl\/blog\/08ac2ce1c37d1a08c507e8c18b19208c\/'><img loading=\"lazy\" decoding=\"async\" width=\"750\" height=\"1000\" src=\"https:\/\/neness.pl\/blog\/wp-content\/uploads\/2017\/10\/08ac2ce1c37d1a08c507e8c18b19208c.jpg\" class=\"attachment-full size-full\" alt=\"\" aria-describedby=\"gallery-2-3550\" srcset=\"https:\/\/neness.pl\/blog\/wp-content\/uploads\/2017\/10\/08ac2ce1c37d1a08c507e8c18b19208c.jpg 750w, https:\/\/neness.pl\/blog\/wp-content\/uploads\/2017\/10\/08ac2ce1c37d1a08c507e8c18b19208c-225x300.jpg 225w, https:\/\/neness.pl\/blog\/wp-content\/uploads\/2017\/10\/08ac2ce1c37d1a08c507e8c18b19208c-610x813.jpg 610w\" sizes=\"auto, (max-width: 750px) 100vw, 750px\" \/><\/a>\n\t\t\t<\/dt>\n\t\t\t\t<dd class='wp-caption-text gallery-caption' id='gallery-2-3550'>\n\t\t\t\tThierry Mugler Angel\n\t\t\t\t<\/dd><\/dl><dl class='gallery-item'>\n\t\t\t<dt class='gallery-icon portrait'>\n\t\t\t\t<a href='https:\/\/neness.pl\/blog\/776e4fb2a28e3ddb04e70e43dd907b8b\/'><img loading=\"lazy\" decoding=\"async\" width=\"750\" height=\"1000\" src=\"https:\/\/neness.pl\/blog\/wp-content\/uploads\/2017\/10\/776e4fb2a28e3ddb04e70e43dd907b8b.jpg\" class=\"attachment-full size-full\" alt=\"\" aria-describedby=\"gallery-2-3551\" srcset=\"https:\/\/neness.pl\/blog\/wp-content\/uploads\/2017\/10\/776e4fb2a28e3ddb04e70e43dd907b8b.jpg 750w, https:\/\/neness.pl\/blog\/wp-content\/uploads\/2017\/10\/776e4fb2a28e3ddb04e70e43dd907b8b-225x300.jpg 225w, https:\/\/neness.pl\/blog\/wp-content\/uploads\/2017\/10\/776e4fb2a28e3ddb04e70e43dd907b8b-610x813.jpg 610w\" sizes=\"auto, (max-width: 750px) 100vw, 750px\" \/><\/a>\n\t\t\t<\/dt>\n\t\t\t\t<dd class='wp-caption-text gallery-caption' id='gallery-2-3551'>\n\t\t\t\tPerfumetka inspirowana Thierry Mugler Angel \/ 12,00 z\u0142\n\t\t\t\t<\/dd><\/dl><br style=\"clear: both\" \/>\n\t\t<\/div>\n\n<p>&nbsp;<\/p>\n<p><strong>Nuty<\/strong>\u00a0<strong>zapachowe<\/strong>:<\/p>\n<p><strong>nuta<\/strong>\u00a0<strong>g\u0142owy<\/strong>:\u00a0melon, kokos, mandarynka, li\u015b\u0107 czarnej porzeczki, ja\u015bmin, wata cukrowa,<\/p>\n<p><strong>nuta<\/strong>\u00a0<strong>serca<\/strong>: mi\u00f3d, morela, je\u017cyna, \u015bliwka, orchidea, brzoskwinia, ja\u015bmin, konwalia, czerwone jagody, r\u00f3\u017ca,<\/p>\n<p><strong>nuta<\/strong>\u00a0<strong>g\u0142\u0119bi<\/strong>: b\u00f3b Tonka, paczuli, <strong>wanilia<\/strong>, czekolada, bursztyn, pi\u017cmo, karmel.<\/p>\n<h3><span style=\"color: #ffffff;\">\u00a0.<\/span><\/h3>\n<h3>Imbir<\/h3>\n<p><strong>Rozgrzewaj\u0105cy<\/strong> imbir to kolejny sk\u0142adnik, szczeg\u00f3lnie perfum z rodziny zapach\u00f3w orientalnych. <strong>Korzenny<\/strong>, <strong>od\u015bwie\u017caj\u0105cy<\/strong>, <strong>s\u0142odkawy<\/strong> aromat imbiru bardzo dobrze komponuje si\u0119 z cytrusowymi aromatami bergamotki i trawy cytrynowej, a tak\u017ce z r\u00f3\u017c\u0105, ja\u015bminem czy mi\u0119t\u0105.<\/p>\n<p>&nbsp;<\/p>\n<h3>Pieprz<\/h3>\n<p><strong>Pieprz czarny<\/strong>, podobnie jak w kuchni, r\u00f3wnie\u017c w perfumach, dodaje kompozycjom <strong>g\u0142\u0119bi<\/strong> i <strong>ostro\u015bci<\/strong>, \u015bwietnie <strong>prze\u0142amuje<\/strong> s\u0142odkie zapachy i sprawia, \u017ce nie s\u0105 one md\u0142e. Bardzo dobrze komponuje si\u0119 z innymi przyprawami, ale tak\u017ce z nutami zi\u00f3\u0142 i cytrus\u00f3w.<\/p>\n<p><strong>Pieprz<\/strong> <strong>r\u00f3\u017cowy<\/strong> natomiast to doskona\u0142e <strong>uzupe\u0142nienie<\/strong> <strong>s\u0142odkich<\/strong> <strong>kompozycji<\/strong>, kt\u00f3rym dodaje nieco pikanterii.<\/p>\n<p>&nbsp;<\/p>\n\n\t\t<style type=\"text\/css\">\n\t\t\t#gallery-3 {\n\t\t\t\tmargin: auto;\n\t\t\t}\n\t\t\t#gallery-3 .gallery-item {\n\t\t\t\tfloat: left;\n\t\t\t\tmargin-top: 10px;\n\t\t\t\ttext-align: center;\n\t\t\t\twidth: 50%;\n\t\t\t}\n\t\t\t#gallery-3 img {\n\t\t\t\tborder: 2px solid #cfcfcf;\n\t\t\t}\n\t\t\t#gallery-3 .gallery-caption {\n\t\t\t\tmargin-left: 0;\n\t\t\t}\n\t\t\t\/* see gallery_shortcode() in wp-includes\/media.php *\/\n\t\t<\/style>\n\t\t<div id='gallery-3' class='gallery galleryid-3543 gallery-columns-2 gallery-size-full'><dl class='gallery-item'>\n\t\t\t<dt class='gallery-icon portrait'>\n\t\t\t\t<a href='https:\/\/neness.pl\/blog\/25e840ddee4a2a081a9c395bad623a1f\/'><img loading=\"lazy\" decoding=\"async\" width=\"750\" height=\"1000\" src=\"https:\/\/neness.pl\/blog\/wp-content\/uploads\/2017\/10\/25e840ddee4a2a081a9c395bad623a1f.jpg\" class=\"attachment-full size-full\" alt=\"\" aria-describedby=\"gallery-3-3552\" srcset=\"https:\/\/neness.pl\/blog\/wp-content\/uploads\/2017\/10\/25e840ddee4a2a081a9c395bad623a1f.jpg 750w, https:\/\/neness.pl\/blog\/wp-content\/uploads\/2017\/10\/25e840ddee4a2a081a9c395bad623a1f-225x300.jpg 225w, https:\/\/neness.pl\/blog\/wp-content\/uploads\/2017\/10\/25e840ddee4a2a081a9c395bad623a1f-610x813.jpg 610w\" sizes=\"auto, (max-width: 750px) 100vw, 750px\" \/><\/a>\n\t\t\t<\/dt>\n\t\t\t\t<dd class='wp-caption-text gallery-caption' id='gallery-3-3552'>\n\t\t\t\tChanel Chance\n\t\t\t\t<\/dd><\/dl><dl class='gallery-item'>\n\t\t\t<dt class='gallery-icon portrait'>\n\t\t\t\t<a href='https:\/\/neness.pl\/blog\/cd0e9334144ecd511e61336863c8ea1d\/'><img loading=\"lazy\" decoding=\"async\" width=\"750\" height=\"1000\" src=\"https:\/\/neness.pl\/blog\/wp-content\/uploads\/2017\/10\/cd0e9334144ecd511e61336863c8ea1d.jpg\" class=\"attachment-full size-full\" alt=\"\" aria-describedby=\"gallery-3-3553\" srcset=\"https:\/\/neness.pl\/blog\/wp-content\/uploads\/2017\/10\/cd0e9334144ecd511e61336863c8ea1d.jpg 750w, https:\/\/neness.pl\/blog\/wp-content\/uploads\/2017\/10\/cd0e9334144ecd511e61336863c8ea1d-225x300.jpg 225w, https:\/\/neness.pl\/blog\/wp-content\/uploads\/2017\/10\/cd0e9334144ecd511e61336863c8ea1d-610x813.jpg 610w\" sizes=\"auto, (max-width: 750px) 100vw, 750px\" \/><\/a>\n\t\t\t<\/dt>\n\t\t\t\t<dd class='wp-caption-text gallery-caption' id='gallery-3-3553'>\n\t\t\t\tPerfumetka inspirowana Chanel Chance \/ 12,00 z\u0142\n\t\t\t\t<\/dd><\/dl><br style=\"clear: both\" \/>\n\t\t<\/div>\n\n<p>&nbsp;<\/p>\n<p><strong>Nuty<\/strong>\u00a0<strong>zapachowe<\/strong>:<\/p>\n<p><strong>nuta<\/strong>\u00a0<strong>g\u0142owy<\/strong>: ananas, irys, paczuli, <strong>r\u00f3\u017cowy<\/strong> <strong>pieprz<\/strong>, hiacynt,<\/p>\n<p><strong>nuta<\/strong>\u00a0<strong>serca<\/strong>: ja\u015bmin, cytryna,<\/p>\n<p><strong>nuta<\/strong>\u00a0<strong>g\u0142\u0119bi<\/strong>: pi\u017cmo, paczuli, <strong>wanilia<\/strong>, wetiwer.<\/p>\n<p>&nbsp;<\/p>\n<h3>Cynamon<\/h3>\n<p>Cynamon, tak jak i imbir, jest znanym <strong>afrodyzjakiem<\/strong>. Jego <strong>korzenny<\/strong>, <strong>s\u0142odki<\/strong> aromat doskonale sprawdza si\u0119 <strong>prze\u0142amany<\/strong> <strong>cytrusowymi<\/strong> <strong>aromatami<\/strong> mandarynki i pomara\u0144czy. <strong>Przyci\u0105ga uwag\u0119<\/strong> i <strong>dzia\u0142a<\/strong> <strong>rozgrzewaj\u0105co<\/strong>, dlatego \u015bwietnie sprawdza si\u0119 w perfumach na jesie\u0144 i zim\u0119.<\/p>\n<p>&nbsp;<\/p>\n\n\t\t<style type=\"text\/css\">\n\t\t\t#gallery-4 {\n\t\t\t\tmargin: auto;\n\t\t\t}\n\t\t\t#gallery-4 .gallery-item {\n\t\t\t\tfloat: left;\n\t\t\t\tmargin-top: 10px;\n\t\t\t\ttext-align: center;\n\t\t\t\twidth: 50%;\n\t\t\t}\n\t\t\t#gallery-4 img {\n\t\t\t\tborder: 2px solid #cfcfcf;\n\t\t\t}\n\t\t\t#gallery-4 .gallery-caption {\n\t\t\t\tmargin-left: 0;\n\t\t\t}\n\t\t\t\/* see gallery_shortcode() in wp-includes\/media.php *\/\n\t\t<\/style>\n\t\t<div id='gallery-4' class='gallery galleryid-3543 gallery-columns-2 gallery-size-full'><dl class='gallery-item'>\n\t\t\t<dt class='gallery-icon portrait'>\n\t\t\t\t<a href='https:\/\/neness.pl\/blog\/26f92625a6777b817accd24739ebc0bf-2\/'><img loading=\"lazy\" decoding=\"async\" width=\"750\" height=\"1000\" src=\"https:\/\/neness.pl\/blog\/wp-content\/uploads\/2017\/10\/26f92625a6777b817accd24739ebc0bf.jpg\" class=\"attachment-full size-full\" alt=\"\" aria-describedby=\"gallery-4-3554\" srcset=\"https:\/\/neness.pl\/blog\/wp-content\/uploads\/2017\/10\/26f92625a6777b817accd24739ebc0bf.jpg 750w, https:\/\/neness.pl\/blog\/wp-content\/uploads\/2017\/10\/26f92625a6777b817accd24739ebc0bf-225x300.jpg 225w, https:\/\/neness.pl\/blog\/wp-content\/uploads\/2017\/10\/26f92625a6777b817accd24739ebc0bf-610x813.jpg 610w\" sizes=\"auto, (max-width: 750px) 100vw, 750px\" \/><\/a>\n\t\t\t<\/dt>\n\t\t\t\t<dd class='wp-caption-text gallery-caption' id='gallery-4-3554'>\n\t\t\t\tDior Dolce Vita\n\t\t\t\t<\/dd><\/dl><dl class='gallery-item'>\n\t\t\t<dt class='gallery-icon portrait'>\n\t\t\t\t<a href='https:\/\/neness.pl\/blog\/a91752c014fd9d3c28e155736ca12e53-2\/'><img loading=\"lazy\" decoding=\"async\" width=\"750\" height=\"1000\" src=\"https:\/\/neness.pl\/blog\/wp-content\/uploads\/2017\/10\/a91752c014fd9d3c28e155736ca12e53.jpg\" class=\"attachment-full size-full\" alt=\"\" aria-describedby=\"gallery-4-3555\" srcset=\"https:\/\/neness.pl\/blog\/wp-content\/uploads\/2017\/10\/a91752c014fd9d3c28e155736ca12e53.jpg 750w, https:\/\/neness.pl\/blog\/wp-content\/uploads\/2017\/10\/a91752c014fd9d3c28e155736ca12e53-225x300.jpg 225w, https:\/\/neness.pl\/blog\/wp-content\/uploads\/2017\/10\/a91752c014fd9d3c28e155736ca12e53-610x813.jpg 610w\" sizes=\"auto, (max-width: 750px) 100vw, 750px\" \/><\/a>\n\t\t\t<\/dt>\n\t\t\t\t<dd class='wp-caption-text gallery-caption' id='gallery-4-3555'>\n\t\t\t\tPerfumetka inspirowana Dior Dolce Vita \/ 12,00 z\u0142\n\t\t\t\t<\/dd><\/dl><br style=\"clear: both\" \/>\n\t\t<\/div>\n\n<p>&nbsp;<\/p>\n<p><strong>Nuty<\/strong>\u00a0<strong>zapachowe<\/strong>:<\/p>\n<p><strong>nuta<\/strong>\u00a0<strong>g\u0142owy<\/strong>:\u00a0lilia, brzoskwinia, grejpfrut, bergamotka, r\u00f3\u017ca, <strong>kardamon<\/strong>,<\/p>\n<p><strong>nuta<\/strong>\u00a0<strong>serca<\/strong>: morela, magnolia, lilia, <strong>cynamon<\/strong>, heliotrop, brazylijskie drzewo r\u00f3\u017cane,<\/p>\n<p><strong>nuta<\/strong>\u00a0<strong>g\u0142\u0119bi<\/strong>: drzewo sanda\u0142owe, kokos, <strong>wanilia<\/strong>, cedr.<\/p>\n<p>&nbsp;<\/p>\n<h3>Go\u017adziki<\/h3>\n<p><strong>Intensywny<\/strong>, <strong>gorzkawy<\/strong> i korzenny zapach go\u017adzik\u00f3w to nieod\u0142\u0105czny sk\u0142adnik grzanego wina i piernika, a tak\u017ce\u2026 <strong>korzenno-zio\u0142owych<\/strong> perfum. Dzia\u0142a <strong>od\u015bwie\u017caj\u0105co<\/strong>, <strong>pobudza<\/strong> i <strong>dodaje ostro\u015bci<\/strong> kompozycjom.<\/p>\n","protected":false},"excerpt":{"rendered":"<p>Intensywne zapachy ga\u0142ki muszkato\u0142owej, cynamonu czy go\u017adzik\u00f3w nieod\u0142\u0105cznie kojarz\u0105 nam si\u0119 z jedzeniem. Jednak przyprawy u\u017cywane s\u0105 nie tylko w kuchni \u2013 r\u00f3wnie cz\u0119sto ich charakterystyczne, korzenne aromaty znale\u017a\u0107 mo\u017cemy tak\u017ce w perfumach. Nadaj\u0105 zapachom g\u0142\u0119bi i wyrazisto\u015bci. Jakie przyprawy s\u0105 najcz\u0119\u015bciej wykorzystywane przy produkcji zapach\u00f3w? &nbsp; W sam raz na jesie\u0144 Jesieni\u0105 i zim\u0105 [&hellip;]<\/p>\n","protected":false},"author":2,"featured_media":3546,"comment_status":"open","ping_status":"open","sticky":false,"template":"","format":"standard","meta":{"_et_pb_use_builder":"","_et_pb_old_content":"","_et_gb_content_width":"","footnotes":""},"categories":[19],"tags":[],"class_list":["post-3543","post","type-post","status-publish","format-standard","has-post-thumbnail","hentry","category-zachwycaj-zapachem","et-has-post-format-content","et_post_format-et-post-format-standard"],"_links":{"self":[{"href":"https:\/\/neness.pl\/blog\/wp-json\/wp\/v2\/posts\/3543","targetHints":{"allow":["GET"]}}],"collection":[{"href":"https:\/\/neness.pl\/blog\/wp-json\/wp\/v2\/posts"}],"about":[{"href":"https:\/\/neness.pl\/blog\/wp-json\/wp\/v2\/types\/post"}],"author":[{"embeddable":true,"href":"https:\/\/neness.pl\/blog\/wp-json\/wp\/v2\/users\/2"}],"replies":[{"embeddable":true,"href":"https:\/\/neness.pl\/blog\/wp-json\/wp\/v2\/comments?post=3543"}],"version-history":[{"count":0,"href":"https:\/\/neness.pl\/blog\/wp-json\/wp\/v2\/posts\/3543\/revisions"}],"wp:featuredmedia":[{"embeddable":true,"href":"https:\/\/neness.pl\/blog\/wp-json\/wp\/v2\/media\/3546"}],"wp:attachment":[{"href":"https:\/\/neness.pl\/blog\/wp-json\/wp\/v2\/media?parent=3543"}],"wp:term":[{"taxonomy":"category","embeddable":true,"href":"https:\/\/neness.pl\/blog\/wp-json\/wp\/v2\/categories?post=3543"},{"taxonomy":"post_tag","embeddable":true,"href":"https:\/\/neness.pl\/blog\/wp-json\/wp\/v2\/tags?post=3543"}],"curies":[{"name":"wp","href":"https:\/\/api.w.org\/{rel}","templated":true}]}}