{"id":3509,"date":"2017-10-12T13:28:45","date_gmt":"2017-10-12T11:28:45","guid":{"rendered":"http:\/\/ranking-kosmetykow.pl\/?p=3509"},"modified":"2017-10-12T13:28:45","modified_gmt":"2017-10-12T11:28:45","slug":"jak-walczyc-z-przebarwieniami-na-skorze","status":"publish","type":"post","link":"https:\/\/neness.pl\/blog\/jak-walczyc-z-przebarwieniami-na-skorze\/","title":{"rendered":"Jak walczy\u0107 z przebarwieniami na sk\u00f3rze?"},"content":{"rendered":"<p>Przebarwienia na sk\u00f3rze mog\u0105 by\u0107 przyczyn\u0105 wielu kompleks\u00f3w. Ciemne \u2013 szare lub br\u0105zowe plamki pojawiaj\u0105 si\u0119 na sk\u00f3rze niespodziewanie i niestety nie jest \u0142atwo si\u0119 ich pozby\u0107. Sk\u0105d bior\u0105 si\u0119 przebarwienia i czy mo\u017cna im zapobiega\u0107? A je\u015bli ju\u017c si\u0119 pojawi\u0142y to, czy mo\u017cemy si\u0119 ich pozby\u0107?<\/p>\n<p>&nbsp;<\/p>\n<h3>Czym s\u0105 przebarwienia?<\/h3>\n<p><strong>Przebarwienia<\/strong> pojawiaj\u0105ce si\u0119 na naszej sk\u00f3rze to nic innego jak barwnik, kt\u00f3ry gromadzi si\u0119 w jednym miejscu, tworz\u0105c ciemniejsze plamki. Jego pojawienie si\u0119 jest spowodowane nieprawid\u0142owym funkcjonowaniem kom\u00f3rek nazywanych <strong>melanocytami<\/strong>.<\/p>\n<p>Mo\u017cemy wyr\u00f3\u017cni\u0107 <strong>kilka czynnik\u00f3w<\/strong>, kt\u00f3re mog\u0105 powodowa\u0107 pojawianie si\u0119 na sk\u00f3rze przebarwie\u0144. Niekt\u00f3re z nich to szkodliwe dzia\u0142anie promieni s\u0142onecznych (to jeden z powod\u00f3w, dla kt\u00f3rych tak cz\u0119sto przypominamy o ochronie przeciws\u0142onecznej), przyjmowanie niekt\u00f3rych lek\u00f3w, kt\u00f3re mog\u0105 uwra\u017cliwia\u0107 sk\u00f3r\u0119 na \u015bwiat\u0142o, opalanie blizn potr\u0105dzikowych, zaburzenia hormonalne. Na powstawanie przebarwie\u0144 wp\u0142yw mog\u0105 mie\u0107 tak\u017ce niekt\u00f3re<strong> zabiegi kosmetyczne<\/strong>, z\u0142a piel\u0119gnacja cery, lub po prostu starzenie si\u0119 sk\u00f3ry.<\/p>\n<p>&nbsp;<\/p>\n<div id=\"attachment_3512\" style=\"width: 760px\" class=\"wp-caption aligncenter\"><a href=\"https:\/\/neness.pl\/kosmetyki\/pielegnacja_twarzy\/maseczki\/holika_holika_maseczka_skin_rescue_vita_c_mask_sheet.html\"><img loading=\"lazy\" decoding=\"async\" aria-describedby=\"caption-attachment-3512\" class=\"size-full wp-image-3512\" src=\"http:\/\/ranking-kosmetykow.pl\/wp-content\/uploads\/2017\/10\/7fc25853a9586d2c438195f777f94553.jpg\" alt=\"\" width=\"750\" height=\"1000\" srcset=\"https:\/\/neness.pl\/blog\/wp-content\/uploads\/2017\/10\/7fc25853a9586d2c438195f777f94553.jpg 750w, https:\/\/neness.pl\/blog\/wp-content\/uploads\/2017\/10\/7fc25853a9586d2c438195f777f94553-225x300.jpg 225w, https:\/\/neness.pl\/blog\/wp-content\/uploads\/2017\/10\/7fc25853a9586d2c438195f777f94553-610x813.jpg 610w\" sizes=\"auto, (max-width: 750px) 100vw, 750px\" \/><\/a><p id=\"caption-attachment-3512\" class=\"wp-caption-text\">Holika Holika Maseczka Skin Rescue Vita C Mask Sheet \/<br \/>13,50 z\u0142<\/p><\/div>\n<p>&nbsp;<\/p>\n<h3><\/h3>\n<h3>Jak walczy\u0107 z przebarwieniami?<\/h3>\n<p>Przede wszystkim warto wspomnie\u0107, \u017ce podobnie jak w przypadku wielu innych problem\u00f3w, \u0142atwiej przebarwieniom <strong>zapobiega\u0107<\/strong> ni\u017c leczy\u0107. Przyczyn\u0105 wi\u0119kszo\u015bci przebarwie\u0144 jest promieniowanie UV, dlatego tak wa\u017cna jest<strong> ochrona przed szkodliwym dzia\u0142aniem s\u0142o\u0144ca<\/strong>. Kremy z wysokim filtrem przez ca\u0142y rok powinny go\u015bci\u0107 w naszej kosmetyczce, r\u00f3wnie\u017c jesieni\u0105 i zim\u0105.<\/p>\n<p>Cho\u0107 ca\u0142kowite pozbycie si\u0119 przebarwie\u0144 mo\u017ce okaza\u0107 si\u0119 niemo\u017cliwe, to si\u0119gn\u0105\u0107 mo\u017cemy po kosmetyki, kt\u00f3re pomog\u0105 nam <strong>wybieli\u0107<\/strong> ciemne plamy. W tym przypadku na pewno sprawdz\u0105 si\u0119 <strong>kosmetyki z\u0142uszczaj\u0105ce<\/strong>, kt\u00f3re zawieraj\u0105 w swoim sk\u0142adzie kwasy, na przyk\u0142ad kwasy alfa-hydroksylowe. Sk\u0142adnikiem kosmetyk\u00f3w s\u0142u\u017c\u0105cych do walki z przebarwieniami powinna by\u0107 r\u00f3wnie\u017c witamina C, kt\u00f3ra r\u00f3wnie\u017c ma w\u0142a\u015bciwo\u015bci rozja\u015bniaj\u0105ce, a tak\u017ce wyci\u0105gi z takich ro\u015blin jak bor\u00f3wka nied\u017awiedzia, malina moroszka czy lukrecja.<\/p>\n<p>Cz\u0119sto w sk\u0142adzie krem\u00f3w na przebarwienia znale\u017a\u0107 mo\u017cemy<strong> retinoidy<\/strong>, jednak nale\u017cy zachowa\u0107 ostro\u017cno\u015b\u0107 podczas ich stosowania, poniewa\u017c mog\u0105 podra\u017cni\u0107 sk\u00f3r\u0119.<\/p>\n<p>Opr\u00f3cz samych krem\u00f3w rozja\u015bniaj\u0105cych przebarwienia warto wprowadzi\u0107 dodatkow\u0105\u00a0piel\u0119gnacj\u0119 i si\u0119gn\u0105\u0107 r\u00f3wnie\u017c po<a href=\"http:\/\/ranking-kosmetykow.pl\/2017\/10\/11\/dlaczego-warto-uzywac-serum\/\"> serum<\/a> rozja\u015bniaj\u0105ce, peelingi i <a href=\"http:\/\/ranking-kosmetykow.pl\/2017\/10\/09\/maseczki-w-plachcie-ktora-wybrac\/\">maseczki w p\u0142achcie<\/a>, kt\u00f3re stosowane regularnie b\u0119d\u0105 stanowi\u0142y idealne uzupe\u0142nienie codziennej piel\u0119gnacji.<\/p>\n<p>&nbsp;<\/p>\n<div id=\"attachment_3513\" style=\"width: 760px\" class=\"wp-caption aligncenter\"><a href=\"https:\/\/neness.pl\/kosmetyki\/pielegnacja_twarzy\/maseczki\/holika_holika_pure_essence_maska_ryzowa_mask_sheet_rice.html\"><img loading=\"lazy\" decoding=\"async\" aria-describedby=\"caption-attachment-3513\" class=\"size-full wp-image-3513\" src=\"http:\/\/ranking-kosmetykow.pl\/wp-content\/uploads\/2017\/10\/448ca09d213830f7a2b0a953160f6ca8.jpg\" alt=\"\" width=\"750\" height=\"1000\" srcset=\"https:\/\/neness.pl\/blog\/wp-content\/uploads\/2017\/10\/448ca09d213830f7a2b0a953160f6ca8.jpg 750w, https:\/\/neness.pl\/blog\/wp-content\/uploads\/2017\/10\/448ca09d213830f7a2b0a953160f6ca8-225x300.jpg 225w, https:\/\/neness.pl\/blog\/wp-content\/uploads\/2017\/10\/448ca09d213830f7a2b0a953160f6ca8-610x813.jpg 610w\" sizes=\"auto, (max-width: 750px) 100vw, 750px\" \/><\/a><p id=\"caption-attachment-3513\" class=\"wp-caption-text\">Holika Holika Pure Essence Maska Ry\u017cowa Mask Sheet Rice \/<br \/>10,90 z\u0142<\/p><\/div>\n<h3>\u00a0<span style=\"color: #ffffff;\">\u00a0.<\/span><\/h3>\n<h3>Domowe sposoby na przebarwienia<\/h3>\n<p>Je\u015bli zauwa\u017cy\u0142y\u015bmy, \u017ce na naszej sk\u00f3rze zaczynaj\u0105 pojawia\u0107 si\u0119 przebarwienia i s\u0105 niewielkie i niezbyt g\u0142\u0119bokie, mo\u017cemy zacz\u0105\u0107 walk\u0119 z nimi od<strong> domowych sposob\u00f3w<\/strong>.<\/p>\n<p>Na niewielkie przebarwienia skuteczne mog\u0105 okaza\u0107 si\u0119 maseczki z <strong>og\u00f3rka<\/strong>,<strong> cytryny<\/strong> lub&#8230; ziemniaka. Opr\u00f3cz maseczek mo\u017cemy z nich przygotowa\u0107 r\u00f3wnie\u017c ok\u0142ady lub tonik.<\/p>\n<p>&nbsp;<\/p>\n<div id=\"attachment_3514\" style=\"width: 760px\" class=\"wp-caption aligncenter\"><a href=\"https:\/\/neness.pl\/kosmetyki\/pielegnacja_twarzy\/maseczki\/holika_holika_maseczka_baby_pet_seal_efekt_foki_magic_sheet.html\"><img loading=\"lazy\" decoding=\"async\" aria-describedby=\"caption-attachment-3514\" class=\"size-full wp-image-3514\" src=\"http:\/\/ranking-kosmetykow.pl\/wp-content\/uploads\/2017\/10\/82885064924d38c5751a4bbfdbbe0863-1.jpg\" alt=\"\" width=\"750\" height=\"1000\" srcset=\"https:\/\/neness.pl\/blog\/wp-content\/uploads\/2017\/10\/82885064924d38c5751a4bbfdbbe0863-1.jpg 750w, https:\/\/neness.pl\/blog\/wp-content\/uploads\/2017\/10\/82885064924d38c5751a4bbfdbbe0863-1-225x300.jpg 225w, https:\/\/neness.pl\/blog\/wp-content\/uploads\/2017\/10\/82885064924d38c5751a4bbfdbbe0863-1-610x813.jpg 610w\" sizes=\"auto, (max-width: 750px) 100vw, 750px\" \/><\/a><p id=\"caption-attachment-3514\" class=\"wp-caption-text\">Holika Holika Maseczka Baby Pet Seal Efekt Foki Magic Sheet \/<br \/>16,90 z\u0142<\/p><\/div>\n<p>&nbsp;<\/p>\n<p>Opr\u00f3cz maseczek i krem\u00f3w warto pami\u0119ta\u0107, by regularnie stosowa\u0107 <strong>peeling<\/strong>, kt\u00f3ry usunie martwy nask\u00f3rek i r\u00f3wnie\u017c pomo\u017ce rozja\u015bni\u0107 plamy. Nie musimy od razu si\u0119ga\u0107 po mocno \u015bcieraj\u0105ce peelingi mechaniczne, kt\u00f3re mog\u0105 podra\u017cni\u0107 sk\u00f3r\u0119. W rozja\u015bnianiu przebarwie\u0144 r\u00f3wnie dobrze, a mo\u017ce nawet lepiej sprawdzaj\u0105 si\u0119 <strong>peelingi enzymatyczne<\/strong>, na przyk\u0142ad takie zawieraj\u0105ce kwasy owocowe. Pami\u0119tajmy jednak, \u017ce domowe zabiegi, cho\u0107 mog\u0105 okaza\u0107 si\u0119 skuteczne, potrzebuj\u0105 czasu, dlatego warto uzbroi\u0107 si\u0119 w cierpliwo\u015b\u0107 i regularnie dba\u0107 o sk\u00f3r\u0119.<\/p>\n<p>Je\u015bli nasze przebarwienia s\u0105 du\u017ce lub bardzo g\u0142\u0119bokie i domowa piel\u0119gnacja nie jest w stanie sobie z nimi poradzi\u0107, warto skonsultowa\u0107 si\u0119 z dermatologiem lub skorzysta\u0107 z profesjonalnych zabieg\u00f3w w gabinecie kosmetycznym<\/p>\n","protected":false},"excerpt":{"rendered":"<p>Przebarwienia na sk\u00f3rze mog\u0105 by\u0107 przyczyn\u0105 wielu kompleks\u00f3w. Ciemne \u2013 szare lub br\u0105zowe plamki pojawiaj\u0105 si\u0119 na sk\u00f3rze niespodziewanie i niestety nie jest \u0142atwo si\u0119 ich pozby\u0107. Sk\u0105d bior\u0105 si\u0119 przebarwienia i czy mo\u017cna im zapobiega\u0107? A je\u015bli ju\u017c si\u0119 pojawi\u0142y to, czy mo\u017cemy si\u0119 ich pozby\u0107? &nbsp; Czym s\u0105 przebarwienia? Przebarwienia pojawiaj\u0105ce si\u0119 na [&hellip;]<\/p>\n","protected":false},"author":2,"featured_media":3511,"comment_status":"open","ping_status":"open","sticky":false,"template":"","format":"standard","meta":{"_et_pb_use_builder":"","_et_pb_old_content":"","_et_gb_content_width":"","footnotes":""},"categories":[185],"tags":[],"class_list":["post-3509","post","type-post","status-publish","format-standard","has-post-thumbnail","hentry","category-codzienna-pielegnacja","et-has-post-format-content","et_post_format-et-post-format-standard"],"_links":{"self":[{"href":"https:\/\/neness.pl\/blog\/wp-json\/wp\/v2\/posts\/3509","targetHints":{"allow":["GET"]}}],"collection":[{"href":"https:\/\/neness.pl\/blog\/wp-json\/wp\/v2\/posts"}],"about":[{"href":"https:\/\/neness.pl\/blog\/wp-json\/wp\/v2\/types\/post"}],"author":[{"embeddable":true,"href":"https:\/\/neness.pl\/blog\/wp-json\/wp\/v2\/users\/2"}],"replies":[{"embeddable":true,"href":"https:\/\/neness.pl\/blog\/wp-json\/wp\/v2\/comments?post=3509"}],"version-history":[{"count":0,"href":"https:\/\/neness.pl\/blog\/wp-json\/wp\/v2\/posts\/3509\/revisions"}],"wp:featuredmedia":[{"embeddable":true,"href":"https:\/\/neness.pl\/blog\/wp-json\/wp\/v2\/media\/3511"}],"wp:attachment":[{"href":"https:\/\/neness.pl\/blog\/wp-json\/wp\/v2\/media?parent=3509"}],"wp:term":[{"taxonomy":"category","embeddable":true,"href":"https:\/\/neness.pl\/blog\/wp-json\/wp\/v2\/categories?post=3509"},{"taxonomy":"post_tag","embeddable":true,"href":"https:\/\/neness.pl\/blog\/wp-json\/wp\/v2\/tags?post=3509"}],"curies":[{"name":"wp","href":"https:\/\/api.w.org\/{rel}","templated":true}]}}