{"id":3466,"date":"2017-10-05T15:23:59","date_gmt":"2017-10-05T13:23:59","guid":{"rendered":"http:\/\/ranking-kosmetykow.pl\/?p=3466"},"modified":"2017-10-05T15:23:59","modified_gmt":"2017-10-05T13:23:59","slug":"jak-dbac-o-rzesy","status":"publish","type":"post","link":"https:\/\/neness.pl\/blog\/jak-dbac-o-rzesy\/","title":{"rendered":"Jak dba\u0107 o rz\u0119sy?"},"content":{"rendered":"<p>D\u0142ugie, mocne i g\u0119ste rz\u0119sy to obiekt po\u017c\u0105dania wielu kobiet. Co prawda tusz do rz\u0119s mo\u017ce pom\u00f3c nam uzyska\u0107 pi\u0119kny wachlarz podkre\u015blaj\u0105cy oko, jednak warto zadba\u0107 r\u00f3wnie\u017c o od\u017cywienie samych w\u0142osk\u00f3w. Co zrobi\u0107, by rz\u0119sy sta\u0142y si\u0119 g\u0119stsze i zdrowsze?<\/p>\n<p>&nbsp;<\/p>\n<h3>Co niszczy rz\u0119sy?<\/h3>\n<p>Nasze<strong> rz\u0119sy<\/strong> to w\u0142osy i podobnie jak te na g\u0142owie, z biegiem czasu si\u0119 starzej\u0105. Im starsi jeste\u015bmy, tym wolniej rosn\u0105, staj\u0105 si\u0119 r\u00f3wnie\u017c bardziej kruche i \u0142amliwe. Nie s\u0105 r\u00f3wnie\u017c odporne na dzia\u0142anie czynnik\u00f3w zewn\u0119trznych. Codziennie nara\u017camy je na <strong>uszkodzenia<\/strong> i wp\u0142ywamy na pogorszenie ich stanu. Kiepskiej jako\u015bci tusz do rz\u0119s, <strong>niedok\u0142adny demakija\u017c<\/strong>, niezbyt delikatne <strong>pocieranie<\/strong>, czy <strong>zabiegi przed\u0142u\u017cania i zag\u0119szczania<\/strong> mog\u0105 powodowa\u0107, \u017ce coraz wi\u0119cej w\u0142osk\u00f3w b\u0119dzie wypada\u0107.<\/p>\n<p>Cho\u0107 rz\u0119sy swoj\u0105 struktur\u0105 s\u0105 podobne do w\u0142os\u00f3w rosn\u0105cych na g\u0142owie, <strong>faza wzrostu<\/strong> rz\u0119s trwa du\u017co kr\u00f3cej \u2013 oko\u0142o 2-3 tygodnie. Po tym czasie nast\u0119puje czas przej\u015bciowy, w czasie kt\u00f3rego mieszki w\u0142osowe w powiekach kurcz\u0105 si\u0119, a nast\u0119pnie przechodz\u0105 w stan spoczynku. To w\u0142a\u015bnie w tym momencie rz\u0119sy zaczynaj\u0105 wypada\u0107. Jest to normalny proces i po tym czasie mieszki w\u0142osowe zn\u00f3w przechodz\u0105 faz\u0119 intensywnego wzrostu. Ca\u0142y cykl trwa od 3 do 4 miesi\u0119cy. Z obserwacji ca\u0142ego cyklu wynika wi\u0119c, \u017ce by rz\u0119sy sta\u0142y si\u0119 d\u0142u\u017csze i g\u0119stsze nale\u017cy jak najbardziej wyd\u0142u\u017cy\u0107 faz\u0119 wzrostu. Jak to zrobi\u0107?<\/p>\n<p>&nbsp;<\/p>\n<h3>Jak piel\u0119gnowa\u0107 rz\u0119sy?<\/h3>\n<p>Opr\u00f3cz skupienia si\u0119 na tym, by jak najbardziej wyd\u0142u\u017cy\u0107 faz\u0119 wzrostu, nazywan\u0105 inaczej anagenem, musimy r\u00f3wnie\u017c dostarczy\u0107 w\u0142oskom <strong>substancji od\u017cywczych<\/strong>, kt\u00f3re sprawi\u0105, \u017ce stan\u0105 si\u0119 one bardziej elastyczne, mocniejsze i zdrowsze. Jakie substancje najlepiej wp\u0142ywaj\u0105 na stan naszych rz\u0119s?<\/p>\n<p>Starym i sprawdzonym domowym sposobem na piel\u0119gnacj\u0119 naszych rz\u0119s i brwi, kt\u00f3re stosowa\u0142y ju\u017c nasze babcie, jest <strong>olejek rycynowy<\/strong>. Ma on w\u0142a\u015bciwo\u015bci regeneruj\u0105ce i odbudowuj\u0105ce struktur\u0119 rz\u0119s, a opr\u00f3cz tego <strong>stymuluje ich wzrost<\/strong>. Ponadto regularne stosowanie olejku rycynowego sprawia te\u017c, \u017ce w\u0142oski staj\u0105 si\u0119 ciemniejsze i grubsze. Niestety ten produkt ma jedn\u0105 wad\u0119 \u2013 jest rzadki, a przez to \u0142atwo sp\u0142ywa z rz\u0119s, przez co mo\u017ce dosta\u0107 si\u0119 do oka i podra\u017cni\u0107 spoj\u00f3wk\u0119.<\/p>\n<p>&nbsp;<\/p>\n<div id=\"attachment_3469\" style=\"width: 921px\" class=\"wp-caption aligncenter\"><img loading=\"lazy\" decoding=\"async\" aria-describedby=\"caption-attachment-3469\" class=\" wp-image-3469\" src=\"http:\/\/ranking-kosmetykow.pl\/wp-content\/uploads\/2017\/10\/Fotolia_107607567_Subscription_XXL-1024x700.jpg\" alt=\"\" width=\"911\" height=\"623\" \/><p id=\"caption-attachment-3469\" class=\"wp-caption-text\">fotolia.com, #107607567 | Autor: Swapan<\/p><\/div>\n<p>&nbsp;<\/p>\n<p>Opr\u00f3cz tradycyjnego olejku rycynowego si\u0119gn\u0105\u0107 mo\u017cemy te\u017c po specjalne <strong>od\u017cywki do rz\u0119s<\/strong>, kt\u00f3re bogate s\u0105 w substancje od\u017cywcze i stymuluj\u0105ce wzrost w\u0142osk\u00f3w. Do takich substancji nale\u017c\u0105 nawil\u017caj\u0105cy <strong>kwas hialuronowy<\/strong> i <strong>wyci\u0105gi ro\u015blinne<\/strong>, <strong>biotyna<\/strong> i <strong>witamina B12<\/strong>, kt\u00f3re zapobiegaj\u0105 wypadaniu w\u0142osk\u00f3w, <strong>glikoproteiny<\/strong>, kt\u00f3re stymuluj\u0105 ich wzrost, oraz inne sk\u0142adniki, kt\u00f3re uelastyczniaj\u0105 i odbudowuj\u0105 struktur\u0119 w\u0142osa.<\/p>\n<p>&nbsp;<\/p>\n<h3>Co jeszcze mo\u017cemy zrobi\u0107?<\/h3>\n<p>Opr\u00f3cz regularnego stosowania od\u017cywek warto te\u017c wprowadzi\u0107 kilka nawyk\u00f3w, by niepotrzebnie nie os\u0142abia\u0107 w\u0142osk\u00f3w. Podstaw\u0105 jest oczywi\u015bcie <strong>dok\u0142adny i delikatny (!) demakija\u017c<\/strong>, podczas kt\u00f3rego nie nale\u017cy zbyt mocno pociera\u0107 oczu. Lepsz\u0105 metod\u0105 jest przy\u0142o\u017cenie wacika nas\u0105czonego p\u0142ynem lub mleczkiem i przytrzymanie go na powiekach przez kilkana\u015bcie sekund, by produkt mia\u0142 szans\u0119 rozpu\u015bci\u0107 tusz.<\/p>\n<p>&nbsp;<\/p>\n<div id=\"attachment_3470\" style=\"width: 943px\" class=\"wp-caption aligncenter\"><img loading=\"lazy\" decoding=\"async\" aria-describedby=\"caption-attachment-3470\" class=\" wp-image-3470\" src=\"http:\/\/ranking-kosmetykow.pl\/wp-content\/uploads\/2017\/10\/Fotolia_162582079_Subscription_XXL-1024x683.jpg\" alt=\"\" width=\"933\" height=\"622\" \/><p id=\"caption-attachment-3470\" class=\"wp-caption-text\">fotolia.com, #162582079 | Autor: jcomp<\/p><\/div>\n<p>&nbsp;<\/p>\n<p>W ci\u0105gu dnia zadbajmy te\u017c, by unika\u0107 niepotrzebnego <strong>pocierania oczu<\/strong>, co r\u00f3wnie\u017c mo\u017ce sprzyja\u0107 wypadaniu i os\u0142abieniu rz\u0119s. Wp\u0142yw na os\u0142abienie w\u0142osk\u00f3w ma te\u017c cz\u0119ste <strong>doklejanie sztucznych rz\u0119s<\/strong>. Klej, kt\u00f3rego u\u017cywamy do tej czynno\u015bci, mo\u017ce powodowa\u0107 nadmierne wypadanie naturalnych w\u0142osk\u00f3w.<\/p>\n<p>Niezbyt dobrym pomys\u0142em jest te\u017c codzienne stosowanie<strong> zalotki do rz\u0119s<\/strong>, kt\u00f3ra, cho\u0107 bardzo \u0142adnie podkr\u0119ca rz\u0119sy, sprawia, \u017ce staj\u0105 si\u0119 \u0142amliwe i wypadaj\u0105 w coraz wi\u0119kszych ilo\u015bciach. Dlatego warto j\u0105 stosowa\u0107 tylko na specjalne okazje.<\/p>\n","protected":false},"excerpt":{"rendered":"<p>D\u0142ugie, mocne i g\u0119ste rz\u0119sy to obiekt po\u017c\u0105dania wielu kobiet. Co prawda tusz do rz\u0119s mo\u017ce pom\u00f3c nam uzyska\u0107 pi\u0119kny wachlarz podkre\u015blaj\u0105cy oko, jednak warto zadba\u0107 r\u00f3wnie\u017c o od\u017cywienie samych w\u0142osk\u00f3w. Co zrobi\u0107, by rz\u0119sy sta\u0142y si\u0119 g\u0119stsze i zdrowsze? &nbsp; Co niszczy rz\u0119sy? Nasze rz\u0119sy to w\u0142osy i podobnie jak te na g\u0142owie, z [&hellip;]<\/p>\n","protected":false},"author":2,"featured_media":3467,"comment_status":"open","ping_status":"open","sticky":false,"template":"","format":"standard","meta":{"_et_pb_use_builder":"","_et_pb_old_content":"","_et_gb_content_width":"","footnotes":""},"categories":[185],"tags":[],"class_list":["post-3466","post","type-post","status-publish","format-standard","has-post-thumbnail","hentry","category-codzienna-pielegnacja","et-has-post-format-content","et_post_format-et-post-format-standard"],"_links":{"self":[{"href":"https:\/\/neness.pl\/blog\/wp-json\/wp\/v2\/posts\/3466","targetHints":{"allow":["GET"]}}],"collection":[{"href":"https:\/\/neness.pl\/blog\/wp-json\/wp\/v2\/posts"}],"about":[{"href":"https:\/\/neness.pl\/blog\/wp-json\/wp\/v2\/types\/post"}],"author":[{"embeddable":true,"href":"https:\/\/neness.pl\/blog\/wp-json\/wp\/v2\/users\/2"}],"replies":[{"embeddable":true,"href":"https:\/\/neness.pl\/blog\/wp-json\/wp\/v2\/comments?post=3466"}],"version-history":[{"count":0,"href":"https:\/\/neness.pl\/blog\/wp-json\/wp\/v2\/posts\/3466\/revisions"}],"wp:featuredmedia":[{"embeddable":true,"href":"https:\/\/neness.pl\/blog\/wp-json\/wp\/v2\/media\/3467"}],"wp:attachment":[{"href":"https:\/\/neness.pl\/blog\/wp-json\/wp\/v2\/media?parent=3466"}],"wp:term":[{"taxonomy":"category","embeddable":true,"href":"https:\/\/neness.pl\/blog\/wp-json\/wp\/v2\/categories?post=3466"},{"taxonomy":"post_tag","embeddable":true,"href":"https:\/\/neness.pl\/blog\/wp-json\/wp\/v2\/tags?post=3466"}],"curies":[{"name":"wp","href":"https:\/\/api.w.org\/{rel}","templated":true}]}}