{"id":3454,"date":"2017-10-03T15:07:01","date_gmt":"2017-10-03T13:07:01","guid":{"rendered":"http:\/\/ranking-kosmetykow.pl\/?p=3454"},"modified":"2017-10-03T15:07:01","modified_gmt":"2017-10-03T13:07:01","slug":"kiedy-nastolatka-moze-zaczac-sie-malowac","status":"publish","type":"post","link":"https:\/\/neness.pl\/blog\/kiedy-nastolatka-moze-zaczac-sie-malowac\/","title":{"rendered":"Kiedy nastolatka mo\u017ce zacz\u0105\u0107 si\u0119 malowa\u0107?"},"content":{"rendered":"<p>Kwestia makija\u017cu u nastolatek to jeden z najbardziej kontrowersyjnych temat\u00f3w. Nie zaskakuje fakt, \u017ce chyba ka\u017cda m\u0142oda kobieta chcia\u0142aby wygl\u0105da\u0107 doro\u015blej, a co za tym idzie pr\u0119dzej czy p\u00f3\u017aniej si\u0119ga po kosmetyki do makija\u017cu. Czy istnieje wi\u0119c granica wieku, kiedy to m\u0142ode dziewczyny mog\u0105 zacz\u0105\u0107 si\u0119 malowa\u0107 i jakich kosmetyk\u00f3w powinny u\u017cywa\u0107, by nie podra\u017cni\u0107 m\u0142odej sk\u00f3ry?<\/p>\n<p>&nbsp;<\/p>\n<h3>Czy to ju\u017c czas?<\/h3>\n<p>Od jakiego\u015b czasu mo\u017cemy zauwa\u017cy\u0107, \u017ce wiek, kiedy dziewczynki zaczynamy uznawa\u0107 za nastolatki, znacz\u0105co si\u0119 obni\u017ca. Niegdy\u015b za nastolatki uwa\u017cano osoby oko\u0142o 15 roku \u017cycia, dzi\u015b terminem tym obejmujemy nawet <strong>jedenastoletnie dziewczynki<\/strong>. Co za tym idzie, coraz m\u0142odsze osoby pr\u00f3buj\u0105 si\u0119ga\u0107 po <strong>kosmetyki<\/strong> podbierane z kosmetyczek mam i starszych si\u00f3str.<\/p>\n<p>Niestety niecz\u0119sto zdarza si\u0119, \u017ce rodzice rozmawiaj\u0105 na temat makija\u017cu ze swoimi pociechami, co jednocze\u015bnie wi\u0105\u017ce si\u0119 z cichym przyzwoleniem na malowanie si\u0119 na co dzie\u0144. Nie ma w tym nic z\u0142ego, je\u017celi malowa\u0107 chc\u0105 si\u0119 dziewcz\u0119ta ko\u0144cz\u0105ce gimnazjum, czy te w wieku licealnym, jednak wydaje si\u0119, \u017ce nak\u0142adanie makija\u017cu ju\u017c w szkole podstawowej nie jest najlepszym pomys\u0142em.<\/p>\n<p>Nie chodzi tu tylko o pogl\u0105dy na t\u0119 spraw\u0119 szko\u0142y i nauczycieli, a o<strong> zdrowie m\u0142odej i niedojrza\u0142ej jeszcze cery<\/strong>. Ponadto przesadny, mocny makija\u017c, zamiast delikatnie podkre\u015bla\u0107 urod\u0119 nastolatki, mo\u017ce sprawi\u0107, \u017ce b\u0119dzie ona wygl\u0105da\u0142a po prostu starzej, a nawet groteskowo. Dlatego warto poruszy\u0107 ten temat w rozmowie ze swoj\u0105 pociech\u0105, by jak najwcze\u015bniej mia\u0142a \u015bwiadomo\u015b\u0107, do czego s\u0142u\u017cy makija\u017c i jak prawid\u0142owo zadba\u0107 o cer\u0119, by nie wp\u0142yn\u0105\u0142 on negatywnie na jej kondycj\u0119.<\/p>\n<p>&nbsp;<\/p>\n<h3>Jakich kosmetyk\u00f3w mo\u017ce u\u017cywa\u0107 nastolatka?<\/h3>\n<p>W jednym z naszych poprzednich wpis\u00f3w poruszali\u015bmy<a href=\"http:\/\/ranking-kosmetykow.pl\/2017\/08\/30\/skora-nastolatki-jak-o-nia-zadbac\/\"> temat <strong>piel\u0119gnacji<\/strong> m\u0142odej, nastoletniej sk\u00f3ry<\/a>. Od tego te\u017c powinna zacz\u0105\u0107 ka\u017cda m\u0142oda dziewczyna planuj\u0105ca rozpocz\u0105\u0107 swoj\u0105 przygod\u0119 z makija\u017cem. Jak mantr\u0119 b\u0119dziemy powtarza\u0107, \u017ce dobry makija\u017c zaczyna si\u0119 od w\u0142a\u015bciwej piel\u0119gnacji i dok\u0142adnego demakija\u017cu i ta sama<strong> zasada dotyczy r\u00f3wnie\u017c cery nastolatek<\/strong>.<\/p>\n<p>&nbsp;<\/p>\n<div id=\"attachment_3457\" style=\"width: 641px\" class=\"wp-caption aligncenter\"><a href=\"https:\/\/neness.pl\/kosmetyki\/usta\/balsamy_i_maselka\/w7_lip_bomb_balsam_do_ust_raspberry.html\"><img loading=\"lazy\" decoding=\"async\" aria-describedby=\"caption-attachment-3457\" class=\" wp-image-3457\" src=\"http:\/\/ranking-kosmetykow.pl\/wp-content\/uploads\/2017\/10\/21a58610f0bbe6b89df3c9a0b8750f93.jpeg\" alt=\"\" width=\"631\" height=\"841\" srcset=\"https:\/\/neness.pl\/blog\/wp-content\/uploads\/2017\/10\/21a58610f0bbe6b89df3c9a0b8750f93.jpeg 750w, https:\/\/neness.pl\/blog\/wp-content\/uploads\/2017\/10\/21a58610f0bbe6b89df3c9a0b8750f93-225x300.jpeg 225w, https:\/\/neness.pl\/blog\/wp-content\/uploads\/2017\/10\/21a58610f0bbe6b89df3c9a0b8750f93-610x813.jpeg 610w\" sizes=\"auto, (max-width: 631px) 100vw, 631px\" \/><\/a><p id=\"caption-attachment-3457\" class=\"wp-caption-text\">W7 Lip Bomb Balsam do Ust Raspberry \/ 9,80 z\u0142<\/p><\/div>\n<p>&nbsp;<\/p>\n<p>Je\u017celi piel\u0119gnacj\u0119 i demakija\u017c mamy ju\u017c opanowany, mo\u017cemy rozwa\u017cy\u0107 czy to ju\u017c odpowiedni moment, by zacz\u0105\u0107 u\u017cywa\u0107 kosmetyk\u00f3w kolorowych. Na pocz\u0105tek warto, je\u017celi cera m\u0142odej dziewczyny nie potrzebuje tuszowania niedoskona\u0142o\u015bci, zacz\u0105\u0107 od <strong>delikatnych kosmetyk\u00f3w<\/strong>.<\/p>\n<p><a href=\"https:\/\/neness.pl\/kosmetyki\/usta\/balsamy_i_maselka.html\"><strong>Balsam do ust<\/strong><\/a> b\u0119dzie \u015bwietnym rozwi\u0105zaniem na pocz\u0105tek. Na specjalne okazja mo\u017cemy r\u00f3wnie\u017c u\u017cywa\u0107 dobrej jako\u015bci <strong>tuszu do rz\u0119s<\/strong> w kolorze br\u0105zowym (taki b\u0119dzie wygl\u0105da\u0142 bardziej naturalnie) i na przyk\u0142ad <strong>bezbarwnego \u017celu do brwi<\/strong>, kt\u00f3ry delikatnie je podkre\u015bli, ale nie b\u0119dzie wygl\u0105da\u0142 teatralnie. Wa\u017cne, by w przypadku tak delikatnej, dopiero dojrzewaj\u0105cej cery nie si\u0119ga\u0107 po niesprawdzone kosmetyki podejrzanego pochodzenia. Dlatego warto poprosi\u0107 o pomoc w ich wyborze starsz\u0105 siostr\u0119 czy mam\u0119.<\/p>\n<p>&nbsp;<\/p>\n<div id=\"attachment_3458\" style=\"width: 670px\" class=\"wp-caption aligncenter\"><a href=\"https:\/\/neness.pl\/kosmetyki\/oczy\/tusze_do_rzes\/artdeco_tusz_ultra_effect_mascara_black.html\"><img loading=\"lazy\" decoding=\"async\" aria-describedby=\"caption-attachment-3458\" class=\" wp-image-3458\" src=\"http:\/\/ranking-kosmetykow.pl\/wp-content\/uploads\/2017\/10\/2c084c72c7c79924f59b2e519301cce5.jpg\" alt=\"\" width=\"660\" height=\"880\" srcset=\"https:\/\/neness.pl\/blog\/wp-content\/uploads\/2017\/10\/2c084c72c7c79924f59b2e519301cce5.jpg 750w, https:\/\/neness.pl\/blog\/wp-content\/uploads\/2017\/10\/2c084c72c7c79924f59b2e519301cce5-225x300.jpg 225w, https:\/\/neness.pl\/blog\/wp-content\/uploads\/2017\/10\/2c084c72c7c79924f59b2e519301cce5-610x813.jpg 610w\" sizes=\"auto, (max-width: 660px) 100vw, 660px\" \/><\/a><p id=\"caption-attachment-3458\" class=\"wp-caption-text\">ARTDECO Tusz Ultra Effect Mascara Black \/<br \/>33,90 z\u0142<\/p><\/div>\n<p>&nbsp;<\/p>\n<p>Dla starszych dziewcz\u0105t, kt\u00f3re zmagaj\u0105 si\u0119 ju\u017c z problemami z cer\u0105, przydatny mo\u017ce okaza\u0107 si\u0119 <strong>delikatny korektor<\/strong>, kt\u00f3ry zatuszuje niedoskona\u0142o\u015bci punktowo. Przyda si\u0119 r\u00f3wnie\u017c<strong> transparentny puder matuj\u0105cy<\/strong>, kt\u00f3ry zadba o to, by cera w problematycznych miejscach pozosta\u0142a matowa przez ca\u0142y dzie\u0144.<\/p>\n<p>&nbsp;<\/p>\n<div id=\"attachment_3461\" style=\"width: 668px\" class=\"wp-caption aligncenter\"><a href=\"https:\/\/neness.pl\/kosmetyki\/twarz\/korektory\/dermacol_kryjacy_matujacy_korektor_matt_control_corrector.html\"><img loading=\"lazy\" decoding=\"async\" aria-describedby=\"caption-attachment-3461\" class=\" wp-image-3461\" src=\"http:\/\/ranking-kosmetykow.pl\/wp-content\/uploads\/2017\/10\/92851720adc6dc9c79ba02043b315eff.png\" alt=\"\" width=\"658\" height=\"877\" srcset=\"https:\/\/neness.pl\/blog\/wp-content\/uploads\/2017\/10\/92851720adc6dc9c79ba02043b315eff.png 750w, https:\/\/neness.pl\/blog\/wp-content\/uploads\/2017\/10\/92851720adc6dc9c79ba02043b315eff-225x300.png 225w, https:\/\/neness.pl\/blog\/wp-content\/uploads\/2017\/10\/92851720adc6dc9c79ba02043b315eff-610x813.png 610w\" sizes=\"auto, (max-width: 658px) 100vw, 658px\" \/><\/a><p id=\"caption-attachment-3461\" class=\"wp-caption-text\">Dermacol Kryj\u0105cy, Matuj\u0105cy Korektor Matt Control Corrector \/<br \/>13,90 z\u0142<\/p><\/div>\n<p>&nbsp;<\/p>\n<p>Nie warto obci\u0105\u017ca\u0107 m\u0142odej cery ci\u0119\u017ckimi, kryj\u0105cymi podk\u0142adami, kt\u00f3re mog\u0105 sprzyja\u0107 zapychaniu por\u00f3w i niepotrzebnie obci\u0105\u017ca\u0107 sk\u00f3r\u0119, co mo\u017ce spowodowa\u0107 nawet zaostrzenie tr\u0105dziku. Je\u015bli cera potrzebuje wyr\u00f3wnania kolorytu zdecydujmy si\u0119 na lekki <strong>krem tonuj\u0105cy<\/strong> lub krem BB.<\/p>\n<p>&nbsp;<\/p>\n<div id=\"attachment_3459\" style=\"width: 674px\" class=\"wp-caption aligncenter\"><a href=\"https:\/\/neness.pl\/kosmetyki\/twarz\/podklady_i_pudry\/ecocera_matte_powder_transparentny_puder_ryzowy_prasowany.html\"><img loading=\"lazy\" decoding=\"async\" aria-describedby=\"caption-attachment-3459\" class=\" wp-image-3459\" src=\"http:\/\/ranking-kosmetykow.pl\/wp-content\/uploads\/2017\/10\/79011dca037585ab48c2cbd1dbdaafed.jpg\" alt=\"\" width=\"664\" height=\"885\" srcset=\"https:\/\/neness.pl\/blog\/wp-content\/uploads\/2017\/10\/79011dca037585ab48c2cbd1dbdaafed.jpg 750w, https:\/\/neness.pl\/blog\/wp-content\/uploads\/2017\/10\/79011dca037585ab48c2cbd1dbdaafed-225x300.jpg 225w, https:\/\/neness.pl\/blog\/wp-content\/uploads\/2017\/10\/79011dca037585ab48c2cbd1dbdaafed-610x813.jpg 610w\" sizes=\"auto, (max-width: 664px) 100vw, 664px\" \/><\/a><p id=\"caption-attachment-3459\" class=\"wp-caption-text\">EcoCera Matte Powder Transparentny Puder Ry\u017cowy Prasowany \/<br \/>14,90 z\u0142<\/p><\/div>\n<h3><span style=\"color: #ffffff;\">\u00a0.<\/span><\/h3>\n<h3>Makija\u017c dzienny i makija\u017c wieczorowy<\/h3>\n<p>Je\u015bli ju\u017c decydujemy si\u0119 na stosowanie makija\u017cu codziennie, pami\u0119tajmy, \u017ce nie mo\u017ce on by\u0107 zbyt mocny i nie powinien zwraca\u0107 uwagi. Takie szale\u0144stwa zarezerwujmy na szkolne imprezy czy wieczorne wyj\u015bcia ze znajomymi. Je\u017celi sztuk\u0119 dziennego makija\u017cu mamy ju\u017c opanowan\u0105, wystarczy do niego <strong>doda\u0107 kilka element\u00f3w<\/strong>, kt\u00f3re w prosty spos\u00f3b podkre\u015bl\u0105 urod\u0119 i b\u0119d\u0105 pasowa\u0107 do okazji. <strong>Podkre\u015blmy brwi<\/strong> kredk\u0105 w kolorze jak najbardziej zbli\u017conym do koloru naszych w\u0142osk\u00f3w. Na powieki mo\u017cemy na\u0142o\u017cy\u0107 <strong>odrobin\u0119 cienia<\/strong> lub <strong>zrobi\u0107 kresk\u0119<\/strong> kredk\u0105 lub eyelinerem. Balsam zamie\u0144my na\u00a0<a href=\"https:\/\/neness.pl\/kosmetyki\/usta\/blyszczyki.html\"><strong>b\u0142yszczyk do ust<\/strong><\/a> w nieco ciemniejszym kolorze.<\/p>\n<p>&nbsp;<\/p>\n<div id=\"attachment_3460\" style=\"width: 603px\" class=\"wp-caption aligncenter\"><a href=\"https:\/\/neness.pl\/kosmetyki\/usta\/balsamy_i_maselka\/nyx_color_lip_balm_kolorowy_balsam_clb01_merci.html\"><img loading=\"lazy\" decoding=\"async\" aria-describedby=\"caption-attachment-3460\" class=\" wp-image-3460\" src=\"http:\/\/ranking-kosmetykow.pl\/wp-content\/uploads\/2017\/10\/9e607bc7276b9cee93c3abff2481fd58.jpg\" alt=\"\" width=\"593\" height=\"791\" srcset=\"https:\/\/neness.pl\/blog\/wp-content\/uploads\/2017\/10\/9e607bc7276b9cee93c3abff2481fd58.jpg 750w, https:\/\/neness.pl\/blog\/wp-content\/uploads\/2017\/10\/9e607bc7276b9cee93c3abff2481fd58-225x300.jpg 225w, https:\/\/neness.pl\/blog\/wp-content\/uploads\/2017\/10\/9e607bc7276b9cee93c3abff2481fd58-610x813.jpg 610w\" sizes=\"auto, (max-width: 593px) 100vw, 593px\" \/><\/a><p id=\"caption-attachment-3460\" class=\"wp-caption-text\">NYX Color Lip Balm Kolorowy balsam \/<br \/>14,50 z\u0142<\/p><\/div>\n<p>&nbsp;<\/p>\n<p>Pami\u0119taj jednak, by codziennie wieczorem dok\u0142adnie <strong>zmy\u0107 makija\u017c<\/strong> i pod \u017cadnym pozorem nie k\u0142a\u015b\u0107 si\u0119 w nim spa\u0107! Je\u017celi nie masz ochoty lub czasu na t\u0119 czynno\u015b\u0107, mo\u017ce to oznacza\u0107, \u017ce jest jeszcze za wcze\u015bnie na malowanie si\u0119. Twoja cera b\u0119dzie Ci za to wdzi\u0119czna!<\/p>\n","protected":false},"excerpt":{"rendered":"<p>Kwestia makija\u017cu u nastolatek to jeden z najbardziej kontrowersyjnych temat\u00f3w. Nie zaskakuje fakt, \u017ce chyba ka\u017cda m\u0142oda kobieta chcia\u0142aby wygl\u0105da\u0107 doro\u015blej, a co za tym idzie pr\u0119dzej czy p\u00f3\u017aniej si\u0119ga po kosmetyki do makija\u017cu. Czy istnieje wi\u0119c granica wieku, kiedy to m\u0142ode dziewczyny mog\u0105 zacz\u0105\u0107 si\u0119 malowa\u0107 i jakich kosmetyk\u00f3w powinny u\u017cywa\u0107, by nie podra\u017cni\u0107 [&hellip;]<\/p>\n","protected":false},"author":2,"featured_media":3456,"comment_status":"open","ping_status":"open","sticky":false,"template":"","format":"standard","meta":{"_et_pb_use_builder":"","_et_pb_old_content":"","_et_gb_content_width":"","footnotes":""},"categories":[41],"tags":[],"class_list":["post-3454","post","type-post","status-publish","format-standard","has-post-thumbnail","hentry","category-olsniewaj-makijazem","et-has-post-format-content","et_post_format-et-post-format-standard"],"_links":{"self":[{"href":"https:\/\/neness.pl\/blog\/wp-json\/wp\/v2\/posts\/3454","targetHints":{"allow":["GET"]}}],"collection":[{"href":"https:\/\/neness.pl\/blog\/wp-json\/wp\/v2\/posts"}],"about":[{"href":"https:\/\/neness.pl\/blog\/wp-json\/wp\/v2\/types\/post"}],"author":[{"embeddable":true,"href":"https:\/\/neness.pl\/blog\/wp-json\/wp\/v2\/users\/2"}],"replies":[{"embeddable":true,"href":"https:\/\/neness.pl\/blog\/wp-json\/wp\/v2\/comments?post=3454"}],"version-history":[{"count":0,"href":"https:\/\/neness.pl\/blog\/wp-json\/wp\/v2\/posts\/3454\/revisions"}],"wp:featuredmedia":[{"embeddable":true,"href":"https:\/\/neness.pl\/blog\/wp-json\/wp\/v2\/media\/3456"}],"wp:attachment":[{"href":"https:\/\/neness.pl\/blog\/wp-json\/wp\/v2\/media?parent=3454"}],"wp:term":[{"taxonomy":"category","embeddable":true,"href":"https:\/\/neness.pl\/blog\/wp-json\/wp\/v2\/categories?post=3454"},{"taxonomy":"post_tag","embeddable":true,"href":"https:\/\/neness.pl\/blog\/wp-json\/wp\/v2\/tags?post=3454"}],"curies":[{"name":"wp","href":"https:\/\/api.w.org\/{rel}","templated":true}]}}