{"id":3435,"date":"2017-09-29T10:04:35","date_gmt":"2017-09-29T08:04:35","guid":{"rendered":"http:\/\/ranking-kosmetykow.pl\/?p=3435"},"modified":"2017-09-29T10:04:35","modified_gmt":"2017-09-29T08:04:35","slug":"sposoby-na-pielegnacje-po-mesku","status":"publish","type":"post","link":"https:\/\/neness.pl\/blog\/sposoby-na-pielegnacje-po-mesku\/","title":{"rendered":"Sposoby na piel\u0119gnacj\u0119 po m\u0119sku"},"content":{"rendered":"<p>Ju\u017c od dawna piel\u0119gnacja twarzy nie jest zarezerwowana dla kobiet. Niestety wci\u0105\u017c wielu m\u0119\u017cczyznom wystarcza codziennie umycie twarzy myd\u0142em i wyszczotkowanie z\u0119b\u00f3w. Coraz cz\u0119\u015bciej jednak m\u00f3wi si\u0119, \u017ce r\u00f3wnie\u017c panowie powinni nieco lepiej zadba\u0107 o swoj\u0105 cer\u0119 i nie ma w tym nic niem\u0119skiego. Jak dba\u0107 o m\u0119sk\u0105 twarzy, by nie zaj\u0119\u0142o to zbyt wiele czasu, a twarz po prostu wygl\u0105da\u0142a lepiej?<\/p>\n<p>&nbsp;<\/p>\n<h3>Zamie\u0144 myd\u0142o na \u017cel do mycia twarzy<\/h3>\n<p>Nikt nie ka\u017cde od razu zape\u0142nia\u0107 p\u00f3\u0142ek w \u0142azience drogimi i profesjonalnymi kosmetykami do piel\u0119gnacji m\u0119skiej twarzy. Metod\u0105 ma\u0142ych krok\u00f3w mo\u017cemy wprowadzi\u0107 kilka zmian, kt\u00f3re zdecydowanie poprawi\u0105 nasz komfort i wygl\u0105d. Pierwszym z nich jest wymiana zwyk\u0142ego myd\u0142a w kostce, kt\u00f3rym zwykle myjesz twarz na <strong>\u017cel do mycia<\/strong>. B\u0119dzie on zdecydowanie bardziej <strong>delikatny<\/strong> i <strong>nie przesuszy sk\u00f3ry<\/strong> tak, jak myd\u0142o w kostce. Delikatnie <strong>usunie nagromadzone zanieczyszczenia<\/strong> i nadmiar sebum i pozostawi twarz od\u015bwie\u017con\u0105, czyst\u0105, a jednocze\u015bnie w dobrej kondycji.<\/p>\n<p>Dla ch\u0119tnych polecamy tak\u017ce wykonywanie <strong>peelingu<\/strong> raz lub dwa razy w tygodniu. Mo\u017cna po\u0142\u0105czy\u0107 dwie czynno\u015bci razem i u\u017cy\u0107 po prostu \u017celu myj\u0105cego z drobinkami. Proste, prawda?<\/p>\n<p>&nbsp;<\/p>\n<div id=\"attachment_3437\" style=\"width: 1034px\" class=\"wp-caption aligncenter\"><img loading=\"lazy\" decoding=\"async\" aria-describedby=\"caption-attachment-3437\" class=\"size-large wp-image-3437\" src=\"http:\/\/ranking-kosmetykow.pl\/wp-content\/uploads\/2017\/09\/Fotolia_171329511_Subscription_XXL-1024x679.jpg\" alt=\"\" width=\"1024\" height=\"679\" \/><p id=\"caption-attachment-3437\" class=\"wp-caption-text\">fotolia.com, #171329511 | Autor: ageevphoto<\/p><\/div>\n<h3><span style=\"color: #ffffff;\">\u00a0.<\/span><\/h3>\n<h3>Zainwestuj w maszynk\u0119 do golenia<\/h3>\n<p>Wi\u0119kszo\u015b\u0107 m\u0119\u017cczyzn goli twarz co najmniej kilka razy w tygodniu, a niekt\u00f3rzy nawet codziennie. Dobra, <strong>ostra maszynka<\/strong> do golenia nie tylko u\u0142atwi t\u0119 czynno\u015b\u0107, ale tak\u017ce ograniczy ryzyko zaci\u0119\u0107 do minimum. Poza tym goli si\u0119 ni\u0105 du\u017co \u0142atwiej i przyjemniej.<\/p>\n<p>Nie zapomnij r\u00f3wnie\u017c, by zawsze u\u017cywa\u0107 \u017celu lub <strong>kremu do golenia<\/strong>, kt\u00f3ry zabezpieczy sk\u00f3r\u0119 twarzy przed zranieniem i podra\u017cnieniami. Dzi\u0119ki niemu maszynka g\u0142adko sunie po sk\u00f3rze, a golenie b\u0119dzie dok\u0142adniejsze. Dobrym pomys\u0142em jest te\u017c golenie twarzy<strong> zaraz po prysznicu<\/strong>, gdy w\u0142oski na twarzy s\u0105 najbardziej mi\u0119kkie.<\/p>\n<p>&nbsp;<\/p>\n<h3>Nie zapomnij o balsamie po goleniu<\/h3>\n<p>Warto r\u00f3wnie\u017c zainwestowa\u0107 w <strong>balsam po goleniu<\/strong> i u\u017cywa\u0107 go za ka\u017cdym razem, gdy wykonamy t\u0119 czynno\u015b\u0107. Nawil\u017cy i uspokoi sk\u00f3r\u0119, a tak\u017ce<strong> z\u0142agodzi<\/strong> ewentualne <strong>podra\u017cnienia<\/strong>. Pami\u0119taj, by wybra\u0107 produkt <strong>bezalkoholowy<\/strong>, by nie przesuszy\u0107 niepotrzebnie sk\u00f3ry.<\/p>\n<p>&nbsp;<\/p>\n<h3>Krem nawil\u017caj\u0105cy to podstawa<\/h3>\n<p>Cz\u0119sto m\u0119ska sk\u00f3ra bywa szorstka niczym papier \u015bcierny, a nie ma w tym nic przyjemnego. Wtedy ratunkiem jest <strong>krem nawil\u017caj\u0105cy<\/strong>. Warto wprowadzi\u0107 go do codziennej piel\u0119gnacji, by unikn\u0105\u0107 suchej i nieprzyjemnej sk\u00f3ry. Wybierz produkt <strong>bezzapachowy<\/strong>, kt\u00f3ry nie b\u0119dzie podra\u017cnia\u0142 i nie wywo\u0142a reakcji alergicznej, a co najwa\u017cniejsze nie b\u0119dzie pachnia\u0142 jak damski kosmetyk.<\/p>\n<p>&nbsp;<\/p>\n<div id=\"attachment_3438\" style=\"width: 1034px\" class=\"wp-caption aligncenter\"><img loading=\"lazy\" decoding=\"async\" aria-describedby=\"caption-attachment-3438\" class=\"size-large wp-image-3438\" src=\"http:\/\/ranking-kosmetykow.pl\/wp-content\/uploads\/2017\/09\/Fotolia_169606375_Subscription_XXL-1024x679.jpg\" alt=\"\" width=\"1024\" height=\"679\" \/><p id=\"caption-attachment-3438\" class=\"wp-caption-text\">fotolia.com, #169606375 | Autor: ageevphoto<\/p><\/div>\n<h3><span style=\"color: #ffffff;\">\u00a0.<\/span><\/h3>\n<h3>Kup krem z filtrem<\/h3>\n<p>By zaoszcz\u0119dzi\u0107 troch\u0119 czasu, mo\u017cesz od razu wybra\u0107 krem nawil\u017caj\u0105cy, kt\u00f3ry jednocze\u015bnie b\u0119dzie zawiera\u0142<strong> filtr przeciws\u0142oneczny<\/strong>. Jednak je\u015bli nie zdecydowa\u0142e\u015b si\u0119 na taki produkt, warto by opr\u00f3cz zwyk\u0142ego kremu u\u017cywa\u0107 r\u00f3wnie\u017c takiego, kt\u00f3ry zapewni Twojej sk\u00f3rze ochron\u0119 przeciws\u0142oneczn\u0105. Tak, krem z filtrem to punkt obowi\u0105zkowy nie tylko damskiej piel\u0119gnacji. M\u0119ska sk\u00f3ra cho\u0107 grubsza, r\u00f3wnie\u017c nie jest odporna na szkodliwy wp\u0142yw promieniowania UV.<\/p>\n<p>M\u0119\u017cczy\u017ani, kt\u00f3rzy nie stosuj\u0105 kremu z filtrem, s\u0105 bardziej podatni na <strong>uszkodzenia sk\u00f3ry<\/strong>, pop\u0119kane naczynia krwiono\u015bne na twarzy, zaczerwienienia, a nawet raka sk\u00f3ry. Codzienne stosowanie kremu z filtrem sprawi r\u00f3wnie\u017c, \u017ce d\u0142u\u017cej b\u0119dziesz wygl\u0105da\u0107 m\u0142odo!<\/p>\n","protected":false},"excerpt":{"rendered":"<p>Ju\u017c od dawna piel\u0119gnacja twarzy nie jest zarezerwowana dla kobiet. Niestety wci\u0105\u017c wielu m\u0119\u017cczyznom wystarcza codziennie umycie twarzy myd\u0142em i wyszczotkowanie z\u0119b\u00f3w. Coraz cz\u0119\u015bciej jednak m\u00f3wi si\u0119, \u017ce r\u00f3wnie\u017c panowie powinni nieco lepiej zadba\u0107 o swoj\u0105 cer\u0119 i nie ma w tym nic niem\u0119skiego. Jak dba\u0107 o m\u0119sk\u0105 twarzy, by nie zaj\u0119\u0142o to zbyt wiele [&hellip;]<\/p>\n","protected":false},"author":2,"featured_media":3336,"comment_status":"open","ping_status":"open","sticky":false,"template":"","format":"standard","meta":{"_et_pb_use_builder":"","_et_pb_old_content":"","_et_gb_content_width":"","footnotes":""},"categories":[146],"tags":[],"class_list":["post-3435","post","type-post","status-publish","format-standard","has-post-thumbnail","hentry","category-z-mysla-o-mezczyznach","et-has-post-format-content","et_post_format-et-post-format-standard"],"_links":{"self":[{"href":"https:\/\/neness.pl\/blog\/wp-json\/wp\/v2\/posts\/3435","targetHints":{"allow":["GET"]}}],"collection":[{"href":"https:\/\/neness.pl\/blog\/wp-json\/wp\/v2\/posts"}],"about":[{"href":"https:\/\/neness.pl\/blog\/wp-json\/wp\/v2\/types\/post"}],"author":[{"embeddable":true,"href":"https:\/\/neness.pl\/blog\/wp-json\/wp\/v2\/users\/2"}],"replies":[{"embeddable":true,"href":"https:\/\/neness.pl\/blog\/wp-json\/wp\/v2\/comments?post=3435"}],"version-history":[{"count":0,"href":"https:\/\/neness.pl\/blog\/wp-json\/wp\/v2\/posts\/3435\/revisions"}],"wp:featuredmedia":[{"embeddable":true,"href":"https:\/\/neness.pl\/blog\/wp-json\/wp\/v2\/media\/3336"}],"wp:attachment":[{"href":"https:\/\/neness.pl\/blog\/wp-json\/wp\/v2\/media?parent=3435"}],"wp:term":[{"taxonomy":"category","embeddable":true,"href":"https:\/\/neness.pl\/blog\/wp-json\/wp\/v2\/categories?post=3435"},{"taxonomy":"post_tag","embeddable":true,"href":"https:\/\/neness.pl\/blog\/wp-json\/wp\/v2\/tags?post=3435"}],"curies":[{"name":"wp","href":"https:\/\/api.w.org\/{rel}","templated":true}]}}