{"id":3401,"date":"2017-09-19T12:09:25","date_gmt":"2017-09-19T10:09:25","guid":{"rendered":"http:\/\/ranking-kosmetykow.pl\/?p=3401"},"modified":"2017-09-19T12:09:25","modified_gmt":"2017-09-19T10:09:25","slug":"jak-wybrac-wlasciwy-tusz-do-rzes","status":"publish","type":"post","link":"https:\/\/neness.pl\/blog\/jak-wybrac-wlasciwy-tusz-do-rzes\/","title":{"rendered":"Jak wybra\u0107 w\u0142a\u015bciwy tusz do rz\u0119s?"},"content":{"rendered":"<p>Kt\u00f3ra z nas nie marzy o g\u0119stych i d\u0142ugich rz\u0119sach, kt\u00f3re podkre\u015bl\u0105 nasze spojrzenie. Niestety wi\u0119kszo\u015b\u0107 z nas nie mo\u017ce pochwali\u0107 si\u0119 naturalnym pi\u0119knym wachlarzem rz\u0119s. Wtedy z pomoc\u0105 przychodzi nam tusz do rz\u0119s, jednak wyb\u00f3r najbardziej dla nas odpowiedniego mo\u017ce przysporzy\u0107 nieco k\u0142opotu, szczeg\u00f3lnie \u017ce do wyboru mamy mn\u00f3stwo r\u00f3\u017cnych szczoteczek. Kt\u00f3ra sprawdzi si\u0119 najlepiej przy jakich rz\u0119sach? Podpowiadamy!<\/p>\n<p>&nbsp;<\/p>\n<h3>Gruba i klasyczna<\/h3>\n<p>Twoje rz\u0119sy s\u0105 d\u0142ugie, jednak dramatycznie potrzebuj\u0105 obj\u0119to\u015bci i pogrubienia? Wybierz <strong>tusz pogrubiaj\u0105cy<\/strong>! Zdecyduj si\u0119 na taki, kt\u00f3rego szczoteczka b\u0119dzie <strong>g\u0119sta<\/strong>, w ten spos\u00f3b nabiera\u0107 b\u0119dzie wi\u0119cej produktu, kt\u00f3ry doda rz\u0119som obj\u0119to\u015bci. Warto na\u0142o\u017cy\u0107 dwie warstwy tuszu, by efekt by\u0142 jeszcze bardziej spektakularny.<\/p>\n<p>&nbsp;<\/p>\n<div id=\"attachment_3405\" style=\"width: 760px\" class=\"wp-caption aligncenter\"><a href=\"https:\/\/neness.pl\/kosmetyki\/oczy\/tusze_do_rzes\/dermacol_tusz_mega_lashes_wodoodporny_pogrubiajacy.html\"><img loading=\"lazy\" decoding=\"async\" aria-describedby=\"caption-attachment-3405\" class=\"size-full wp-image-3405\" src=\"http:\/\/ranking-kosmetykow.pl\/wp-content\/uploads\/2017\/09\/e27ae6c3899ce8758515989e723ccf6c.jpg\" alt=\"\" width=\"750\" height=\"1000\" srcset=\"https:\/\/neness.pl\/blog\/wp-content\/uploads\/2017\/09\/e27ae6c3899ce8758515989e723ccf6c.jpg 750w, https:\/\/neness.pl\/blog\/wp-content\/uploads\/2017\/09\/e27ae6c3899ce8758515989e723ccf6c-225x300.jpg 225w, https:\/\/neness.pl\/blog\/wp-content\/uploads\/2017\/09\/e27ae6c3899ce8758515989e723ccf6c-610x813.jpg 610w\" sizes=\"auto, (max-width: 750px) 100vw, 750px\" \/><\/a><p id=\"caption-attachment-3405\" class=\"wp-caption-text\">Dermacol Tusz Mega Lashes Wodoodporny Pogrubiaj\u0105cy \/<br \/>33,90 z\u0142<\/p><\/div>\n<h3><\/h3>\n<h3><span style=\"color: #ffffff;\">.<\/span><\/h3>\n<h3>Cienka<\/h3>\n<p>Tusze wyposa\u017cone w bardzo<strong> cienkie szczoteczki<\/strong> to zazwyczaj <strong>tusze wyd\u0142u\u017caj\u0105ce<\/strong>. Je\u017celi Twoje rz\u0119sy potrzebuj\u0105 tylko wyd\u0142u\u017cenia, warto zdecydowa\u0107 si\u0119 w\u0142a\u015bnie na taki model. Dzi\u0119ki takiej budowie szczoteczka dociera do samej <strong>nasady rz\u0119s<\/strong> i nak\u0142ada produkt r\u00f3wnomiernie na ca\u0142\u0105 d\u0142ugo\u015b\u0107 w\u0142osk\u00f3w, a\u017c po same ich ko\u0144ce. Opr\u00f3cz tego \u015bwietnie nadaje si\u0119 do malowania dolnych rz\u0119s!<\/p>\n<p>&nbsp;<\/p>\n<div id=\"attachment_3406\" style=\"width: 760px\" class=\"wp-caption aligncenter\"><a href=\"https:\/\/neness.pl\/kosmetyki\/oczy\/tusze_do_rzes\/loreal_tusz_false_lash_flutter_midnight_blacks_blue_black.html\"><img loading=\"lazy\" decoding=\"async\" aria-describedby=\"caption-attachment-3406\" class=\"size-full wp-image-3406\" src=\"http:\/\/ranking-kosmetykow.pl\/wp-content\/uploads\/2017\/09\/a80c42f56e5a74246773db29360ac093.jpg\" alt=\"\" width=\"750\" height=\"1000\" srcset=\"https:\/\/neness.pl\/blog\/wp-content\/uploads\/2017\/09\/a80c42f56e5a74246773db29360ac093.jpg 750w, https:\/\/neness.pl\/blog\/wp-content\/uploads\/2017\/09\/a80c42f56e5a74246773db29360ac093-225x300.jpg 225w, https:\/\/neness.pl\/blog\/wp-content\/uploads\/2017\/09\/a80c42f56e5a74246773db29360ac093-610x813.jpg 610w\" sizes=\"auto, (max-width: 750px) 100vw, 750px\" \/><\/a><p id=\"caption-attachment-3406\" class=\"wp-caption-text\">Loreal Tusz False Lash Flutter Midnight Blacks #Blue Black \/<br \/>29,99 z\u0142<\/p><\/div>\n<h3><\/h3>\n<h3><span style=\"color: #ffffff;\">.<\/span><\/h3>\n<h3>Podkr\u0119cona<\/h3>\n<p>Jak mo\u017ce wskazywa\u0107 sam kszta\u0142t,<strong> podkr\u0119cona szczoteczka<\/strong> powinna zadzia\u0142a\u0107 na rz\u0119sy niczym zalotka. Sprawi, \u017ce rz\u0119sy b\u0119d\u0105 pi\u0119knie <strong>podkr\u0119cone <\/strong>i<strong> rozczesane<\/strong>, a tusz dotrze nawet do najkr\u00f3tszych w\u0142osk\u00f3w.<\/p>\n<p>&nbsp;<\/p>\n<div id=\"attachment_3407\" style=\"width: 760px\" class=\"wp-caption aligncenter\"><a href=\"https:\/\/neness.pl\/kosmetyki\/oczy\/tusze_do_rzes\/max_factor_2000_calorie_curl_addict_tusz_do_rzes_pogrubiajaco-podkrecajacy.html\"><img loading=\"lazy\" decoding=\"async\" aria-describedby=\"caption-attachment-3407\" class=\"size-full wp-image-3407\" src=\"http:\/\/ranking-kosmetykow.pl\/wp-content\/uploads\/2017\/09\/b73f3f5d325c1db4418356e05b782523.jpg\" alt=\"\" width=\"750\" height=\"1000\" srcset=\"https:\/\/neness.pl\/blog\/wp-content\/uploads\/2017\/09\/b73f3f5d325c1db4418356e05b782523.jpg 750w, https:\/\/neness.pl\/blog\/wp-content\/uploads\/2017\/09\/b73f3f5d325c1db4418356e05b782523-225x300.jpg 225w, https:\/\/neness.pl\/blog\/wp-content\/uploads\/2017\/09\/b73f3f5d325c1db4418356e05b782523-610x813.jpg 610w\" sizes=\"auto, (max-width: 750px) 100vw, 750px\" \/><\/a><p id=\"caption-attachment-3407\" class=\"wp-caption-text\">Max Factor 2000 Calorie Curl Addict Tusz do Rz\u0119s Pogrubiaj\u0105co-Podkr\u0119caj\u0105cy \/<br \/>26,50 z\u0142<\/p><\/div>\n<h3><span style=\"color: #ffffff;\">.<\/span><\/h3>\n<h3>Sto\u017ckowa<\/h3>\n<p>Szczoteczka w kszta\u0142cie<strong> sto\u017cka<\/strong> \u2013 grubsza u podstawy i cie\u0144sza u g\u00f3ry to idealny wyb\u00f3r dla tych z nas, kt\u00f3re potrzebuj\u0105 dok\u0142adnego <strong>rozdzielenia<\/strong> i rozczesania rz\u0119s, a dodatkowo wi\u0119cej <strong>obj\u0119to\u015bci<\/strong>. W\u0105ski koniec szczoteczki \u015bwietnie dociera nawet do <strong>najkr\u00f3tszych w\u0142osk\u00f3w<\/strong> w wewn\u0119trznym k\u0105ciku oka oraz pi\u0119knie podkre\u015bli dolne rz\u0119sy. Grubsza cz\u0119\u015b\u0107 nada spojrzeniu wyrazisto\u015bci i pogrubi cienkie w\u0142oski.<\/p>\n<p><span style=\"color: #ffffff;\">.<\/span><\/p>\n<h3>Klepsydra<\/h3>\n<p>Szczoteczka w kszta\u0142cie <strong>klepsydry<\/strong> to jeden z bardziej popularnych modeli. B\u0119dzie idealna, je\u015bli lubisz nak\u0142ada\u0107 na rz\u0119sy wi\u0119cej ni\u017c jedn\u0105 warstw\u0119 produktu. Dzi\u0119ki niej na\u0142o\u017cysz produkt <strong>r\u00f3wnomiernie<\/strong> i bardzo <strong>dok\u0142adnie<\/strong>. Rz\u0119sy nabior\u0105 obj\u0119to\u015bci i b\u0119d\u0105 pi\u0119knie przyciemnione.<\/p>\n<p>&nbsp;<\/p>\n<div id=\"attachment_3408\" style=\"width: 760px\" class=\"wp-caption aligncenter\"><a href=\"https:\/\/neness.pl\/kosmetyki\/oczy\/tusze_do_rzes\/max_factor_tusz_wild_mega_volume_czarny.html\"><img loading=\"lazy\" decoding=\"async\" aria-describedby=\"caption-attachment-3408\" class=\"size-full wp-image-3408\" src=\"http:\/\/ranking-kosmetykow.pl\/wp-content\/uploads\/2017\/09\/3ee603545008b67575a770cd91b834a8.jpg\" alt=\"\" width=\"750\" height=\"1000\" srcset=\"https:\/\/neness.pl\/blog\/wp-content\/uploads\/2017\/09\/3ee603545008b67575a770cd91b834a8.jpg 750w, https:\/\/neness.pl\/blog\/wp-content\/uploads\/2017\/09\/3ee603545008b67575a770cd91b834a8-225x300.jpg 225w, https:\/\/neness.pl\/blog\/wp-content\/uploads\/2017\/09\/3ee603545008b67575a770cd91b834a8-610x813.jpg 610w\" sizes=\"auto, (max-width: 750px) 100vw, 750px\" \/><\/a><p id=\"caption-attachment-3408\" class=\"wp-caption-text\">Max Factor Tusz Wild Mega Volume Czarny \/<br \/>21,90 z\u0142<\/p><\/div>\n<h3><span style=\"color: #ffffff;\">.<\/span><\/h3>\n<h3>Kolor tuszu<\/h3>\n<p>W\u0142a\u015bciwa szczoteczka to jednak nie wszystko. R\u00f3wnie\u017c kolor tuszu ma znaczenie. Cho\u0107 wi\u0119kszo\u015b\u0107 z nas decyduje si\u0119 na kosmetyk w kolorze <strong>czarnym<\/strong>, warto te\u017c rozwa\u017cy\u0107 na przyk\u0142ad maskar\u0119 w kolorze <strong>br\u0105zowym<\/strong>, kt\u00f3ra sprawi, \u017ce rz\u0119sy b\u0119d\u0105 wygl\u0105da\u0107 bardzo naturalnie. Ten kolor \u015bwietnie sprawdzi si\u0119 te\u017c u posiadaczek bardzo jasne karnacji i w\u0142os\u00f3w.<\/p>\n<p>Ciekawym wyborem b\u0119dzie r\u00f3wnie\u017c maskara w kolorze<strong> ober\u017cyny<\/strong>, kt\u00f3ra \u015bwietnie sprawdzi si\u0119 u posiadaczek bardzo jasne sk\u00f3ry i rudych w\u0142os\u00f3w, lub taka w kolorze <strong>niebieskim<\/strong>, kt\u00f3ra dobrze zgra si\u0119 z br\u0105zowymi oczami i podkre\u015bli ich kolor.<\/p>\n<p><span style=\"color: #ffffff;\">.<\/span><\/p>\n<h3>Maskara do zada\u0144 specjalnych<\/h3>\n<p>Je\u015bli rz\u0119sy wymagaj\u0105 ekstremalnego pogrubienia lub wyd\u0142u\u017cenia, na przyk\u0142ad przed wielkim wyj\u015bciem, mo\u017cemy si\u0119gn\u0105\u0107 po tusze do rz\u0119s sk\u0142adaj\u0105ce si\u0119 z <strong>dw\u00f3ch cz\u0119\u015bci<\/strong>. Pierwsza z nich \u2013 zazwyczaj w kolorze bia\u0142ym dodaje w\u0142oskom obj\u0119to\u015bci i wyd\u0142u\u017cenia, druga za\u015b \u2013 czarna \u2013 nada rz\u0119som koloru.<\/p>\n<p>&nbsp;<\/p>\n<div id=\"attachment_3409\" style=\"width: 760px\" class=\"wp-caption aligncenter\"><a href=\"https:\/\/neness.pl\/kosmetyki\/oczy\/tusze_do_rzes\/loreal_voluminous_superstar_tusz_do_rzes.html\"><img loading=\"lazy\" decoding=\"async\" aria-describedby=\"caption-attachment-3409\" class=\"size-full wp-image-3409\" src=\"http:\/\/ranking-kosmetykow.pl\/wp-content\/uploads\/2017\/09\/b2a1605d36d0202b3628f3d70b4e1f1d.jpg\" alt=\"\" width=\"750\" height=\"1000\" srcset=\"https:\/\/neness.pl\/blog\/wp-content\/uploads\/2017\/09\/b2a1605d36d0202b3628f3d70b4e1f1d.jpg 750w, https:\/\/neness.pl\/blog\/wp-content\/uploads\/2017\/09\/b2a1605d36d0202b3628f3d70b4e1f1d-225x300.jpg 225w, https:\/\/neness.pl\/blog\/wp-content\/uploads\/2017\/09\/b2a1605d36d0202b3628f3d70b4e1f1d-610x813.jpg 610w\" sizes=\"auto, (max-width: 750px) 100vw, 750px\" \/><\/a><p id=\"caption-attachment-3409\" class=\"wp-caption-text\">Loreal Voluminous Superstar Tusz do Rz\u0119s \/<br \/>29,90 z\u0142<\/p><\/div>\n<p><span style=\"color: #ffffff;\">.<\/span><\/p>\n<p>Wiele z nas ma problemy z trwa\u0142o\u015bci\u0105 tuszu i osypywaniem si\u0119 w ci\u0105gu dnia. Wtedy warto si\u0119gn\u0105\u0107 po formu\u0142\u0119 <strong>wodoodporn\u0105<\/strong>, kt\u00f3ra sprawi, \u017ce tusz utrzyma si\u0119 na naszych rz\u0119sach od rana, a\u017c do momentu, kiedy go zmyjemy. Taka maskara sprawdzi si\u0119 te\u017c idealnie na wielkie wyj\u015bcia!<\/p>\n","protected":false},"excerpt":{"rendered":"<p>Kt\u00f3ra z nas nie marzy o g\u0119stych i d\u0142ugich rz\u0119sach, kt\u00f3re podkre\u015bl\u0105 nasze spojrzenie. Niestety wi\u0119kszo\u015b\u0107 z nas nie mo\u017ce pochwali\u0107 si\u0119 naturalnym pi\u0119knym wachlarzem rz\u0119s. Wtedy z pomoc\u0105 przychodzi nam tusz do rz\u0119s, jednak wyb\u00f3r najbardziej dla nas odpowiedniego mo\u017ce przysporzy\u0107 nieco k\u0142opotu, szczeg\u00f3lnie \u017ce do wyboru mamy mn\u00f3stwo r\u00f3\u017cnych szczoteczek. Kt\u00f3ra sprawdzi si\u0119 [&hellip;]<\/p>\n","protected":false},"author":2,"featured_media":3402,"comment_status":"open","ping_status":"open","sticky":false,"template":"","format":"standard","meta":{"_et_pb_use_builder":"","_et_pb_old_content":"","_et_gb_content_width":"","footnotes":""},"categories":[41],"tags":[],"class_list":["post-3401","post","type-post","status-publish","format-standard","has-post-thumbnail","hentry","category-olsniewaj-makijazem","et-has-post-format-content","et_post_format-et-post-format-standard"],"_links":{"self":[{"href":"https:\/\/neness.pl\/blog\/wp-json\/wp\/v2\/posts\/3401","targetHints":{"allow":["GET"]}}],"collection":[{"href":"https:\/\/neness.pl\/blog\/wp-json\/wp\/v2\/posts"}],"about":[{"href":"https:\/\/neness.pl\/blog\/wp-json\/wp\/v2\/types\/post"}],"author":[{"embeddable":true,"href":"https:\/\/neness.pl\/blog\/wp-json\/wp\/v2\/users\/2"}],"replies":[{"embeddable":true,"href":"https:\/\/neness.pl\/blog\/wp-json\/wp\/v2\/comments?post=3401"}],"version-history":[{"count":0,"href":"https:\/\/neness.pl\/blog\/wp-json\/wp\/v2\/posts\/3401\/revisions"}],"wp:featuredmedia":[{"embeddable":true,"href":"https:\/\/neness.pl\/blog\/wp-json\/wp\/v2\/media\/3402"}],"wp:attachment":[{"href":"https:\/\/neness.pl\/blog\/wp-json\/wp\/v2\/media?parent=3401"}],"wp:term":[{"taxonomy":"category","embeddable":true,"href":"https:\/\/neness.pl\/blog\/wp-json\/wp\/v2\/categories?post=3401"},{"taxonomy":"post_tag","embeddable":true,"href":"https:\/\/neness.pl\/blog\/wp-json\/wp\/v2\/tags?post=3401"}],"curies":[{"name":"wp","href":"https:\/\/api.w.org\/{rel}","templated":true}]}}