{"id":3389,"date":"2017-09-18T15:22:16","date_gmt":"2017-09-18T13:22:16","guid":{"rendered":"http:\/\/ranking-kosmetykow.pl\/?p=3389"},"modified":"2017-09-18T15:22:16","modified_gmt":"2017-09-18T13:22:16","slug":"wegiel-w-kosmetykach-czemu-nie","status":"publish","type":"post","link":"https:\/\/neness.pl\/blog\/wegiel-w-kosmetykach-czemu-nie\/","title":{"rendered":"W\u0119giel w kosmetykach? Czemu nie!"},"content":{"rendered":"<p>W\u0119giel aktywny, cho\u0107 w pierwszej chwili mo\u017ce nie wydawa\u0107 si\u0119 produktem \u015bci\u015ble zwi\u0105zanym z bran\u017c\u0105 kosmetyczn\u0105, odgrywa wa\u017cn\u0105 rol\u0119 w produkcji kosmetyk\u00f3w piel\u0119gnacyjnych. Szczeg\u00f3lnie w ostatnim czasie zyska\u0142 on ogromn\u0105 popularno\u015b\u0107,\u00a0a to wszystko za spraw\u0105 s\u0142ynnej ju\u017c czarnej maski. Jakie w\u0142a\u015bciwo\u015bci kryje w sobie ten cenny pierwiastek?<\/p>\n<p>&nbsp;<\/p>\n<h3>W\u0119giel aktywny \u2013 w\u0142a\u015bciwo\u015bci<\/h3>\n<p><strong>W\u0119giel aktywny<\/strong> \u2013 czyli taki w najczystszej postaci \u2013 posiada wiele cennych dla przemys\u0142u kosmetycznego w\u0142a\u015bciwo\u015bci. Przede wszystkim posiada on zdolno\u015b\u0107 poch\u0142aniania, czyli <strong>absorpcji toksyn<\/strong> i zanieczyszcze\u0144. Dzia\u0142anie to wykorzystuje si\u0119 w\u0142a\u015bnie w kosmetykach piel\u0119gnacyjnych, szczeg\u00f3lnie tych, kt\u00f3rych zadaniem jest oczyszczenie cery. Nie tylko pomaga on <strong>usuwa\u0107 zanieczyszczenia ze sk\u00f3ry<\/strong>, ale tak\u017ce <strong>poch\u0142ania nadmiar sebum<\/strong> i pomaga <strong>usun\u0105\u0107 zrogowacia\u0142y nask\u00f3rek<\/strong>. Ponadto ma dzia\u0142anie <strong>antybakteryjne<\/strong>, przeciwzapalne i rozja\u015bniaj\u0105ce. Oczyszcza i odblokowuje te\u017c pory. Te wszystkie w\u0142a\u015bciwo\u015bci sprawiaj\u0105, \u017ce w\u0119giel aktywny bardzo cz\u0119sto dodawany jest do kosmetyk\u00f3w przeznaczonych dla cery t\u0142ustej, <strong>tr\u0105dzikowej<\/strong> i sk\u0142onnej do niedoskona\u0142o\u015bci.<\/p>\n<p>&nbsp;<\/p>\n<div id=\"attachment_3392\" style=\"width: 760px\" class=\"wp-caption aligncenter\"><a href=\"https:\/\/neness.pl\/kosmetyki\/pielegnacja_twarzy\/maseczki\/pilaten_czarna_maska_z_aplikatorem_nose_mask_15g_blackhead_remove.html\"><img loading=\"lazy\" decoding=\"async\" aria-describedby=\"caption-attachment-3392\" class=\"size-full wp-image-3392\" src=\"http:\/\/ranking-kosmetykow.pl\/wp-content\/uploads\/2017\/09\/e59dd1b8d8191cfc0f2deee8ce66865d.jpg\" alt=\"\" width=\"750\" height=\"1000\" srcset=\"https:\/\/neness.pl\/blog\/wp-content\/uploads\/2017\/09\/e59dd1b8d8191cfc0f2deee8ce66865d.jpg 750w, https:\/\/neness.pl\/blog\/wp-content\/uploads\/2017\/09\/e59dd1b8d8191cfc0f2deee8ce66865d-225x300.jpg 225w, https:\/\/neness.pl\/blog\/wp-content\/uploads\/2017\/09\/e59dd1b8d8191cfc0f2deee8ce66865d-610x813.jpg 610w\" sizes=\"auto, (max-width: 750px) 100vw, 750px\" \/><\/a><p id=\"caption-attachment-3392\" class=\"wp-caption-text\">Pilaten Czarna Maska z Aplikatorem Nose Mask 15g Blackhead Remove \/ 16,50 z\u0142<\/p><\/div>\n<h3><span style=\"color: #ffffff;\">\u00a0.<\/span><\/h3>\n<h3>W\u0119giel do twarzy<\/h3>\n<p>Ze wzgl\u0119du na swoje w\u0142a\u015bciwo\u015bci dodatek w\u0119gla aktywnego cz\u0119sto znajduje si\u0119 w produktach przeznaczonych do<strong> oczyszczania cery<\/strong>, na przyk\u0142ad \u017celach do mycia twarzy czy mydle. Zw\u0142aszcza to ostatnie warto stosowa\u0107 regularnie \u2013 1-2 razy w tygodniu. Taki kosmetyk sprawi, \u017ce pory stan\u0105 si\u0119 zw\u0119\u017cone i mniej widoczne, przyspieszy r\u00f3wnie\u017c gojenie ranek na sk\u00f3rze i pomo\u017ce zmatowi\u0107 sk\u00f3r\u0119 w problematycznych miejscach.<\/p>\n<p>&nbsp;<\/p>\n<div id=\"attachment_3390\" style=\"width: 760px\" class=\"wp-caption aligncenter\"><a href=\"https:\/\/neness.pl\/kosmetyki\/pielegnacja_twarzy\/maseczki\/w7_maska_oczyszczajaca_easy_peel_charcoal_face_mask.html\"><img loading=\"lazy\" decoding=\"async\" aria-describedby=\"caption-attachment-3390\" class=\"size-full wp-image-3390\" src=\"http:\/\/ranking-kosmetykow.pl\/wp-content\/uploads\/2017\/09\/5b3756b7bc1aa243261be01bdf7166a4.jpg\" alt=\"\" width=\"750\" height=\"1000\" srcset=\"https:\/\/neness.pl\/blog\/wp-content\/uploads\/2017\/09\/5b3756b7bc1aa243261be01bdf7166a4.jpg 750w, https:\/\/neness.pl\/blog\/wp-content\/uploads\/2017\/09\/5b3756b7bc1aa243261be01bdf7166a4-225x300.jpg 225w, https:\/\/neness.pl\/blog\/wp-content\/uploads\/2017\/09\/5b3756b7bc1aa243261be01bdf7166a4-610x813.jpg 610w\" sizes=\"auto, (max-width: 750px) 100vw, 750px\" \/><\/a><p id=\"caption-attachment-3390\" class=\"wp-caption-text\">W7 Maska Oczyszczaj\u0105ca Easy Peel Charcoal Face Mask \/<br \/>7,30 z\u0142<\/p><\/div>\n<p>&nbsp;<\/p>\n<p>Jednak najbardziej popularnym ostatnio sposobem na wykorzystanie aktywnego w\u0119gla s\u0105 <strong>maseczki do twarzy typu peel-off<\/strong>, kt\u00f3re przyw\u0119drowa\u0142y do nas ostatnio z Azji. Dlaczego\u00a0s\u0105 tak popularne? W\u0119giel zawarty w tego typu maseczkach dzia\u0142a niczym magnes na w\u0105gry i zanieczyszczenia. Maseczka, kt\u00f3ra jest pocz\u0105tkowo w formie \u017celu, po na\u0142o\u017ceniu na twarz <strong>wysycha<\/strong> i tworzy mask\u0119, wraz z kt\u00f3r\u0105 \u015bci\u0105gamy z twarzy wszystkie zanieczyszczenia i niedoskona\u0142o\u015bci. Warto si\u0119ga\u0107 po ten produkt 1-2 razy w tygodniu, szczeg\u00f3lnie je\u015bli mamy cer\u0119 t\u0142ust\u0105, sk\u0142onn\u0105 do zapychania, z rozszerzonymi porami i niedoskona\u0142o\u015bciami. Warto przed jej zastosowaniem wzi\u0105\u0107 <strong>ciep\u0142\u0105 k\u0105piel<\/strong> lub przy\u0142o\u017cy\u0107 do twarzy r\u0119cznik namoczony w ciep\u0142ej wodzie. Sprawi to, \u017ce pory si\u0119 otworz\u0105 i maseczka lepiej je oczy\u015bci.<\/p>\n<p>&nbsp;<\/p>\n<div id=\"attachment_3393\" style=\"width: 760px\" class=\"wp-caption aligncenter\"><a href=\"https:\/\/neness.pl\/kosmetyki\/pielegnacja_twarzy\/maseczki\/pilaten_black_mask_oczyszczajaca_czarna_maska_60g.html\"><img loading=\"lazy\" decoding=\"async\" aria-describedby=\"caption-attachment-3393\" class=\"wp-image-3393 size-full\" src=\"http:\/\/ranking-kosmetykow.pl\/wp-content\/uploads\/2017\/09\/ff34f5148e0fa1849b3ac23fcbf662eb-1.jpg\" alt=\"\" width=\"750\" height=\"1000\" srcset=\"https:\/\/neness.pl\/blog\/wp-content\/uploads\/2017\/09\/ff34f5148e0fa1849b3ac23fcbf662eb-1.jpg 750w, https:\/\/neness.pl\/blog\/wp-content\/uploads\/2017\/09\/ff34f5148e0fa1849b3ac23fcbf662eb-1-225x300.jpg 225w, https:\/\/neness.pl\/blog\/wp-content\/uploads\/2017\/09\/ff34f5148e0fa1849b3ac23fcbf662eb-1-610x813.jpg 610w\" sizes=\"auto, (max-width: 750px) 100vw, 750px\" \/><\/a><p id=\"caption-attachment-3393\" class=\"wp-caption-text\">Pilaten Black Mask Oczyszczaj\u0105ca Czarna Maska 60g \/ 19,90 z\u0142<\/p><\/div>\n<p>&nbsp;<\/p>\n<p>Kosmetyki do twarzy z w\u0119glem aktywnym mog\u0105 r\u00f3wnie\u017c stosowa\u0107 osoby z<strong> cer\u0105 wra\u017cliw\u0105<\/strong>, a nawet alergiczn\u0105, poniewa\u017c nie podra\u017cnia on sk\u00f3ry i ma dzia\u0142anie koj\u0105ce.<\/p>\n<p>&nbsp;<\/p>\n<h3>Umyj z\u0119by&#8230;w\u0119glem!<\/h3>\n<p>Ciekawym zastosowaniem w\u0119gla aktywnego jest r\u00f3wnie\u017c stosowanie go do&#8230;<strong>higieny jamy ustnej<\/strong>. Cz\u0119sto stosowany jest on jako naturalny produkt do <strong>wybielania z\u0119b\u00f3w<\/strong>. Nie uszkadza on szkliwa,\u00a0 za to absorbuje zanieczyszczenia i poch\u0142ania nieprzyjemny zapach. \u015awietnie <strong>usuwa przebarwienia<\/strong> powsta\u0142e na skutek picia napoj\u00f3w takich jak kawa czy herbata!<\/p>\n<p>&nbsp;<\/p>\n<h3>W\u0119giel do w\u0142os\u00f3w?<\/h3>\n<p>W\u0119giel aktywny korzystnie wp\u0142ywa r\u00f3wnie\u017c na w\u0142osy i <strong>sk\u00f3r\u0119 g\u0142owy<\/strong>. Doskonale oczyszcza i nieco hamuje prac\u0119 gruczo\u0142\u00f3w \u0142ojowych, dlatego te\u017c polecany jest do stosowania przy piel\u0119gnacji <strong>w\u0142os\u00f3w przet\u0142uszczaj\u0105cych si\u0119<\/strong>. Sprawdza si\u0119 tak\u017ce w walce z \u0142upie\u017cem. W\u0142osy umyte szamponem z dodatkiem tego pierwiastka zyskuj\u0105 wi\u0119ksz\u0105 obj\u0119to\u015b\u0107, s\u0105 dobrze oczyszczone i \u015bwie\u017csze!<\/p>\n","protected":false},"excerpt":{"rendered":"<p>W\u0119giel aktywny, cho\u0107 w pierwszej chwili mo\u017ce nie wydawa\u0107 si\u0119 produktem \u015bci\u015ble zwi\u0105zanym z bran\u017c\u0105 kosmetyczn\u0105, odgrywa wa\u017cn\u0105 rol\u0119 w produkcji kosmetyk\u00f3w piel\u0119gnacyjnych. Szczeg\u00f3lnie w ostatnim czasie zyska\u0142 on ogromn\u0105 popularno\u015b\u0107,\u00a0a to wszystko za spraw\u0105 s\u0142ynnej ju\u017c czarnej maski. Jakie w\u0142a\u015bciwo\u015bci kryje w sobie ten cenny pierwiastek? &nbsp; W\u0119giel aktywny \u2013 w\u0142a\u015bciwo\u015bci W\u0119giel aktywny \u2013 [&hellip;]<\/p>\n","protected":false},"author":2,"featured_media":3394,"comment_status":"open","ping_status":"open","sticky":false,"template":"","format":"standard","meta":{"_et_pb_use_builder":"","_et_pb_old_content":"","_et_gb_content_width":"","footnotes":""},"categories":[185],"tags":[],"class_list":["post-3389","post","type-post","status-publish","format-standard","has-post-thumbnail","hentry","category-codzienna-pielegnacja","et-has-post-format-content","et_post_format-et-post-format-standard"],"_links":{"self":[{"href":"https:\/\/neness.pl\/blog\/wp-json\/wp\/v2\/posts\/3389","targetHints":{"allow":["GET"]}}],"collection":[{"href":"https:\/\/neness.pl\/blog\/wp-json\/wp\/v2\/posts"}],"about":[{"href":"https:\/\/neness.pl\/blog\/wp-json\/wp\/v2\/types\/post"}],"author":[{"embeddable":true,"href":"https:\/\/neness.pl\/blog\/wp-json\/wp\/v2\/users\/2"}],"replies":[{"embeddable":true,"href":"https:\/\/neness.pl\/blog\/wp-json\/wp\/v2\/comments?post=3389"}],"version-history":[{"count":0,"href":"https:\/\/neness.pl\/blog\/wp-json\/wp\/v2\/posts\/3389\/revisions"}],"wp:featuredmedia":[{"embeddable":true,"href":"https:\/\/neness.pl\/blog\/wp-json\/wp\/v2\/media\/3394"}],"wp:attachment":[{"href":"https:\/\/neness.pl\/blog\/wp-json\/wp\/v2\/media?parent=3389"}],"wp:term":[{"taxonomy":"category","embeddable":true,"href":"https:\/\/neness.pl\/blog\/wp-json\/wp\/v2\/categories?post=3389"},{"taxonomy":"post_tag","embeddable":true,"href":"https:\/\/neness.pl\/blog\/wp-json\/wp\/v2\/tags?post=3389"}],"curies":[{"name":"wp","href":"https:\/\/api.w.org\/{rel}","templated":true}]}}