{"id":3379,"date":"2017-09-15T12:42:57","date_gmt":"2017-09-15T10:42:57","guid":{"rendered":"http:\/\/ranking-kosmetykow.pl\/?p=3379"},"modified":"2017-09-15T12:42:57","modified_gmt":"2017-09-15T10:42:57","slug":"aloes-w-kosmetykach","status":"publish","type":"post","link":"https:\/\/neness.pl\/blog\/aloes-w-kosmetykach\/","title":{"rendered":"Aloes w kosmetykach"},"content":{"rendered":"<p>Aloes jest ro\u015blin\u0105, kt\u00f3r\u0105 bardzo cz\u0119sto wykorzystuje si\u0119 w przemy\u015ble kosmetycznym i w medycynie naturalnej. Dlaczego ta zielona ro\u015blina jest tak bardzo popularna? Jakie ma w\u0142a\u015bciwo\u015bci i kiedy warto j\u0105 stosowa\u0107? Dzi\u015b odpowiemy na to pytanie.<\/p>\n<p>&nbsp;<\/p>\n<h3>Aloes \u2013 sk\u0105d si\u0119 wzi\u0105\u0142?<\/h3>\n<p>Aloes jest <strong>sukulentem<\/strong>, co oznacza, \u017ce jest ro\u015blin\u0105, kt\u00f3ra niezale\u017cnie od warunk\u00f3w i \u015brodowiska, w jakim ro\u015bnie, potrafi przetrwa\u0107 bez dost\u0119pu do \u017ar\u00f3d\u0142a wody. Posiada on niemal 400 odmian, a jego korzystne w\u0142a\u015bciwo\u015bci by\u0142y doceniane ju\u017c w staro\u017cytnym Egipcie.<\/p>\n<p>Aloes pochodzi z P\u00f3\u0142wyspu Arabskiego i Afryki. Ja ju\u017c wspominali\u015bmy, <strong>od staro\u017cytno\u015bci<\/strong> by\u0142 wykorzystywany do leczenia oparze\u0144 i schorze\u0144 sk\u00f3ry. Do dzi\u015b cz\u0119sto wykorzystuje si\u0119 go nie tylko w medycynie i kosmetyce, ale r\u00f3wnie\u017c jako sk\u0142adnik diety.<\/p>\n<p>&nbsp;<\/p>\n<div id=\"attachment_3382\" style=\"width: 760px\" class=\"wp-caption aligncenter\"><a href=\"https:\/\/neness.pl\/kosmetyki\/pielegnacja_twarzy\/demakijaz_i_oczyszczanie\/holika_holika_aloe_pianka_myjaca_cleasing_foam_150ml.html\"><img loading=\"lazy\" decoding=\"async\" aria-describedby=\"caption-attachment-3382\" class=\"size-full wp-image-3382\" src=\"http:\/\/ranking-kosmetykow.pl\/wp-content\/uploads\/2017\/09\/5295c2484d332b3e37d11369afdf3ff6.jpg\" alt=\"\" width=\"750\" height=\"1000\" srcset=\"https:\/\/neness.pl\/blog\/wp-content\/uploads\/2017\/09\/5295c2484d332b3e37d11369afdf3ff6.jpg 750w, https:\/\/neness.pl\/blog\/wp-content\/uploads\/2017\/09\/5295c2484d332b3e37d11369afdf3ff6-225x300.jpg 225w, https:\/\/neness.pl\/blog\/wp-content\/uploads\/2017\/09\/5295c2484d332b3e37d11369afdf3ff6-610x813.jpg 610w\" sizes=\"auto, (max-width: 750px) 100vw, 750px\" \/><\/a><p id=\"caption-attachment-3382\" class=\"wp-caption-text\">Holika Holika Aloe Pianka Myj\u0105ca Cleasing Foam 150ml \/<br \/>29,90 z\u0142<\/p><\/div>\n<h3><span style=\"color: #ffffff;\">\u00a0.<\/span><\/h3>\n<h3>W\u0142a\u015bciwo\u015bci aloesu<\/h3>\n<p>Ro\u015blina ta jest bardzo ceniona za swoje dobroczynne w\u0142a\u015bciwo\u015bci. Nic dziwnego, poniewa\u017c aloes jest jednym z silniejszych <strong>antyoksydant\u00f3w<\/strong>, dzi\u0119ki temu, \u017ce zawiera <strong>witaminy A, C, E<\/strong>. S\u0142ynie tak\u017ce ze swoich w\u0142a\u015bciwo\u015bci <strong>nawil\u017caj\u0105cych i regeneruj\u0105cych<\/strong>. To jednak nie wszystkie jego zalety. W li\u015bciach tej ro\u015bliny znajduj\u0105 si\u0119 r\u00f3wnie\u017c witaminy z grupy B, beta-karoten, cholina, <strong>wiele<\/strong> <strong>minera\u0142\u00f3w<\/strong>, na przyk\u0142ad wap\u0144, \u017celazo, potas, chrom i aminokwasy.<\/p>\n<p>Bardzo wa\u017cn\u0105 w\u0142a\u015bciwo\u015bci\u0105, za kt\u00f3r\u0105 ceniony jest aloes, jest jego dzia\u0142anie <strong>antybakteryjne<\/strong>, <strong>przeciwzapalne<\/strong> i <strong>przeciwb\u00f3lowe<\/strong>.<\/p>\n<p>Aloes, ze wzgl\u0119du na swoj\u0105 wytrzyma\u0142o\u015b\u0107 i odporno\u015b\u0107 na dzia\u0142anie czynnik\u00f3w zewn\u0119trznych jest bardzo \u0142atwy do wyhodowania w domowym zaciszu.<\/p>\n<p>&nbsp;<\/p>\n<div id=\"attachment_3383\" style=\"width: 760px\" class=\"wp-caption aligncenter\"><a href=\"https:\/\/neness.pl\/kosmetyki\/pielegnacja_twarzy\/maseczki\/holika_holika_maseczka_aloesowa_aloe_99_smoothing_gel.html\"><img loading=\"lazy\" decoding=\"async\" aria-describedby=\"caption-attachment-3383\" class=\"size-full wp-image-3383\" src=\"http:\/\/ranking-kosmetykow.pl\/wp-content\/uploads\/2017\/09\/126df0b909bb45fffc04667b5213c1fa.jpg\" alt=\"\" width=\"750\" height=\"1000\" srcset=\"https:\/\/neness.pl\/blog\/wp-content\/uploads\/2017\/09\/126df0b909bb45fffc04667b5213c1fa.jpg 750w, https:\/\/neness.pl\/blog\/wp-content\/uploads\/2017\/09\/126df0b909bb45fffc04667b5213c1fa-225x300.jpg 225w, https:\/\/neness.pl\/blog\/wp-content\/uploads\/2017\/09\/126df0b909bb45fffc04667b5213c1fa-610x813.jpg 610w\" sizes=\"auto, (max-width: 750px) 100vw, 750px\" \/><\/a><p id=\"caption-attachment-3383\" class=\"wp-caption-text\">Holika Holika Maseczka Aloesowa Aloe 99% Smoothing Gel \/<br \/>13,80 z\u0142<\/p><\/div>\n<h3><span style=\"color: #ffffff;\">\u00a0.<\/span><\/h3>\n<h3>Aloes na w\u0142osy<\/h3>\n<p>Aloes jest sk\u0142adnikiem, kt\u00f3ry cz\u0119sto znale\u017a\u0107 mo\u017cemy w <strong>kosmetykach do w\u0142os\u00f3w<\/strong>, przede wszystkim w szamponach i od\u017cywkach. Substancje zawarte w wyci\u0105gu z aloesu dzia\u0142aj\u0105 <strong>wzmacniaj\u0105co<\/strong> na budow\u0119 w\u0142osa, sprawiaj\u0105, \u017ce staj\u0105 si\u0119 one mocniejsze i nabieraj\u0105 blasku. U\u0142atwia r\u00f3wnie\u017c <strong>rozczesywanie<\/strong> i sprawia, \u017ce w\u0142osy mniej si\u0119 pusz\u0105.<\/p>\n<p>Ponadto szampon z wyci\u0105giem z aloesu nawil\u017ca w\u0142osy i <strong>zapobiega rozdwajaniu si\u0119 ko\u0144c\u00f3wek<\/strong>. Aloes mo\u017ce by\u0107 r\u00f3wnie\u017c dodawany do kosmetyk\u00f3w spowalniaj\u0105cych wypadanie w\u0142os\u00f3w i pobudzaj\u0105cych ich wzrost, poniewa\u017c wykazuje dzia\u0142anie pobudzaj\u0105ce u\u015bpione mieszki w\u0142osowe i pobudza ich wzrost. Dodatkowo dzia\u0142a te\u017c <strong>przeciw\u0142upie\u017cowo<\/strong> i koj\u0105co.<\/p>\n<p>&nbsp;<\/p>\n<div id=\"attachment_3384\" style=\"width: 760px\" class=\"wp-caption aligncenter\"><a href=\"https:\/\/neness.pl\/kosmetyki\/pielegnacja_twarzy\/maseczki\/holika_holika_maseczka_aloe_slice_multi_patch_smoothing_gel.html\"><img loading=\"lazy\" decoding=\"async\" aria-describedby=\"caption-attachment-3384\" class=\"size-full wp-image-3384\" src=\"http:\/\/ranking-kosmetykow.pl\/wp-content\/uploads\/2017\/09\/34ba13e59e7877db0ec4fa27000f3ffa.jpg\" alt=\"\" width=\"750\" height=\"1000\" srcset=\"https:\/\/neness.pl\/blog\/wp-content\/uploads\/2017\/09\/34ba13e59e7877db0ec4fa27000f3ffa.jpg 750w, https:\/\/neness.pl\/blog\/wp-content\/uploads\/2017\/09\/34ba13e59e7877db0ec4fa27000f3ffa-225x300.jpg 225w, https:\/\/neness.pl\/blog\/wp-content\/uploads\/2017\/09\/34ba13e59e7877db0ec4fa27000f3ffa-610x813.jpg 610w\" sizes=\"auto, (max-width: 750px) 100vw, 750px\" \/><\/a><p id=\"caption-attachment-3384\" class=\"wp-caption-text\">Holika Holika Maseczka Aloe Slice Multi Patch Smoothing Gel \/<br \/>13,50 z\u0142<\/p><\/div>\n<h3><span style=\"color: #ffffff;\">\u00a0.<\/span><\/h3>\n<h3>Aloes do twarzy i cia\u0142a<\/h3>\n<p>Ciekaw\u0105 w\u0142a\u015bciwo\u015bci\u0105 aloesu jest jego zdolno\u015b\u0107 do <strong>syntezy kolagenu<\/strong> i elastyny. Dodany do krem\u00f3w do twarzy poprawia wi\u0119c elastyczno\u015b\u0107 i j\u0119drno\u015b\u0107 sk\u00f3ry. Dlatego tez cz\u0119sto wykorzystuje si\u0119 go jako sk\u0142adnik kosmetyk\u00f3w do <strong>cery dojrza\u0142ej<\/strong> i o dzia\u0142aniu przeciwzmarszczkowym. Dzi\u0119ki <strong>antybakteryjnym<\/strong> i<strong> przeciwzapalnym<\/strong> w\u0142a\u015bciwo\u015bciom aloes bardzo dobrze sprawdza si\u0119 w kosmetykach przeznaczonych do <strong>cery tr\u0105dzikowej<\/strong> i problematycznej.<\/p>\n<p>Bardzo uniwersalnym kosmetykiem jest<strong> \u017cel aloesowy<\/strong>, kt\u00f3ry mo\u017cemy stosowa\u0107 zar\u00f3wno do piel\u0119gnacji twarzy, jak i cia\u0142a. Doskonale nawil\u017ca, ch\u0142odzi i od\u015bwie\u017ca. \u017bel aloesowy bardzo <strong>szybko si\u0119 wch\u0142ania<\/strong> i nie pozostawia na sk\u00f3rze lepiej warstwy ani t\u0142ustego filmu. Bardzo dobrze <strong>\u0142agodzi<\/strong> podra\u017cnienia i regeneruje sk\u00f3r\u0119, wi\u0119c sprawdzi si\u0119 nie tylko jako zast\u0119pstwo dla balsamu do cia\u0142a, ale r\u00f3wnie\u017c jako kosmetyk po opalaniu. Co ciekawe, cz\u0119sto wyci\u0105g z aloesu dodawany jest do <strong>kosmetyk\u00f3w przeciws\u0142onecznych<\/strong>, bo jego dodatek powoduje, \u017ce opalamy si\u0119 wolniej, co pozwala unikn\u0105\u0107 czerwonej i poparzonej sk\u00f3ry.<\/p>\n<p>&nbsp;<\/p>\n<div id=\"attachment_3385\" style=\"width: 760px\" class=\"wp-caption aligncenter\"><a href=\"https:\/\/neness.pl\/kosmetyki\/pielegnacja_ciala\/zele\/holika_holika_aloe_99_wielofunkcyjny_zel_aloesowy_smoothing_gel_250ml.html\"><img loading=\"lazy\" decoding=\"async\" aria-describedby=\"caption-attachment-3385\" class=\"size-full wp-image-3385\" src=\"http:\/\/ranking-kosmetykow.pl\/wp-content\/uploads\/2017\/09\/d8becf6d4f34fa7ce74367fa73a50809.jpg\" alt=\"\" width=\"750\" height=\"1000\" srcset=\"https:\/\/neness.pl\/blog\/wp-content\/uploads\/2017\/09\/d8becf6d4f34fa7ce74367fa73a50809.jpg 750w, https:\/\/neness.pl\/blog\/wp-content\/uploads\/2017\/09\/d8becf6d4f34fa7ce74367fa73a50809-225x300.jpg 225w, https:\/\/neness.pl\/blog\/wp-content\/uploads\/2017\/09\/d8becf6d4f34fa7ce74367fa73a50809-610x813.jpg 610w\" sizes=\"auto, (max-width: 750px) 100vw, 750px\" \/><\/a><p id=\"caption-attachment-3385\" class=\"wp-caption-text\">Holika Holika Aloe 99% Wielofunkcyjny \u017bel Aloesowy Smoothing Gel 250ml \/<br \/>29,90 z\u0142<\/p><\/div>\n<p><span style=\"color: #ffffff;\">.<\/span><\/p>\n<p>Aloes \u015bwietnie sprawdza si\u0119 te\u017c w<strong> dezodorantach<\/strong> i antyperspirantach, bo jego w\u0142a\u015bciwo\u015bci antybakteryjne zapobiegaj\u0105 powstawaniu przykrego zapachu, a dodatkowo piel\u0119gnuje i regeneruje delikatn\u0105 sk\u00f3r\u0119 pod pachami.<\/p>\n","protected":false},"excerpt":{"rendered":"<p>Aloes jest ro\u015blin\u0105, kt\u00f3r\u0105 bardzo cz\u0119sto wykorzystuje si\u0119 w przemy\u015ble kosmetycznym i w medycynie naturalnej. Dlaczego ta zielona ro\u015blina jest tak bardzo popularna? Jakie ma w\u0142a\u015bciwo\u015bci i kiedy warto j\u0105 stosowa\u0107? Dzi\u015b odpowiemy na to pytanie. &nbsp; Aloes \u2013 sk\u0105d si\u0119 wzi\u0105\u0142? Aloes jest sukulentem, co oznacza, \u017ce jest ro\u015blin\u0105, kt\u00f3ra niezale\u017cnie od warunk\u00f3w i [&hellip;]<\/p>\n","protected":false},"author":2,"featured_media":3381,"comment_status":"open","ping_status":"open","sticky":false,"template":"","format":"standard","meta":{"_et_pb_use_builder":"","_et_pb_old_content":"","_et_gb_content_width":"","footnotes":""},"categories":[185],"tags":[],"class_list":["post-3379","post","type-post","status-publish","format-standard","has-post-thumbnail","hentry","category-codzienna-pielegnacja","et-has-post-format-content","et_post_format-et-post-format-standard"],"_links":{"self":[{"href":"https:\/\/neness.pl\/blog\/wp-json\/wp\/v2\/posts\/3379","targetHints":{"allow":["GET"]}}],"collection":[{"href":"https:\/\/neness.pl\/blog\/wp-json\/wp\/v2\/posts"}],"about":[{"href":"https:\/\/neness.pl\/blog\/wp-json\/wp\/v2\/types\/post"}],"author":[{"embeddable":true,"href":"https:\/\/neness.pl\/blog\/wp-json\/wp\/v2\/users\/2"}],"replies":[{"embeddable":true,"href":"https:\/\/neness.pl\/blog\/wp-json\/wp\/v2\/comments?post=3379"}],"version-history":[{"count":0,"href":"https:\/\/neness.pl\/blog\/wp-json\/wp\/v2\/posts\/3379\/revisions"}],"wp:featuredmedia":[{"embeddable":true,"href":"https:\/\/neness.pl\/blog\/wp-json\/wp\/v2\/media\/3381"}],"wp:attachment":[{"href":"https:\/\/neness.pl\/blog\/wp-json\/wp\/v2\/media?parent=3379"}],"wp:term":[{"taxonomy":"category","embeddable":true,"href":"https:\/\/neness.pl\/blog\/wp-json\/wp\/v2\/categories?post=3379"},{"taxonomy":"post_tag","embeddable":true,"href":"https:\/\/neness.pl\/blog\/wp-json\/wp\/v2\/tags?post=3379"}],"curies":[{"name":"wp","href":"https:\/\/api.w.org\/{rel}","templated":true}]}}