{"id":3366,"date":"2017-09-13T11:32:56","date_gmt":"2017-09-13T09:32:56","guid":{"rendered":"http:\/\/ranking-kosmetykow.pl\/?p=3366"},"modified":"2017-09-13T11:32:56","modified_gmt":"2017-09-13T09:32:56","slug":"na-czym-polega-strobing","status":"publish","type":"post","link":"https:\/\/neness.pl\/blog\/na-czym-polega-strobing\/","title":{"rendered":"Na czym polega strobing?"},"content":{"rendered":"<p>Strobing od kilku miesi\u0119cy podbija \u015bwiat makija\u017cu. Stanowi on ciekaw\u0105 alternatyw\u0119 dla klasycznego konturowania z u\u017cyciem bronzera i r\u00f3\u017cu, bo do strobingu u\u017cywamy tylko roz\u015bwietlacza i to w\u0142a\u015bnie nim modelujemy twarz.<\/p>\n<p>Dodatkowe roz\u015bwietlenie nadaje cerze <strong>\u015bwie\u017cy, m\u0142odzie\u0144czy blask<\/strong>, kt\u00f3rego nie uzyskamy \u017cadnym innym kosmetykiem. Nie mo\u017cemy z nim jednak przesadzi\u0107, bo nie chcemy, by nasza twarz wygl\u0105da\u0142a na spocon\u0105. Oto kilka naszych porad, jak wykona\u0107 strobing, by wygl\u0105da\u0142 dobrze i doda\u0142 twarzy m\u0142odzie\u0144czego blasku.<\/p>\n<p>&nbsp;<\/p>\n<h3>Przygotuj sk\u00f3r\u0119<\/h3>\n<p><strong>Strobing<\/strong> nadaje twarzy tak zwanego efektu \u201eglow\u201d, jednak \u017ceby wygl\u0105da\u0142 naprawd\u0119 dobrze, cera musi by\u0107 odpowiednio <strong>nawil\u017cona<\/strong>. Niestety u\u017cycie samego roz\u015bwietlacza na szarej i zm\u0119czonej sk\u00f3rze nie przyniesie zamierzonego efektu, dlatego pami\u0119taj, by przed makija\u017cem na\u0142o\u017cy\u0107 dobry krem nawil\u017caj\u0105cy. Je\u015bli jeste\u015b posiadaczk\u0105 <strong>t\u0142ustej cery<\/strong>, r\u00f3wnie\u017c nie unikaj tego kosmetyku. Postaw po prostu na produkt na <strong>bazie wody<\/strong>.<\/p>\n<p>&nbsp;<\/p>\n<div id=\"attachment_3374\" style=\"width: 760px\" class=\"wp-caption aligncenter\"><a href=\"https:\/\/neness.pl\/kosmetyki\/twarz\/roze_bronzery_i_rozswietlacze\/w7_dynamite_highlighting_big_bang_rozswietlacz.html\"><img loading=\"lazy\" decoding=\"async\" aria-describedby=\"caption-attachment-3374\" class=\"size-full wp-image-3374\" src=\"http:\/\/ranking-kosmetykow.pl\/wp-content\/uploads\/2017\/09\/dfe15a94bcd0aaf173308545d9089f80.png\" alt=\"\" width=\"750\" height=\"1000\" srcset=\"https:\/\/neness.pl\/blog\/wp-content\/uploads\/2017\/09\/dfe15a94bcd0aaf173308545d9089f80.png 750w, https:\/\/neness.pl\/blog\/wp-content\/uploads\/2017\/09\/dfe15a94bcd0aaf173308545d9089f80-225x300.png 225w, https:\/\/neness.pl\/blog\/wp-content\/uploads\/2017\/09\/dfe15a94bcd0aaf173308545d9089f80-610x813.png 610w\" sizes=\"auto, (max-width: 750px) 100vw, 750px\" \/><\/a><p id=\"caption-attachment-3374\" class=\"wp-caption-text\">W7 Dynamite Highlighting Big Bang Roz\u015bwietlacz \/ 14,90 z\u0142<\/p><\/div>\n<h3><span style=\"color: #ffffff;\">\u00a0.<\/span><\/h3>\n<h3>Wybierz w\u0142a\u015bciwy odcie\u0144 roz\u015bwietlacza<\/h3>\n<p>Podobnie jak w przypadku innych kosmetyk\u00f3w, r\u00f3wnie\u017c <strong>kolor roz\u015bwietlacza<\/strong> musimy odpowiednio dobra\u0107 do kolorytu naszej cery. Dla sk\u00f3ry w tonacji ciep\u0142ej wybierzmy taki z <strong>brzoskwiniow\u0105<\/strong> po\u015bwiat\u0105. Do typ\u00f3w ch\u0142odnych lepiej sprawdz\u0105 si\u0119 odcienie <strong>srebra<\/strong> lub roz\u015bwietlacze w kolorze <strong>szampana<\/strong>. Cera oliwkowa powinna dobrze zgra\u0107 si\u0119 z kosmetykiem ze <strong>z\u0142otymi tonami<\/strong>, natomiast do cery \u015bniadej polecane s\u0105 roz\u015bwietlacze w odcieniu <strong>terakoty<\/strong>.<\/p>\n<p>&nbsp;<\/p>\n<div id=\"attachment_3371\" style=\"width: 760px\" class=\"wp-caption aligncenter\"><a href=\"https:\/\/neness.pl\/kosmetyki\/twarz\/roze_bronzery_i_rozswietlacze\/sleek_rozswietlacz_do_twarzy_i_ciala_hightllighting_palette_solstice.html\"><img loading=\"lazy\" decoding=\"async\" aria-describedby=\"caption-attachment-3371\" class=\"size-full wp-image-3371\" src=\"http:\/\/ranking-kosmetykow.pl\/wp-content\/uploads\/2017\/09\/7a7586ae1a8dc0dd3c9b0016fc14d737.jpg\" alt=\"\" width=\"750\" height=\"1000\" srcset=\"https:\/\/neness.pl\/blog\/wp-content\/uploads\/2017\/09\/7a7586ae1a8dc0dd3c9b0016fc14d737.jpg 750w, https:\/\/neness.pl\/blog\/wp-content\/uploads\/2017\/09\/7a7586ae1a8dc0dd3c9b0016fc14d737-225x300.jpg 225w, https:\/\/neness.pl\/blog\/wp-content\/uploads\/2017\/09\/7a7586ae1a8dc0dd3c9b0016fc14d737-610x813.jpg 610w\" sizes=\"auto, (max-width: 750px) 100vw, 750px\" \/><\/a><p id=\"caption-attachment-3371\" class=\"wp-caption-text\">Sleek Roz\u015bwietlacz do Twarzy i Cia\u0142a Hightllighting Palette Solstice \/ 44,50 z\u0142<\/p><\/div>\n<h3><span style=\"color: #ffffff;\">\u00a0.<\/span><\/h3>\n<h3>Roz\u015bwietl w\u0142a\u015bciwe miejsca<\/h3>\n<p>Pami\u0119taj, by roz\u015bwietlacza u\u017cywa\u0107 w miejscach, w kt\u00f3rych<strong> sk\u00f3ra naturalnie \u0142apie \u015bwiat\u0142o<\/strong>. Nanie\u015b kosmetyk na szczyty <strong>ko\u015bci policzkowych<\/strong>, wzd\u0142u\u017c <strong>skroni<\/strong>, na <strong>grzbiet nosa<\/strong>, pod <strong>\u0142uk brwiowy<\/strong>. Odrobin\u0119 produktu na\u0142\u00f3\u017c r\u00f3wnie\u017c w <strong>wewn\u0119trzne k\u0105ciki oczu<\/strong>, by roz\u015bwietli\u0107 spojrzenie i odrobin\u0119 <strong>nad g\u00f3rn\u0105 warg\u0119<\/strong>, co sprawi, \u017ce usta b\u0119d\u0105 wydawa\u0107 si\u0119 optycznie powi\u0119kszone.<\/p>\n<p>Nie nak\u0142adaj roz\u015bwietlacza na ca\u0142\u0105 twarz ani w przypadkowych miejscach, poniewa\u017c twarz mo\u017ce wygl\u0105da\u0107 na t\u0142ust\u0105. Je\u015bli posiadasz sk\u00f3r\u0119, kt\u00f3ra naturalnie si\u0119 przet\u0142uszcza, unikaj nak\u0142adania tego kosmetyku na czo\u0142o i brod\u0119, bo te miejsca i tak b\u0119d\u0105 ju\u017c delikatnie si\u0119 \u015bwieci\u0107.<\/p>\n<p>&nbsp;<\/p>\n<div id=\"attachment_3372\" style=\"width: 760px\" class=\"wp-caption aligncenter\"><a href=\"https:\/\/neness.pl\/kosmetyki\/twarz\/roze_bronzery_i_rozswietlacze\/maybelline_master_strobe_stick_rozswietlacz_w_sztyfcie_illuminating_highlighter.html\"><img loading=\"lazy\" decoding=\"async\" aria-describedby=\"caption-attachment-3372\" class=\"size-full wp-image-3372\" src=\"http:\/\/ranking-kosmetykow.pl\/wp-content\/uploads\/2017\/09\/c6641ee455de86e74c7716d454dc6dc7.jpg\" alt=\"\" width=\"750\" height=\"1000\" srcset=\"https:\/\/neness.pl\/blog\/wp-content\/uploads\/2017\/09\/c6641ee455de86e74c7716d454dc6dc7.jpg 750w, https:\/\/neness.pl\/blog\/wp-content\/uploads\/2017\/09\/c6641ee455de86e74c7716d454dc6dc7-225x300.jpg 225w, https:\/\/neness.pl\/blog\/wp-content\/uploads\/2017\/09\/c6641ee455de86e74c7716d454dc6dc7-610x813.jpg 610w\" sizes=\"auto, (max-width: 750px) 100vw, 750px\" \/><\/a><p id=\"caption-attachment-3372\" class=\"wp-caption-text\">Maybelline Master Strobe Stick Roz\u015bwietlacz w sztyfcie Illuminating Highlighter \/ 13,90 z\u0142<\/p><\/div>\n<h3>\u00a0<span style=\"color: #ffffff;\">.<\/span><\/h3>\n<h3>Nie zapomnij o rozcieraniu<\/h3>\n<p>Po na\u0142o\u017ceniu roz\u015bwietlaj\u0105cego kosmetyku, pami\u0119taj, by<strong> rozetrze\u0107 go dok\u0142adnie<\/strong> palcem, p\u0119dzlem lub lekko zwil\u017con\u0105 g\u0105beczk\u0105 do makija\u017cu. W ten spos\u00f3b unikniesz <strong>plam<\/strong> koloru i\u00a0 wyra\u017anych granic na\u0142o\u017conego kosmetyku. Dok\u0142adne roztarcie produktu gwarantuje, \u017ce roz\u015bwietlacz <strong>wtopi si\u0119 w sk\u00f3r\u0119<\/strong> i \u0142adnie po\u0142\u0105czy z reszt\u0105 makija\u017cu, a strobing b\u0119dzie wygl\u0105da\u0142 <strong>naturalnie<\/strong>.<\/p>\n<p>&nbsp;<\/p>\n<div id=\"attachment_3373\" style=\"width: 760px\" class=\"wp-caption aligncenter\"><a href=\"https:\/\/neness.pl\/kosmetyki\/twarz\/roze_bronzery_i_rozswietlacze\/makeup_revolution_rozswietlacz_ultra_strobe_balm_hypnotic.html\"><img loading=\"lazy\" decoding=\"async\" aria-describedby=\"caption-attachment-3373\" class=\"size-full wp-image-3373\" src=\"http:\/\/ranking-kosmetykow.pl\/wp-content\/uploads\/2017\/09\/309db83a451ee8141fc1eece5b8f95d7.jpg\" alt=\"\" width=\"750\" height=\"1000\" srcset=\"https:\/\/neness.pl\/blog\/wp-content\/uploads\/2017\/09\/309db83a451ee8141fc1eece5b8f95d7.jpg 750w, https:\/\/neness.pl\/blog\/wp-content\/uploads\/2017\/09\/309db83a451ee8141fc1eece5b8f95d7-225x300.jpg 225w, https:\/\/neness.pl\/blog\/wp-content\/uploads\/2017\/09\/309db83a451ee8141fc1eece5b8f95d7-610x813.jpg 610w\" sizes=\"auto, (max-width: 750px) 100vw, 750px\" \/><\/a><p id=\"caption-attachment-3373\" class=\"wp-caption-text\">Makeup Revolution Roz\u015bwietlacz Ultra Strobe Balm Hypnotic \/ 23,90 z\u0142<\/p><\/div>\n<h3><span style=\"color: #ffffff;\">\u00a0.<\/span><\/h3>\n<h3>T\u0142usta cera? \u017baden problem!<\/h3>\n<p>Posiadaczki cery t\u0142ustej i mieszanej mog\u0105 mie\u0107 w\u0105tpliwo\u015bci, czy ten rodzaj makija\u017cu b\u0119dzie dla nich odpowiedni. Odpowied\u017a brzmi: tak, jednak trzeba pami\u0119ta\u0107 o kilku zasadach. Je\u015bli chcesz wykona\u0107 strobing na swojej twarzy, upewnij si\u0119, \u017ce pozosta\u0142e kosmetyki, kt\u00f3rych u\u017cywasz, s\u0105 <strong>matowe<\/strong>. <strong>Unikaj r\u00f3wnie\u017c roz\u015bwietlania problematycznych miejsc<\/strong>, kt\u00f3re \u015bwiec\u0105 si\u0119 pod wp\u0142ywem wydzielanego sebum. Je\u015bli jeste\u015b posiadaczk\u0105 cery<strong> tr\u0105dzikowej<\/strong>, unikaj nak\u0142adania produkt\u00f3w roz\u015bwietlaj\u0105cych w miejscach, gdzie jest najwi\u0119cej niedoskona\u0142o\u015bci, by niepotrzebnie ich nie podkre\u015bla\u0107.<\/p>\n","protected":false},"excerpt":{"rendered":"<p>Strobing od kilku miesi\u0119cy podbija \u015bwiat makija\u017cu. Stanowi on ciekaw\u0105 alternatyw\u0119 dla klasycznego konturowania z u\u017cyciem bronzera i r\u00f3\u017cu, bo do strobingu u\u017cywamy tylko roz\u015bwietlacza i to w\u0142a\u015bnie nim modelujemy twarz. Dodatkowe roz\u015bwietlenie nadaje cerze \u015bwie\u017cy, m\u0142odzie\u0144czy blask, kt\u00f3rego nie uzyskamy \u017cadnym innym kosmetykiem. Nie mo\u017cemy z nim jednak przesadzi\u0107, bo nie chcemy, by nasza [&hellip;]<\/p>\n","protected":false},"author":2,"featured_media":3369,"comment_status":"open","ping_status":"open","sticky":false,"template":"","format":"standard","meta":{"_et_pb_use_builder":"","_et_pb_old_content":"","_et_gb_content_width":"","footnotes":""},"categories":[41],"tags":[],"class_list":["post-3366","post","type-post","status-publish","format-standard","has-post-thumbnail","hentry","category-olsniewaj-makijazem","et-has-post-format-content","et_post_format-et-post-format-standard"],"_links":{"self":[{"href":"https:\/\/neness.pl\/blog\/wp-json\/wp\/v2\/posts\/3366","targetHints":{"allow":["GET"]}}],"collection":[{"href":"https:\/\/neness.pl\/blog\/wp-json\/wp\/v2\/posts"}],"about":[{"href":"https:\/\/neness.pl\/blog\/wp-json\/wp\/v2\/types\/post"}],"author":[{"embeddable":true,"href":"https:\/\/neness.pl\/blog\/wp-json\/wp\/v2\/users\/2"}],"replies":[{"embeddable":true,"href":"https:\/\/neness.pl\/blog\/wp-json\/wp\/v2\/comments?post=3366"}],"version-history":[{"count":0,"href":"https:\/\/neness.pl\/blog\/wp-json\/wp\/v2\/posts\/3366\/revisions"}],"wp:featuredmedia":[{"embeddable":true,"href":"https:\/\/neness.pl\/blog\/wp-json\/wp\/v2\/media\/3369"}],"wp:attachment":[{"href":"https:\/\/neness.pl\/blog\/wp-json\/wp\/v2\/media?parent=3366"}],"wp:term":[{"taxonomy":"category","embeddable":true,"href":"https:\/\/neness.pl\/blog\/wp-json\/wp\/v2\/categories?post=3366"},{"taxonomy":"post_tag","embeddable":true,"href":"https:\/\/neness.pl\/blog\/wp-json\/wp\/v2\/tags?post=3366"}],"curies":[{"name":"wp","href":"https:\/\/api.w.org\/{rel}","templated":true}]}}