{"id":3356,"date":"2017-09-11T12:55:25","date_gmt":"2017-09-11T10:55:25","guid":{"rendered":"http:\/\/ranking-kosmetykow.pl\/?p=3356"},"modified":"2017-09-11T12:55:25","modified_gmt":"2017-09-11T10:55:25","slug":"witamina-c-w-kosmetykach-cudowny-skladnik","status":"publish","type":"post","link":"https:\/\/neness.pl\/blog\/witamina-c-w-kosmetykach-cudowny-skladnik\/","title":{"rendered":"Witamina C w kosmetykach \u2013 cudowny sk\u0142adnik?"},"content":{"rendered":"<p>Witamina C to jedna z najwa\u017cniejszych witamin potrzebnych nam do \u017cycia i prawid\u0142owego funkcjonowania. Wzmacnia odporno\u015b\u0107, ma wp\u0142yw na zdrowie naszych z\u0119b\u00f3w i dzi\u0105se\u0142, a tak\u017ce jest bardzo wa\u017cna dla uk\u0142adu krwiono\u015bnego i naszego serca. Jest ona r\u00f3wnie\u017c istotnym sk\u0142adnikiem wielu kosmetyk\u00f3w. Gdzie mo\u017cemy j\u0105 znale\u017a\u0107 i dlaczego jest r\u00f3wnie wa\u017cna dla wygl\u0105du naszej sk\u00f3ry?<\/p>\n<p>&nbsp;<\/p>\n<h3>Kr\u00f3lowa witamin<\/h3>\n<p><strong>Witamina C<\/strong> jest jednym z najlepiej przebadanych sk\u0142adnik\u00f3w kosmetyk\u00f3w. Posiada ona bardzo<strong> skuteczne<\/strong> dzia\u0142anie, kt\u00f3re bardzo cz\u0119sto wykorzystywane jest w kosmetyce. Nic dziwnego, witamina C jest jednym z najsilniejszych<strong> przeciwutleniaczy<\/strong>, a co za tym idzie, skutecznie zwalcza wolne rodniki i zapobiega uszkodzeniom sk\u00f3ry przez szkodliwe promieniowanie UV.<\/p>\n<p>Ponadto witamina C w swojej aktywnej formie \u2013 czyli w postaci kwasu l-askorbinowego ma pozytywny wp\u0142yw na <strong>syntez\u0119<\/strong> kolagenu i innych bia\u0142ek, kt\u00f3re odpowiedzialne s\u0105 za \u0142adny wygl\u0105d naszej sk\u00f3ry.<\/p>\n<p>Jedn\u0105 z jej najwa\u017cniejszych w\u0142a\u015bciwo\u015bci jest jednak <strong>uszczelnianie naczy\u0144 krwiono\u015bnych<\/strong>. Poprawia ich elastyczno\u015b\u0107 i mikro cyrkulacj\u0119, co wp\u0142ywa na zmniejszenie zaczerwienie\u0144, dlatego kosmetyki z witamin\u0105 C s\u0105 szczeg\u00f3lnie polecane dla os\u00f3b, kt\u00f3re posiadaj\u0105 cer\u0119 naczynkow\u0105, z zaczerwienieniami lub z tr\u0105dzikiem r\u00f3\u017cowatym.<\/p>\n<p>Dzi\u0119ki zawarto\u015bci kwasu PHA delikatnie<strong> z\u0142uszcza<\/strong> sk\u00f3r\u0119, hamuje r\u00f3wnie\u017c produkcj\u0119 melaniny i <strong>rozja\u015bnia przebarwienia<\/strong>. Pomaga redukowa\u0107 wytwarzanie \u0142oju i wzmacnia odporno\u015b\u0107 sk\u00f3ry na promieniowanie UVB. Jest te\u017c niezast\u0105piona podczas gojenia uszkodze\u0144 sk\u00f3ry i regeneracji nask\u00f3rka. Wykazuje tak\u017ce dzia\u0142anie \u0142agodz\u0105ce i przeciwzapalne.<\/p>\n<p>&nbsp;<\/p>\n<div id=\"attachment_3360\" style=\"width: 760px\" class=\"wp-caption aligncenter\"><a href=\"https:\/\/neness.pl\/kosmetyki\/pielegnacja_twarzy\/maseczki\/dermacol_maska_przeciwzmarszczkowa_intensive_lifting_tissue_mask.html\"><img loading=\"lazy\" decoding=\"async\" aria-describedby=\"caption-attachment-3360\" class=\"size-full wp-image-3360\" src=\"http:\/\/ranking-kosmetykow.pl\/wp-content\/uploads\/2017\/09\/f8ccb860478b9b7342162adf17494db6.png\" alt=\"\" width=\"750\" height=\"1000\" srcset=\"https:\/\/neness.pl\/blog\/wp-content\/uploads\/2017\/09\/f8ccb860478b9b7342162adf17494db6.png 750w, https:\/\/neness.pl\/blog\/wp-content\/uploads\/2017\/09\/f8ccb860478b9b7342162adf17494db6-225x300.png 225w, https:\/\/neness.pl\/blog\/wp-content\/uploads\/2017\/09\/f8ccb860478b9b7342162adf17494db6-610x813.png 610w\" sizes=\"auto, (max-width: 750px) 100vw, 750px\" \/><\/a><p id=\"caption-attachment-3360\" class=\"wp-caption-text\">Dermacol Maska Przeciwzmarszczkowa Intensive Lifting \/ 10,90 z\u0142<\/p><\/div>\n<h3><span style=\"color: #ffffff;\">\u00a0.<\/span><\/h3>\n<h3>Gdzie j\u0105 znajdziemy?<\/h3>\n<p>Witamin\u0119 C ze wzgl\u0119du na jej cudowne w\u0142a\u015bciwo\u015bci znajdziemy w wielu kosmetykach. Przede wszystkim dodaje si\u0119 j\u0105 do produkt\u00f3w, kt\u00f3re maj\u0105 za zadanie dzia\u0142a\u0107 na nasz\u0105 sk\u00f3r\u0119 <strong>przeciwstarzeniowo<\/strong>. Cz\u0119sto spotka\u0107 j\u0105 mo\u017cemy r\u00f3wnie\u017c w parze z witamin\u0105 E, poniewa\u017c wp\u0142ywa ona na jej regeneracj\u0119. Jest r\u00f3wnie\u017c niezb\u0119dnym sk\u0142adnikiem krem\u00f3w i ser, kt\u00f3re maj\u0105 za zadanie <strong>wspom\u00f3c ochron\u0119 przeciws\u0142oneczn\u0105<\/strong> naszej sk\u00f3ry.<\/p>\n<p>Najcz\u0119\u015bciej mo\u017cemy si\u0119 spotka\u0107 z kremami z dodatkiem witamin C i E, cho\u0107 r\u00f3wnie cz\u0119sto znajdziemy j\u0105 w <strong>serum<\/strong> do twarzy. Warto stosowa\u0107 tego typu kosmetyki szczeg\u00f3lnie latem i obowi\u0105zkowo pod krem z wysokim filtrem.W zwi\u0105zku z tym, \u017ce witamina C ma zdolno\u015b\u0107 do kumulowanie si\u0119 w g\u0142\u0119bszych warstwach sk\u00f3ry, takich preparat\u00f3w nie musimy stosowa\u0107 codziennie \u2013 wystarczy co drugi dzie\u0144. Warto r\u00f3wnie\u017c raz na jaki\u015b czas zastosowa\u0107 <strong>maseczk\u0119<\/strong> z dodatkiem witaminy C, kt\u00f3ra pomo\u017ce rozja\u015bni\u0107 przebarwienia, z\u0142agodzi zaczerwienion\u0105 sk\u00f3r\u0119 i doda cerze blasku.<\/p>\n<p>&nbsp;<\/p>\n<div id=\"attachment_3361\" style=\"width: 760px\" class=\"wp-caption aligncenter\"><a href=\"https:\/\/neness.pl\/kosmetyki\/pielegnacja_twarzy\/maseczki\/holika_holika_maseczka_skin_rescue_vita_c_mask_sheet.html\"><img loading=\"lazy\" decoding=\"async\" aria-describedby=\"caption-attachment-3361\" class=\"size-full wp-image-3361\" src=\"http:\/\/ranking-kosmetykow.pl\/wp-content\/uploads\/2017\/09\/7fc25853a9586d2c438195f777f94553.jpg\" alt=\"\" width=\"750\" height=\"1000\" srcset=\"https:\/\/neness.pl\/blog\/wp-content\/uploads\/2017\/09\/7fc25853a9586d2c438195f777f94553.jpg 750w, https:\/\/neness.pl\/blog\/wp-content\/uploads\/2017\/09\/7fc25853a9586d2c438195f777f94553-225x300.jpg 225w, https:\/\/neness.pl\/blog\/wp-content\/uploads\/2017\/09\/7fc25853a9586d2c438195f777f94553-610x813.jpg 610w\" sizes=\"auto, (max-width: 750px) 100vw, 750px\" \/><\/a><p id=\"caption-attachment-3361\" class=\"wp-caption-text\">Holika Holika Maseczka Skin Rescue Vita C Mask Sheet \/ 13,50 z\u0142<\/p><\/div>\n<h3><span style=\"color: #ffffff;\">\u00a0.<\/span><\/h3>\n<h3>Witamina C \u2013 dla kogo?<\/h3>\n<p>Dzi\u0119ki tak szerokiemu zastosowaniu, witamin\u0119 C znajdziemy w <strong>wielu kosmetykach<\/strong> przeznaczonych dla kobiet w r\u00f3\u017cnym wieku. Zazwyczaj jednak jest ona obecna w kosmetykach przeznaczonych do cery dojrza\u0142ej, zm\u0119czonej i pozbawionej j\u0119drno\u015bci.<\/p>\n<p>Cz\u0119sto dodatek witaminy C zawieraj\u0105 te\u017c kosmetyki, kt\u00f3rych celem jest <strong>zapobieganie procesom starzenia<\/strong>, a przede wszystkim w kosmetykach maj\u0105cych rozja\u015bni\u0107 przebarwienia, piegi i wyr\u00f3wna\u0107 koloryt cery.<\/p>\n<p>Jak ju\u017c wspominali\u015bmy powy\u017cej, bez witaminy C nie obejdzie si\u0119 r\u00f3wnie\u017c <strong>cera naczynkowa<\/strong> i ta z tr\u0105dzikiem r\u00f3\u017cowatym, poniewa\u017c zawarto\u015b\u0107 tego cennego sk\u0142adnika dzia\u0142a przeciwzapalnie, wspomaga gojenie i wzmacnia naczynia krwiono\u015bne.<\/p>\n<p>&nbsp;<\/p>\n<div id=\"attachment_3362\" style=\"width: 760px\" class=\"wp-caption aligncenter\"><a href=\"https:\/\/neness.pl\/kosmetyki\/pielegnacja_twarzy\/maseczki\/holika_holika_maseczka_juicy_aloe_maska_aloesowa.html\"><img loading=\"lazy\" decoding=\"async\" aria-describedby=\"caption-attachment-3362\" class=\"wp-image-3362 size-full\" src=\"http:\/\/ranking-kosmetykow.pl\/wp-content\/uploads\/2017\/09\/fe26f9ecbf4e9031f42fc5224630fd52.jpg\" alt=\"\" width=\"750\" height=\"1000\" srcset=\"https:\/\/neness.pl\/blog\/wp-content\/uploads\/2017\/09\/fe26f9ecbf4e9031f42fc5224630fd52.jpg 750w, https:\/\/neness.pl\/blog\/wp-content\/uploads\/2017\/09\/fe26f9ecbf4e9031f42fc5224630fd52-225x300.jpg 225w, https:\/\/neness.pl\/blog\/wp-content\/uploads\/2017\/09\/fe26f9ecbf4e9031f42fc5224630fd52-610x813.jpg 610w\" sizes=\"auto, (max-width: 750px) 100vw, 750px\" \/><\/a><p id=\"caption-attachment-3362\" class=\"wp-caption-text\">Holika Holika Maseczka Juicy Aloe Maska Aloesowa \/ 9,90 z\u0142<\/p><\/div>\n<p>&nbsp;<\/p>\n<p>Pami\u0119tajmy jednak, \u017ce szczeg\u00f3ln\u0105 <strong>ostro\u017cno\u015b\u0107<\/strong> w stosowaniu kosmetyk\u00f3w z dodatkiem witaminy C musz\u0105 zachowa\u0107 osoby z bardzo wra\u017cliw\u0105 sk\u00f3r\u0105, poniewa\u017c w niekt\u00f3rych przypadkach mo\u017ce ona wywo\u0142ywa\u0107 podra\u017cnienia.<\/p>\n","protected":false},"excerpt":{"rendered":"<p>Witamina C to jedna z najwa\u017cniejszych witamin potrzebnych nam do \u017cycia i prawid\u0142owego funkcjonowania. Wzmacnia odporno\u015b\u0107, ma wp\u0142yw na zdrowie naszych z\u0119b\u00f3w i dzi\u0105se\u0142, a tak\u017ce jest bardzo wa\u017cna dla uk\u0142adu krwiono\u015bnego i naszego serca. Jest ona r\u00f3wnie\u017c istotnym sk\u0142adnikiem wielu kosmetyk\u00f3w. Gdzie mo\u017cemy j\u0105 znale\u017a\u0107 i dlaczego jest r\u00f3wnie wa\u017cna dla wygl\u0105du naszej sk\u00f3ry? [&hellip;]<\/p>\n","protected":false},"author":2,"featured_media":3358,"comment_status":"open","ping_status":"open","sticky":false,"template":"","format":"standard","meta":{"_et_pb_use_builder":"","_et_pb_old_content":"","_et_gb_content_width":"","footnotes":""},"categories":[185],"tags":[],"class_list":["post-3356","post","type-post","status-publish","format-standard","has-post-thumbnail","hentry","category-codzienna-pielegnacja","et-has-post-format-content","et_post_format-et-post-format-standard"],"_links":{"self":[{"href":"https:\/\/neness.pl\/blog\/wp-json\/wp\/v2\/posts\/3356","targetHints":{"allow":["GET"]}}],"collection":[{"href":"https:\/\/neness.pl\/blog\/wp-json\/wp\/v2\/posts"}],"about":[{"href":"https:\/\/neness.pl\/blog\/wp-json\/wp\/v2\/types\/post"}],"author":[{"embeddable":true,"href":"https:\/\/neness.pl\/blog\/wp-json\/wp\/v2\/users\/2"}],"replies":[{"embeddable":true,"href":"https:\/\/neness.pl\/blog\/wp-json\/wp\/v2\/comments?post=3356"}],"version-history":[{"count":0,"href":"https:\/\/neness.pl\/blog\/wp-json\/wp\/v2\/posts\/3356\/revisions"}],"wp:featuredmedia":[{"embeddable":true,"href":"https:\/\/neness.pl\/blog\/wp-json\/wp\/v2\/media\/3358"}],"wp:attachment":[{"href":"https:\/\/neness.pl\/blog\/wp-json\/wp\/v2\/media?parent=3356"}],"wp:term":[{"taxonomy":"category","embeddable":true,"href":"https:\/\/neness.pl\/blog\/wp-json\/wp\/v2\/categories?post=3356"},{"taxonomy":"post_tag","embeddable":true,"href":"https:\/\/neness.pl\/blog\/wp-json\/wp\/v2\/tags?post=3356"}],"curies":[{"name":"wp","href":"https:\/\/api.w.org\/{rel}","templated":true}]}}