{"id":3283,"date":"2017-09-05T11:54:28","date_gmt":"2017-09-05T09:54:28","guid":{"rendered":"http:\/\/ranking-kosmetykow.pl\/?p=3283"},"modified":"2017-09-05T11:54:28","modified_gmt":"2017-09-05T09:54:28","slug":"czym-jest-tajemnicze-paczuli","status":"publish","type":"post","link":"https:\/\/neness.pl\/blog\/czym-jest-tajemnicze-paczuli\/","title":{"rendered":"Czym jest tajemnicze paczuli?"},"content":{"rendered":"<p>Charakterystyczny zapach paczuli wykorzystywany jest w przemy\u015ble perfumeryjnym od bardzo dawna, jednak wci\u0105\u017c dla wielu z nas pozostaje tajemniczym i orientalnym sk\u0142adnikiem. Jak pachnie sam olejek paczuli, sk\u0105d pochodzi i w jakich kompozycjach zapachowych mo\u017cemy go najcz\u0119\u015bciej spotka\u0107? Zapraszamy do lektury.<\/p>\n<p>&nbsp;<\/p>\n<h3>Czym jest paczuli?<\/h3>\n<p>Nazwa <strong>paczuli<\/strong> brzmi bardzo egzotycznie i nic dziwnego \u2013 pochodzi ona bowiem z <strong>j\u0119zyka tamilskiego<\/strong> i oznacza \u2026 \u201ezielony li\u015b\u0107\u201d. Ro\u015blina ta pochodzi z rodziny jasnotowatych, a naturalnym \u015brodowiskiem jej wyst\u0119powania jest <strong>Azja<\/strong>, a dok\u0142adniej jej tropikalne rejony takie jak Filipiny, Archipelag Malajski i P\u00f3\u0142wysep Indochi\u0144ski.<\/p>\n<p>Sama ro\u015blina ma bardzo <strong>aromatyczne li\u015bcie<\/strong>, a w okresie jej kwitnienia pojawiaj\u0105 si\u0119 blador\u00f3\u017cowe lub bia\u0142e kwiaty. To w\u0142a\u015bnie zapach jej zielonych li\u015bci od dawien dawna wykorzystywany by\u0142 nie tylko w przemy\u015ble perfumeryjnym, ale r\u00f3wnie\u017c w aromaterapii i medycynie ludowej.<\/p>\n<p>Szczeg\u00f3ln\u0105 popularno\u015b\u0107 olejek, a co za tym idzie zapach paczuli, zdoby\u0142 w latach <strong>60. i 70. XX wieku<\/strong> i ch\u0119tnie u\u017cywany by\u0142 przez hipis\u00f3w! Nic dziwnego, jego charakterystyczny aromat wyj\u0105tkowo dobrze kojarzy si\u0119 z Indiami i Orientem.<\/p>\n<p>Sam olejek ma posta\u0107 <strong>g\u0119stego, jasno\u017c\u00f3\u0142tego<\/strong> lub bursztynowego <strong>p\u0142ynu<\/strong>.<\/p>\n<p>&nbsp;<\/p>\n<h3><\/h3>\n<p><img loading=\"lazy\" decoding=\"async\" class=\"wp-image-3287 aligncenter\" src=\"http:\/\/ranking-kosmetykow.pl\/wp-content\/uploads\/2017\/09\/Fotolia_100003982_Subscription_XL-800x1024.jpg\" alt=\"\" width=\"566\" height=\"724\" \/><\/p>\n<p>fotolia.com, #100003982 | Autor: spline_x<\/p>\n<h3><span style=\"color: #ffffff;\">.<\/span><\/h3>\n<h3>Jak pachnie paczuli?<\/h3>\n<p>Olejek eteryczny z paczuli otrzymuje si\u0119 w procesie <strong>fermentacji<\/strong>, a nast\u0119pnie destylacji parowej ro\u015bliny. Powsta\u0142y w ten spos\u00f3b olej ma bardzo <strong>charakterystyczny<\/strong>, a przez niekt\u00f3rych uwa\u017cany r\u00f3wnie\u017c za nieprzyjemny zapach \u2013 <strong>ziemisty, drzewny, dymny<\/strong>, a nawet nieco zat\u0119ch\u0142y. Mimo tego olejek z paczuli jest jednym z najpopularniejszych sk\u0142adnik\u00f3w, u\u017cywanych w produkcji perfum. Mo\u017cemy znale\u017a\u0107 je bardzo du\u017cej cz\u0119\u015bci perfum damskich i niemal po\u0142owie zapach\u00f3w dla m\u0119\u017cczyzn. Na cz\u0119stotliwo\u015b\u0107 stosowania olejku z paczuli wp\u0142yw ma jeszcze jedna charakterystyczna dla niego w\u0142a\u015bciwo\u015b\u0107 \u2013 ma on <strong>zdolno\u015b\u0107 utrwalania innych zapach\u00f3w<\/strong>, a dodatkowo dodaje kompozycjom zapachowym \u015bwie\u017co\u015bci.<\/p>\n<p>Olejek z paczuli najcz\u0119\u015bciej spotka\u0107 mo\u017cemy w kompozycjach <strong>orientalnych<\/strong> i <strong>szyprowych<\/strong>. \u015awietnie \u0142\u0105czy si\u0119 z drzewem sanda\u0142owym i cedrowym, ale tak\u017ce z korzennymi go\u017adzikami, lawend\u0105, r\u00f3\u017c\u0105, a nawet cytrusow\u0105 bergamotk\u0105. Zazwyczaj znajdziemy go w <strong>bazowych nutach perfum<\/strong>.<\/p>\n<p>Ponadto sam olejek z paczuli ma r\u00f3wnie\u017c szerokie zastosowanie w przemy\u015ble kosmetycznym, a tak\u017ce uznawany jest za <strong>afrodyzjak<\/strong>.<\/p>\n<p>&nbsp;<\/p>\n<h3>Perfumy z paczuli<\/h3>\n<p>Jak ju\u017c wspominali\u015bmy, olejek paczuli jest bardzo wa\u017cnym sk\u0142adnikiem wykorzystywanym w <strong>przemy\u015ble perfumeryjnym<\/strong>, dlatego te\u017c jego aromat znajdziemy w bardzo wielu zapachach. Dzi\u015b postanowili\u015bmy przedstawi\u0107 nasze ulubione.<\/p>\n<p><strong><a href=\"https:\/\/neness.pl\/perfumy_damskie\/calvin_klein\/88_ck_eternity.html\">Calvin Klein Eternity<\/a><\/strong> to \u015bwie\u017ca, egzotyczna mieszanka kwiat\u00f3w, zi\u00f3\u0142 i owoc\u00f3w, kt\u00f3rych aromat przywodzi na my\u015bl letni\u0105 \u0142\u0105k\u0119 w upalny dzie\u0144. Ca\u0142o\u015b\u0107 dope\u0142niona jest aromatem przypraw i charakterystycznym olejkiem paczuli, kt\u00f3ry dba o trwa\u0142o\u015b\u0107 zapachu. Perfumy idealne dla romantyczek, \u015bwietnie podkre\u015bl\u0105 delikatno\u015b\u0107 i dodadz\u0105 magii ka\u017cdej chwili.<\/p>\n\n\t\t<style type=\"text\/css\">\n\t\t\t#gallery-1 {\n\t\t\t\tmargin: auto;\n\t\t\t}\n\t\t\t#gallery-1 .gallery-item {\n\t\t\t\tfloat: left;\n\t\t\t\tmargin-top: 10px;\n\t\t\t\ttext-align: center;\n\t\t\t\twidth: 50%;\n\t\t\t}\n\t\t\t#gallery-1 img {\n\t\t\t\tborder: 2px solid #cfcfcf;\n\t\t\t}\n\t\t\t#gallery-1 .gallery-caption {\n\t\t\t\tmargin-left: 0;\n\t\t\t}\n\t\t\t\/* see gallery_shortcode() in wp-includes\/media.php *\/\n\t\t<\/style>\n\t\t<div id='gallery-1' class='gallery galleryid-3283 gallery-columns-2 gallery-size-full'><dl class='gallery-item'>\n\t\t\t<dt class='gallery-icon portrait'>\n\t\t\t\t<a href='https:\/\/neness.pl\/blog\/830af16eda623e56631a4433038cc25c-3\/'><img loading=\"lazy\" decoding=\"async\" width=\"750\" height=\"1000\" src=\"https:\/\/neness.pl\/blog\/wp-content\/uploads\/2017\/09\/830af16eda623e56631a4433038cc25c.jpg\" class=\"attachment-full size-full\" alt=\"\" aria-describedby=\"gallery-1-3289\" srcset=\"https:\/\/neness.pl\/blog\/wp-content\/uploads\/2017\/09\/830af16eda623e56631a4433038cc25c.jpg 750w, https:\/\/neness.pl\/blog\/wp-content\/uploads\/2017\/09\/830af16eda623e56631a4433038cc25c-225x300.jpg 225w, https:\/\/neness.pl\/blog\/wp-content\/uploads\/2017\/09\/830af16eda623e56631a4433038cc25c-610x813.jpg 610w\" sizes=\"auto, (max-width: 750px) 100vw, 750px\" \/><\/a>\n\t\t\t<\/dt>\n\t\t\t\t<dd class='wp-caption-text gallery-caption' id='gallery-1-3289'>\n\t\t\t\tCalvin Klein Eternity\n\t\t\t\t<\/dd><\/dl><dl class='gallery-item'>\n\t\t\t<dt class='gallery-icon portrait'>\n\t\t\t\t<a href='https:\/\/neness.pl\/blog\/85c5c74a11f166f7a311283abc349f3c-3\/'><img loading=\"lazy\" decoding=\"async\" width=\"750\" height=\"1000\" src=\"https:\/\/neness.pl\/blog\/wp-content\/uploads\/2017\/09\/85c5c74a11f166f7a311283abc349f3c.jpg\" class=\"attachment-full size-full\" alt=\"\" aria-describedby=\"gallery-1-3288\" srcset=\"https:\/\/neness.pl\/blog\/wp-content\/uploads\/2017\/09\/85c5c74a11f166f7a311283abc349f3c.jpg 750w, https:\/\/neness.pl\/blog\/wp-content\/uploads\/2017\/09\/85c5c74a11f166f7a311283abc349f3c-225x300.jpg 225w, https:\/\/neness.pl\/blog\/wp-content\/uploads\/2017\/09\/85c5c74a11f166f7a311283abc349f3c-610x813.jpg 610w\" sizes=\"auto, (max-width: 750px) 100vw, 750px\" \/><\/a>\n\t\t\t<\/dt>\n\t\t\t\t<dd class='wp-caption-text gallery-caption' id='gallery-1-3288'>\n\t\t\t\tPerfumetka inspirowana Calvin Klein Eternity \/ 12,00 z\u0142\n\t\t\t\t<\/dd><\/dl><br style=\"clear: both\" \/>\n\t\t<\/div>\n\n<p><span style=\"color: #ffffff;\">.<\/span><\/p>\n<p><strong>Nuty<\/strong>\u00a0<strong>zapachowe<\/strong>:<\/p>\n<p><strong>nuta<\/strong>\u00a0<strong>g\u0142owy<\/strong>: mandarynka, frezja, sza\u0142wia,<\/p>\n<p><strong>nuta<\/strong>\u00a0<strong>serca<\/strong>: lilia, go\u017adzik, ja\u015bmin, fio\u0142ek, aksamitka, konwalia, r\u00f3\u017ca, narcyz,<\/p>\n<p><strong>nuta<\/strong>\u00a0<strong>g\u0142\u0119bi<\/strong>: drzewo sanda\u0142owe, ambra, paczuli, pi\u017cmo, heliotrop.<\/p>\n<p>&nbsp;<\/p>\n<p><strong><a href=\"https:\/\/neness.pl\/perfumy_damskie\/lancome\/136_lancome_la_vie_est_belle.html\">Lancome La Vie Est Belle<\/a><\/strong>\u00a0to, jak sama nazwa wskazuje, perfumy nios\u0105ce rado\u015b\u0107 \u017cycia, podkre\u015blaj\u0105ce zmys\u0142owo\u015b\u0107 i kobieco\u015b\u0107. Ten wyj\u0105tkowy zapach to kompozycja owoc\u00f3w: gruszki i porzeczki, kt\u00f3ra \u0142\u0105czy si\u0119 z kwiatem pomara\u0144czy i ja\u015bminu, a ca\u0142o\u015b\u0107 podkre\u015bla charakterystyczny b\u00f3b Tonka i orientalny olejek paczuli.<\/p>\n\n\t\t<style type=\"text\/css\">\n\t\t\t#gallery-2 {\n\t\t\t\tmargin: auto;\n\t\t\t}\n\t\t\t#gallery-2 .gallery-item {\n\t\t\t\tfloat: left;\n\t\t\t\tmargin-top: 10px;\n\t\t\t\ttext-align: center;\n\t\t\t\twidth: 50%;\n\t\t\t}\n\t\t\t#gallery-2 img {\n\t\t\t\tborder: 2px solid #cfcfcf;\n\t\t\t}\n\t\t\t#gallery-2 .gallery-caption {\n\t\t\t\tmargin-left: 0;\n\t\t\t}\n\t\t\t\/* see gallery_shortcode() in wp-includes\/media.php *\/\n\t\t<\/style>\n\t\t<div id='gallery-2' class='gallery galleryid-3283 gallery-columns-2 gallery-size-full'><dl class='gallery-item'>\n\t\t\t<dt class='gallery-icon portrait'>\n\t\t\t\t<a href='https:\/\/neness.pl\/blog\/dfd96a2bf5a91ce0cc34273f13ee66a9\/'><img loading=\"lazy\" decoding=\"async\" width=\"750\" height=\"1000\" src=\"https:\/\/neness.pl\/blog\/wp-content\/uploads\/2017\/09\/dfd96a2bf5a91ce0cc34273f13ee66a9.jpg\" class=\"attachment-full size-full\" alt=\"\" aria-describedby=\"gallery-2-3291\" srcset=\"https:\/\/neness.pl\/blog\/wp-content\/uploads\/2017\/09\/dfd96a2bf5a91ce0cc34273f13ee66a9.jpg 750w, https:\/\/neness.pl\/blog\/wp-content\/uploads\/2017\/09\/dfd96a2bf5a91ce0cc34273f13ee66a9-225x300.jpg 225w, https:\/\/neness.pl\/blog\/wp-content\/uploads\/2017\/09\/dfd96a2bf5a91ce0cc34273f13ee66a9-610x813.jpg 610w\" sizes=\"auto, (max-width: 750px) 100vw, 750px\" \/><\/a>\n\t\t\t<\/dt>\n\t\t\t\t<dd class='wp-caption-text gallery-caption' id='gallery-2-3291'>\n\t\t\t\tLancome La Vie Est Belle\n\t\t\t\t<\/dd><\/dl><dl class='gallery-item'>\n\t\t\t<dt class='gallery-icon portrait'>\n\t\t\t\t<a href='https:\/\/neness.pl\/blog\/91e68b51a9cac03b0f65e77fe63c11eb\/'><img loading=\"lazy\" decoding=\"async\" width=\"750\" height=\"1000\" src=\"https:\/\/neness.pl\/blog\/wp-content\/uploads\/2017\/09\/91e68b51a9cac03b0f65e77fe63c11eb.jpg\" class=\"attachment-full size-full\" alt=\"\" aria-describedby=\"gallery-2-3290\" srcset=\"https:\/\/neness.pl\/blog\/wp-content\/uploads\/2017\/09\/91e68b51a9cac03b0f65e77fe63c11eb.jpg 750w, https:\/\/neness.pl\/blog\/wp-content\/uploads\/2017\/09\/91e68b51a9cac03b0f65e77fe63c11eb-225x300.jpg 225w, https:\/\/neness.pl\/blog\/wp-content\/uploads\/2017\/09\/91e68b51a9cac03b0f65e77fe63c11eb-610x813.jpg 610w\" sizes=\"auto, (max-width: 750px) 100vw, 750px\" \/><\/a>\n\t\t\t<\/dt>\n\t\t\t\t<dd class='wp-caption-text gallery-caption' id='gallery-2-3290'>\n\t\t\t\tPerfumetka inspirowana Lancome La Vie Est Belle \/ 12,00 z\u0142\n\t\t\t\t<\/dd><\/dl><br style=\"clear: both\" \/>\n\t\t<\/div>\n\n<p><span style=\"color: #ffffff;\">.<\/span><\/p>\n<p><strong>Nuty<\/strong>\u00a0<strong>zapachowe<\/strong>:<\/p>\n<p><strong>nuta<\/strong>\u00a0<strong>g\u0142owy<\/strong>: czarna porzeczka, gruszka,<\/p>\n<p><strong>nuta<\/strong>\u00a0<strong>serca<\/strong>: irys, ja\u015bmin, kwiat pomara\u0144czy,<\/p>\n<p><strong>nuta<\/strong>\u00a0<strong>g\u0142\u0119bi<\/strong>: paczuli, b\u00f3b Tonka, praliny, wanilia.<\/p>\n<p>Szukacie sprawdzonego miejsca, w kt\u00f3rym mo\u017cecie kupi\u0107 <a href=\"https:\/\/neness.pl\/\">perfumy online<\/a>? Zapraszamy do naszej perfumerii internetowej Neness. Znajdziecie tam wszystkie wymienione w artykule zapachy i wiele innych, kt\u00f3re na pewno zachwyc\u0105 ka\u017cdego. Zapraszamy!<\/p>\n","protected":false},"excerpt":{"rendered":"<p>Charakterystyczny zapach paczuli wykorzystywany jest w przemy\u015ble perfumeryjnym od bardzo dawna, jednak wci\u0105\u017c dla wielu z nas pozostaje tajemniczym i orientalnym sk\u0142adnikiem. Jak pachnie sam olejek paczuli, sk\u0105d pochodzi i w jakich kompozycjach zapachowych mo\u017cemy go najcz\u0119\u015bciej spotka\u0107? Zapraszamy do lektury. &nbsp; Czym jest paczuli? Nazwa paczuli brzmi bardzo egzotycznie i nic dziwnego \u2013 pochodzi [&hellip;]<\/p>\n","protected":false},"author":2,"featured_media":3284,"comment_status":"open","ping_status":"open","sticky":false,"template":"","format":"standard","meta":{"_et_pb_use_builder":"","_et_pb_old_content":"","_et_gb_content_width":"","footnotes":""},"categories":[19],"tags":[],"class_list":["post-3283","post","type-post","status-publish","format-standard","has-post-thumbnail","hentry","category-zachwycaj-zapachem","et-has-post-format-content","et_post_format-et-post-format-standard"],"_links":{"self":[{"href":"https:\/\/neness.pl\/blog\/wp-json\/wp\/v2\/posts\/3283","targetHints":{"allow":["GET"]}}],"collection":[{"href":"https:\/\/neness.pl\/blog\/wp-json\/wp\/v2\/posts"}],"about":[{"href":"https:\/\/neness.pl\/blog\/wp-json\/wp\/v2\/types\/post"}],"author":[{"embeddable":true,"href":"https:\/\/neness.pl\/blog\/wp-json\/wp\/v2\/users\/2"}],"replies":[{"embeddable":true,"href":"https:\/\/neness.pl\/blog\/wp-json\/wp\/v2\/comments?post=3283"}],"version-history":[{"count":0,"href":"https:\/\/neness.pl\/blog\/wp-json\/wp\/v2\/posts\/3283\/revisions"}],"wp:featuredmedia":[{"embeddable":true,"href":"https:\/\/neness.pl\/blog\/wp-json\/wp\/v2\/media\/3284"}],"wp:attachment":[{"href":"https:\/\/neness.pl\/blog\/wp-json\/wp\/v2\/media?parent=3283"}],"wp:term":[{"taxonomy":"category","embeddable":true,"href":"https:\/\/neness.pl\/blog\/wp-json\/wp\/v2\/categories?post=3283"},{"taxonomy":"post_tag","embeddable":true,"href":"https:\/\/neness.pl\/blog\/wp-json\/wp\/v2\/tags?post=3283"}],"curies":[{"name":"wp","href":"https:\/\/api.w.org\/{rel}","templated":true}]}}