{"id":3220,"date":"2017-08-31T14:37:41","date_gmt":"2017-08-31T12:37:41","guid":{"rendered":"http:\/\/ranking-kosmetykow.pl\/?p=3220"},"modified":"2017-08-31T14:37:41","modified_gmt":"2017-08-31T12:37:41","slug":"jak-przedluzyc-trwalosc-makijazu","status":"publish","type":"post","link":"https:\/\/neness.pl\/blog\/jak-przedluzyc-trwalosc-makijazu\/","title":{"rendered":"Jak przed\u0142u\u017cy\u0107 trwa\u0142o\u015b\u0107 makija\u017cu?"},"content":{"rendered":"<p>Bardzo wiele czasu po\u015bwi\u0119camy na to, by wykonywany przez nas makija\u017c wygl\u0105da\u0142 zjawiskowo. Niestety, bardzo szybko upa\u0142 i wilgo\u0107 sprawiaj\u0105, \u017ce nasze dzie\u0142o mo\u017ce dos\u0142ownie sp\u0142yn\u0105\u0107 z twarzy.<br \/>\nNa szcz\u0119\u015bcie istnieje kilka czynno\u015bci, kt\u00f3re mo\u017cemy w\u0142\u0105czy\u0107 do naszego codziennego makija\u017cu, kt\u00f3re pomog\u0105 przed\u0142u\u017cy\u0107 jego trwa\u0142o\u015b\u0107 i sprawi\u0107, \u017ce nasza twarz b\u0119dzie pi\u0119knie wygl\u0105da\u0107 przez ca\u0142y dzie\u0144.<\/p>\n<p>&nbsp;<\/p>\n<h3>Po pierwsze: przygotuj twarz<\/h3>\n<p>Chyba ka\u017cdy z nas zna zasad\u0119, \u017ce olej nie miesza si\u0119 z wod\u0105. Ta sama regu\u0142a dotyczy r\u00f3wnie\u017c naszych twarzy. T\u0142usta warstwa na sk\u00f3rze sprawi, \u017ce makija\u017c <strong>sp\u0142ynie<\/strong> z niej szybciej, ni\u017c mog\u0142oby si\u0119 wydawa\u0107.<\/p>\n<p>Dlatego, je\u015bli zale\u017cy nam na trwa\u0142o\u015bci, musimy <strong>przygotowa\u0107<\/strong> odpowiednio twarz, jeszcze zanim zaczniemy j\u0105 malowa\u0107. W pierwszej kolejno\u015bci musimy j\u0105 dobrze oczy\u015bci\u0107. W tym celu u\u017cyjmy \u017celu do mycia twarzy lub p\u0142ynu micelarnego. Nast\u0119pnie na\u0142\u00f3\u017cmy na sk\u00f3r\u0119 <strong>lekki krem<\/strong> nawil\u017caj\u0105cy z filtrem, najlepiej na bazie wody, kt\u00f3ry szybko si\u0119 wch\u0142onie i nie pozostawi na sk\u00f3rze t\u0142ustego filmu. Odczekajmy kilka minut, by kosmetyk dobrze si\u0119 wch\u0142on\u0105\u0142.<\/p>\n<p>&nbsp;<\/p>\n<div id=\"attachment_3223\" style=\"width: 663px\" class=\"wp-caption aligncenter\"><a href=\"https:\/\/neness.pl\/kosmetyki\/pielegnacja_twarzy\/kremy\/dermacol_aqua_beauty_moisturizing_nawilzajacy_gel-cream.html\"><img loading=\"lazy\" decoding=\"async\" aria-describedby=\"caption-attachment-3223\" class=\" wp-image-3223\" src=\"http:\/\/ranking-kosmetykow.pl\/wp-content\/uploads\/2017\/08\/ac0b3a00648408144bd1439d9c10c001.jpg\" alt=\"\" width=\"653\" height=\"871\" srcset=\"https:\/\/neness.pl\/blog\/wp-content\/uploads\/2017\/08\/ac0b3a00648408144bd1439d9c10c001.jpg 750w, https:\/\/neness.pl\/blog\/wp-content\/uploads\/2017\/08\/ac0b3a00648408144bd1439d9c10c001-225x300.jpg 225w, https:\/\/neness.pl\/blog\/wp-content\/uploads\/2017\/08\/ac0b3a00648408144bd1439d9c10c001-610x813.jpg 610w\" sizes=\"auto, (max-width: 653px) 100vw, 653px\" \/><\/a><p id=\"caption-attachment-3223\" class=\"wp-caption-text\">Dermacol Aqua Beauty Moisturizing Nawil\u017caj\u0105cy Gel-Cream \/ 31,50 z\u0142<\/p><\/div>\n<p>&nbsp;<\/p>\n<h3><span style=\"color: #ffffff;\">\u00a0.<\/span><\/h3>\n<h3>Krok drugi: odpowiednia baza<\/h3>\n<p>Podczas robienia manicure zawsze pierwsz\u0105 warstw\u0105, jak\u0105 nak\u0142adamy, jest przezroczysta baza, kt\u00f3ra przed\u0142u\u017ca trwa\u0142o\u015b\u0107 lakieru. Podobnie powinny\u015bmy post\u0105pi\u0107, je\u015bli zale\u017cy nam, by makija\u017c utrzyma\u0142 si\u0119 na twarzy przez ca\u0142y dzie\u0144.<\/p>\n<p>&nbsp;<\/p>\n<div id=\"attachment_3224\" style=\"width: 679px\" class=\"wp-caption aligncenter\"><a href=\"https:\/\/neness.pl\/kosmetyki\/twarz\/bazy_pod_makijaz\/dermacol_matt_control_base_matujaca_baza_pod_makijaz.html\"><img loading=\"lazy\" decoding=\"async\" aria-describedby=\"caption-attachment-3224\" class=\" wp-image-3224\" src=\"http:\/\/ranking-kosmetykow.pl\/wp-content\/uploads\/2017\/08\/651f4aac2bec6f029fe17143942751a0.png\" alt=\"\" width=\"669\" height=\"892\" srcset=\"https:\/\/neness.pl\/blog\/wp-content\/uploads\/2017\/08\/651f4aac2bec6f029fe17143942751a0.png 750w, https:\/\/neness.pl\/blog\/wp-content\/uploads\/2017\/08\/651f4aac2bec6f029fe17143942751a0-225x300.png 225w, https:\/\/neness.pl\/blog\/wp-content\/uploads\/2017\/08\/651f4aac2bec6f029fe17143942751a0-610x813.png 610w\" sizes=\"auto, (max-width: 669px) 100vw, 669px\" \/><\/a><p id=\"caption-attachment-3224\" class=\"wp-caption-text\">Dermacol Matt Control Base Matuj\u0105ca Baza Pod Makija\u017c \/ 25.50 z\u0142<\/p><\/div>\n<p><span style=\"color: #ffffff;\">.<\/span><\/p>\n<p>Dobrze dobrany kosmetyk tego typu wype\u0142ni pory, zmatowi problematyczn\u0105 stref\u0119 T i sprawi, \u017ce na\u0142o\u017cony na <strong>baz\u0119<\/strong> podk\u0142ad b\u0119dzie wygl\u0105da\u0142 du\u017co lepiej i utrzyma si\u0119 na sk\u00f3rze d\u0142u\u017cej.<\/p>\n<p>&nbsp;<\/p>\n<h3>Wybierz w\u0142a\u015bciwe produkty<\/h3>\n<p>Je\u017celi nasz makija\u017c ma wytrzyma\u0107 ca\u0142onocn\u0105 imprez\u0119, tak\u0105 jak na przyk\u0142ad wesele lub ci\u0119\u017cki dzie\u0144 w pracy si\u0119gnijmy po odpowiednie produkty. Na pewno jego trwa\u0142o\u015b\u0107 przed\u0142u\u017c\u0105 kosmetyki <strong>wodoodporne<\/strong> lub takie z formu\u0142\u0105 <strong>\u201elong-lasting\u201d<\/strong>.<\/p>\n<p>&nbsp;<\/p>\n<div id=\"attachment_3226\" style=\"width: 652px\" class=\"wp-caption aligncenter\"><a href=\"https:\/\/neness.pl\/kosmetyki\/twarz\/podklady_i_pudry\/dermacol_04_dlugotrwaly_matujacy_podklad_wodoodporny_matt_control.html\"><img loading=\"lazy\" decoding=\"async\" aria-describedby=\"caption-attachment-3226\" class=\" wp-image-3226\" src=\"http:\/\/ranking-kosmetykow.pl\/wp-content\/uploads\/2017\/08\/65c85e1e34cc4a349c72f8c88df9c862.png\" alt=\"\" width=\"642\" height=\"856\" srcset=\"https:\/\/neness.pl\/blog\/wp-content\/uploads\/2017\/08\/65c85e1e34cc4a349c72f8c88df9c862.png 750w, https:\/\/neness.pl\/blog\/wp-content\/uploads\/2017\/08\/65c85e1e34cc4a349c72f8c88df9c862-225x300.png 225w, https:\/\/neness.pl\/blog\/wp-content\/uploads\/2017\/08\/65c85e1e34cc4a349c72f8c88df9c862-610x813.png 610w\" sizes=\"auto, (max-width: 642px) 100vw, 642px\" \/><\/a><p id=\"caption-attachment-3226\" class=\"wp-caption-text\">Dermacol D\u0142ugotrwa\u0142y Matuj\u0105cy Podk\u0142ad Wodoodporny Matt Control \/ 27,99 z\u0142<\/p><\/div>\n<p><span style=\"color: #ffffff;\">.<\/span><\/p>\n<p>Nak\u0142adajmy je <strong>cienkimi warstwami<\/strong> i w ten spos\u00f3b budujmy krycie. Je\u015bli warstwy b\u0119d\u0105 za grube, na naszej twarzy mo\u017ce powsta\u0107 nieestetyczne ciastko lub ca\u0142y makija\u017c po prostu sp\u0142ynie.<br \/>\nKoniecznie u\u017cyjmy te\u017c wodoodpornych kosmetyk\u00f3w do <strong>makija\u017cu oczu<\/strong>. Unikniemy w ten spos\u00f3b \u201epandy\u201d pod okiem i na pewno nic nam si\u0119 nie rozma\u017ce.<\/p>\n<p>&nbsp;<\/p>\n<h3>Utrwal makija\u017c<\/h3>\n<p>W\u0142a\u015bciwe <strong>utrwalenie<\/strong> makija\u017cu jest niemal tak wa\u017cne, jak w\u0142a\u015bciwa technika jego nak\u0142adania. Pami\u0119taj, by podk\u0142ad i korektor oraz wszystkie kremowe produkty, kt\u00f3re na\u0142o\u017cy\u0142a\u015b na twarz na koniec <strong>przypudrowa\u0107<\/strong>. W tym celu u\u017cyj sypkiego transparentnego pudru, kt\u00f3ry nie tylko utrwali podk\u0142ad, ale sprawi te\u017c, \u017ce twarz pozostanie na d\u0142u\u017cej matowa.<\/p>\n<p>&nbsp;<\/p>\n<div id=\"attachment_3227\" style=\"width: 624px\" class=\"wp-caption aligncenter\"><a href=\"https:\/\/neness.pl\/kosmetyki\/twarz\/podklady_i_pudry\/revolution_puder_matujacy_baking_powder_ghost_finish.html\"><img loading=\"lazy\" decoding=\"async\" aria-describedby=\"caption-attachment-3227\" class=\" wp-image-3227\" src=\"http:\/\/ranking-kosmetykow.pl\/wp-content\/uploads\/2017\/08\/3a8bcb295b970eda00d719deecf1ce90.jpg\" alt=\"\" width=\"614\" height=\"819\" srcset=\"https:\/\/neness.pl\/blog\/wp-content\/uploads\/2017\/08\/3a8bcb295b970eda00d719deecf1ce90.jpg 750w, https:\/\/neness.pl\/blog\/wp-content\/uploads\/2017\/08\/3a8bcb295b970eda00d719deecf1ce90-225x300.jpg 225w, https:\/\/neness.pl\/blog\/wp-content\/uploads\/2017\/08\/3a8bcb295b970eda00d719deecf1ce90-610x813.jpg 610w\" sizes=\"auto, (max-width: 614px) 100vw, 614px\" \/><\/a><p id=\"caption-attachment-3227\" class=\"wp-caption-text\">Revolution Puder Matuj\u0105cy Baking Powder Ghost Finish \/ 23,90 z\u0142<\/p><\/div>\n<p><span style=\"color: #ffffff;\">.<\/span><\/p>\n<p>Warto r\u00f3wnie\u017c na koniec spryska\u0107 twarz <strong>mgie\u0142k\u0105 utrwalaj\u0105c\u0105<\/strong>. Tutaj zdecydowa\u0107 mo\u017cemy si\u0119 na profesjonalny spray, nazywany fixerem lub u\u017cy\u0107 wody termalnej. Scali ona wszystkie warstwy i sprawi, \u017ce makija\u017c b\u0119dzie wygl\u0105da\u0142 naturalnie, bez efektu pudrowo\u015bci.<\/p>\n<p>&nbsp;<\/p>\n<h3><\/h3>\n<div id=\"attachment_3229\" style=\"width: 654px\" class=\"wp-caption aligncenter\"><a href=\"https:\/\/neness.pl\/kosmetyki\/twarz\/podklady_i_pudry\/revolution_utrwalacz_makijazu_pro_fix_oil_control.html\"><img loading=\"lazy\" decoding=\"async\" aria-describedby=\"caption-attachment-3229\" class=\" wp-image-3229\" src=\"http:\/\/ranking-kosmetykow.pl\/wp-content\/uploads\/2017\/08\/ebcb5c1d5e4bd3738ff1784fec25b9ec.jpg\" alt=\"\" width=\"644\" height=\"859\" srcset=\"https:\/\/neness.pl\/blog\/wp-content\/uploads\/2017\/08\/ebcb5c1d5e4bd3738ff1784fec25b9ec.jpg 750w, https:\/\/neness.pl\/blog\/wp-content\/uploads\/2017\/08\/ebcb5c1d5e4bd3738ff1784fec25b9ec-225x300.jpg 225w, https:\/\/neness.pl\/blog\/wp-content\/uploads\/2017\/08\/ebcb5c1d5e4bd3738ff1784fec25b9ec-610x813.jpg 610w\" sizes=\"auto, (max-width: 644px) 100vw, 644px\" \/><\/a><p id=\"caption-attachment-3229\" class=\"wp-caption-text\">Revolution Utrwalacz Makija\u017cu Pro Fix Oil Control \/ 25,90 z\u0142<\/p><\/div>\n<h3><span style=\"color: #ffffff;\">\u00a0.<\/span><\/h3>\n<h3>Zabierz ze sob\u0105 niezb\u0119dne kosmetyki<\/h3>\n<p>Przygotuj si\u0119 na to, \u017ce mimo wszystkich powy\u017cszych zabieg\u00f3w <strong>drobne poprawki<\/strong> w ci\u0105gu dnia mog\u0105 okaza\u0107 si\u0119 niezb\u0119dne. Warto zawsze mie\u0107 ze sob\u0105 <strong>bibu\u0142ki matuj\u0105ce<\/strong>, kt\u00f3re pomog\u0105 zmatowi\u0107 sk\u00f3r\u0119 w ci\u0105gu dnia oraz <strong>puder w kompakcie<\/strong> do drobnych poprawek (pami\u0119taj jednak, by zawsze nak\u0142ada\u0107 go na twarz po zdj\u0119ciu nadmiaru sebum bibu\u0142k\u0105, inaczej powstanie na twarzy nieestetyczne ciacho). Dobrze jest wzi\u0105\u0107 ze sob\u0105 pomadk\u0119, by poprawi\u0107 makija\u017c ust po jedzeniu i piciu w ci\u0105gu dnia.<\/p>\n<p>&nbsp;<\/p>\n<div id=\"attachment_3228\" style=\"width: 626px\" class=\"wp-caption aligncenter\"><a href=\"https:\/\/neness.pl\/kosmetyki\/twarz\/podklady_i_pudry\/dermacol_puder_matujacy_compact_powder_01.html \/ \"><img loading=\"lazy\" decoding=\"async\" aria-describedby=\"caption-attachment-3228\" class=\" wp-image-3228\" src=\"http:\/\/ranking-kosmetykow.pl\/wp-content\/uploads\/2017\/08\/33abb2de126e7e34a64df3ce3509cd00.png\" alt=\"\" width=\"616\" height=\"821\" srcset=\"https:\/\/neness.pl\/blog\/wp-content\/uploads\/2017\/08\/33abb2de126e7e34a64df3ce3509cd00.png 750w, https:\/\/neness.pl\/blog\/wp-content\/uploads\/2017\/08\/33abb2de126e7e34a64df3ce3509cd00-225x300.png 225w, https:\/\/neness.pl\/blog\/wp-content\/uploads\/2017\/08\/33abb2de126e7e34a64df3ce3509cd00-610x813.png 610w\" sizes=\"auto, (max-width: 616px) 100vw, 616px\" \/><\/a><p id=\"caption-attachment-3228\" class=\"wp-caption-text\">Dermacol Puder Matuj\u0105cy Compact Powder \/ 24,80 z\u0142<\/p><\/div>\n<p><span style=\"color: #ffffff;\">.<\/span><\/p>\n<h3>Nie dotykaj twarzy!<\/h3>\n<p>Czy wiesz, \u017ce to w\u0142a\u015bnie ci\u0105g\u0142e <strong>dotykanie twarzy<\/strong> w ci\u0105gu dnia jest g\u0142\u00f3wnym powodem tego, \u017ce makija\u017c szybko z niej znika? Pami\u0119taj r\u00f3wnie\u017c, \u017ce na naszych d\u0142oniach zbiera si\u0119 mn\u00f3stwo zarazk\u00f3w, kt\u00f3re mog\u0105 by\u0107 przyczyn\u0105 powstawania niedoskona\u0142o\u015bci na delikatnej sk\u00f3rze twarzy. Dlatego w ci\u0105gu dnia lepiej trzymajmy d\u0142onie z daleka o twarzy!<\/p>\n","protected":false},"excerpt":{"rendered":"<p>Bardzo wiele czasu po\u015bwi\u0119camy na to, by wykonywany przez nas makija\u017c wygl\u0105da\u0142 zjawiskowo. Niestety, bardzo szybko upa\u0142 i wilgo\u0107 sprawiaj\u0105, \u017ce nasze dzie\u0142o mo\u017ce dos\u0142ownie sp\u0142yn\u0105\u0107 z twarzy. Na szcz\u0119\u015bcie istnieje kilka czynno\u015bci, kt\u00f3re mo\u017cemy w\u0142\u0105czy\u0107 do naszego codziennego makija\u017cu, kt\u00f3re pomog\u0105 przed\u0142u\u017cy\u0107 jego trwa\u0142o\u015b\u0107 i sprawi\u0107, \u017ce nasza twarz b\u0119dzie pi\u0119knie wygl\u0105da\u0107 przez ca\u0142y [&hellip;]<\/p>\n","protected":false},"author":2,"featured_media":3221,"comment_status":"open","ping_status":"open","sticky":false,"template":"","format":"standard","meta":{"_et_pb_use_builder":"","_et_pb_old_content":"","_et_gb_content_width":"","footnotes":""},"categories":[41],"tags":[],"class_list":["post-3220","post","type-post","status-publish","format-standard","has-post-thumbnail","hentry","category-olsniewaj-makijazem","et-has-post-format-content","et_post_format-et-post-format-standard"],"_links":{"self":[{"href":"https:\/\/neness.pl\/blog\/wp-json\/wp\/v2\/posts\/3220","targetHints":{"allow":["GET"]}}],"collection":[{"href":"https:\/\/neness.pl\/blog\/wp-json\/wp\/v2\/posts"}],"about":[{"href":"https:\/\/neness.pl\/blog\/wp-json\/wp\/v2\/types\/post"}],"author":[{"embeddable":true,"href":"https:\/\/neness.pl\/blog\/wp-json\/wp\/v2\/users\/2"}],"replies":[{"embeddable":true,"href":"https:\/\/neness.pl\/blog\/wp-json\/wp\/v2\/comments?post=3220"}],"version-history":[{"count":0,"href":"https:\/\/neness.pl\/blog\/wp-json\/wp\/v2\/posts\/3220\/revisions"}],"wp:featuredmedia":[{"embeddable":true,"href":"https:\/\/neness.pl\/blog\/wp-json\/wp\/v2\/media\/3221"}],"wp:attachment":[{"href":"https:\/\/neness.pl\/blog\/wp-json\/wp\/v2\/media?parent=3220"}],"wp:term":[{"taxonomy":"category","embeddable":true,"href":"https:\/\/neness.pl\/blog\/wp-json\/wp\/v2\/categories?post=3220"},{"taxonomy":"post_tag","embeddable":true,"href":"https:\/\/neness.pl\/blog\/wp-json\/wp\/v2\/tags?post=3220"}],"curies":[{"name":"wp","href":"https:\/\/api.w.org\/{rel}","templated":true}]}}