{"id":3210,"date":"2017-08-30T15:07:22","date_gmt":"2017-08-30T13:07:22","guid":{"rendered":"http:\/\/ranking-kosmetykow.pl\/?p=3210"},"modified":"2017-08-30T15:07:22","modified_gmt":"2017-08-30T13:07:22","slug":"skora-nastolatki-jak-o-nia-zadbac","status":"publish","type":"post","link":"https:\/\/neness.pl\/blog\/skora-nastolatki-jak-o-nia-zadbac\/","title":{"rendered":"Sk\u00f3ra nastolatki &#8211; jak o ni\u0105 zadba\u0107?"},"content":{"rendered":"<p>Cera nastolatki kojarzy si\u0119 przede wszystkim z <strong>tr\u0105dzikiem m\u0142odzie\u0144czym<\/strong>. Spowodowane jest to<strong> burz\u0105 hormon\u00f3w<\/strong>, kt\u00f3ra przebiega w m\u0142odym, dojrzewaj\u0105cym organizmie. Jej efekty mo\u017cemy zaobserwowa\u0107 na cerze, na kt\u00f3rej cz\u0119sto pojawiaj\u0105 si\u0119 niedoskona\u0142o\u015bci i wypryski.<\/p>\n<p>Jednocze\u015bnie tak m\u0142oda sk\u00f3ra potrafi by\u0107 wyj\u0105tkowo <strong>delikatna<\/strong> i wra\u017cliwa, wi\u0119c jej piel\u0119gnacja, jak\u0105 stosujemy, musi by\u0107 odpowiednio dobrana, by nie zaostrzy\u0107 stan\u00f3w zapalnych, nie przesuszy\u0107 cery i sprawi\u0107, \u017ce b\u0119dzie ona wygl\u0105da\u0142a jak najlepiej.<\/p>\n<p>&nbsp;<\/p>\n<h3>Najwi\u0119kszy problem \u2013 \u0142ojotok<\/h3>\n<p><strong>\u0141ojotok<\/strong> to najwi\u0119kszy problem, kt\u00f3ry mo\u017ce dotkn\u0105\u0107 nastoletni\u0105 sk\u00f3r\u0119. Pod wp\u0142ywem <strong>wzrostu\u00a0<\/strong>ilo\u015bci wydzielanych hormon\u00f3w p\u0142ciowych, gruczo\u0142y \u0142ojowe w sk\u00f3rze zaczynaj\u0105 produkowa\u0107 zwi\u0119kszon\u0105 ilo\u015b\u0107 <strong>sebum<\/strong>, a sk\u00f3ra staje si\u0119 t\u0142usta i \u015bwi\u0119c\u0105ca. Pory staj\u0105 si\u0119 bardziej widoczne, a na twarzy, plecach i dekolcie pojawiaj\u0105 si\u0119 stany zapalne w postaci pryszczy.<\/p>\n<p>W tym okresie szalej\u0105 r\u00f3wnie\u017c gruczo\u0142y \u0142ojowe znajduj\u0105ce si\u0119 na sk\u00f3rze g\u0142owy. Powoduje to, \u017ce w\u0142osy bardzo szybko si\u0119 przet\u0142uszczaj\u0105.<\/p>\n<p>Nadmierna ilo\u015b\u0107 wydzielanego \u0142oju w po\u0142\u0105czeniu z bakteriami, kt\u00f3re rozwijaj\u0105 si\u0119 w niedro\u017cnych uj\u015bciach gruczo\u0142\u00f3w \u0142ojowych, powoduj\u0105 <strong>tr\u0105dzik<\/strong>.<\/p>\n<p>&nbsp;<\/p>\n<h3>Jak walczy\u0107 z tr\u0105dzikiem?<\/h3>\n<p>W\u0142a\u015bciwa <strong>piel\u0119gnacja<\/strong> i dbanie o cer\u0119 jest kluczowa w codziennej walce z tr\u0105dzikiem, cho\u0107 mo\u017ce ona nie wystarczy\u0107. Je\u015bli zmiany s\u0105 bardzo <strong>nasilone<\/strong>, a stany zapalne nie daj\u0105 si\u0119 za\u0142agodzi\u0107, najlepszym wyj\u015bciem b\u0119dzie udanie si\u0119 do <strong>dermatologa<\/strong>, kt\u00f3ry dobierze odpowiednie leki i ma\u015bci, by zapanowa\u0107 nad rozwojem tr\u0105dziku.<\/p>\n<p>Jednak w \u0142agodniejszych przypadkach ze zmianami sk\u00f3rnymi mo\u017cemy z powodzeniem walczy\u0107 w domu, stosuj\u0105c odpowiedni kosmetyki do piel\u0119gnacji cery.<\/p>\n<p>&nbsp;<\/p>\n<h3>Piel\u0119gnacja<\/h3>\n<p>Cho\u0107 pierwsz\u0105 rzecz\u0105, w dbaniu o cer\u0119 tr\u0105dzikow\u0105, jaka przychodzi nam na my\u015bl, jest makija\u017c, kt\u00f3ry ukryje niedoskona\u0142o\u015bci, to pami\u0119tajmy, \u017ce nie jest on najwa\u017cniejszym krokiem. Samo nak\u0142adanie makija\u017cu bez odpowiedniej piel\u0119gnacji i oczyszczania cery mo\u017ce tylko<strong> pogorszy\u0107<\/strong> jej stan. Dlatego zacznijmy od codziennego <strong>mycia<\/strong> m\u0142odej i wra\u017cliwej sk\u00f3ry odpowiednim <strong>\u017celem<\/strong> lub piank\u0105, kt\u00f3re pomog\u0105 usun\u0105\u0107 ze sk\u00f3ry nagromadzone sebum, odpowiadaj\u0105ce w du\u017cej mierze za powstawanie niedoskona\u0142o\u015bci.<\/p>\n<p>&nbsp;<\/p>\n<div id=\"attachment_3212\" style=\"width: 649px\" class=\"wp-caption aligncenter\"><a href=\"https:\/\/neness.pl\/kosmetyki\/pielegnacja_twarzy\/demakijaz_i_oczyszczanie\/dermacol_acneclear_oczyszczajacy_zel_do_cery_problematycznej.html\"><img loading=\"lazy\" decoding=\"async\" aria-describedby=\"caption-attachment-3212\" class=\" wp-image-3212\" src=\"http:\/\/ranking-kosmetykow.pl\/wp-content\/uploads\/2017\/08\/b3c8e719d697dd22ed0fb0c540e7df6b.jpg\" alt=\"\" width=\"639\" height=\"852\" srcset=\"https:\/\/neness.pl\/blog\/wp-content\/uploads\/2017\/08\/b3c8e719d697dd22ed0fb0c540e7df6b.jpg 750w, https:\/\/neness.pl\/blog\/wp-content\/uploads\/2017\/08\/b3c8e719d697dd22ed0fb0c540e7df6b-225x300.jpg 225w, https:\/\/neness.pl\/blog\/wp-content\/uploads\/2017\/08\/b3c8e719d697dd22ed0fb0c540e7df6b-610x813.jpg 610w\" sizes=\"auto, (max-width: 639px) 100vw, 639px\" \/><\/a><p id=\"caption-attachment-3212\" class=\"wp-caption-text\">Dermacol Acneclear Oczyszczaj\u0105cy \u017bel do Cery Problematycznej \/ 18,90 z\u0142<\/p><\/div>\n<p>&nbsp;<\/p>\n<p>Z powodzeniem mo\u017cemy stosowa\u0107 preparaty przeznaczone dla <strong>nastolatek z cer\u0105 tr\u0105dzikow\u0105<\/strong>, jednak zwracajmy uwag\u0119 na ich <strong>sk\u0142ad<\/strong>, bo niekt\u00f3re popularne sk\u0142adniki takie jak <strong>alkohol<\/strong> mog\u0105 wysuszy\u0107 delikatn\u0105 cer\u0119. Po umyciu twarzy mo\u017cesz zastosowa\u0107 r\u00f3wnie\u017c tonik, jednak tutaj r\u00f3wnie\u017c unikaj takich, w kt\u00f3rych sk\u0142adzie znajduje si\u0119 alkohol.<\/p>\n<p>&nbsp;<\/p>\n<div id=\"attachment_3213\" style=\"width: 668px\" class=\"wp-caption aligncenter\"><a href=\"https:\/\/neness.pl\/kosmetyki\/pielegnacja_twarzy\/kremy\/dermacol_acneclear_lagodzacy_balsam_do_cery_tradzikowej_calming_lotion.html\"><img loading=\"lazy\" decoding=\"async\" aria-describedby=\"caption-attachment-3213\" class=\" wp-image-3213\" src=\"http:\/\/ranking-kosmetykow.pl\/wp-content\/uploads\/2017\/08\/dcce6133b49279766f6e3c9056062e63.jpg\" alt=\"\" width=\"658\" height=\"877\" srcset=\"https:\/\/neness.pl\/blog\/wp-content\/uploads\/2017\/08\/dcce6133b49279766f6e3c9056062e63.jpg 750w, https:\/\/neness.pl\/blog\/wp-content\/uploads\/2017\/08\/dcce6133b49279766f6e3c9056062e63-225x300.jpg 225w, https:\/\/neness.pl\/blog\/wp-content\/uploads\/2017\/08\/dcce6133b49279766f6e3c9056062e63-610x813.jpg 610w\" sizes=\"auto, (max-width: 658px) 100vw, 658px\" \/><\/a><p id=\"caption-attachment-3213\" class=\"wp-caption-text\">Dermacol Acneclear \u0141agodz\u0105cy Balsam do Cery Tr\u0105dzikowej Calming Lotion \/ 16,90 z\u0142<\/p><\/div>\n<p>&nbsp;<\/p>\n<p>&nbsp;<\/p>\n<p>Wa\u017cnym elementem tego typu cery jest r\u00f3wnie\u017c <strong>peeling<\/strong> \u2013 wybierajmy enzymatyczny, szczeg\u00f3lnie wtedy, gdy na naszej sk\u00f3rze s\u0105 widoczne \u015bwie\u017ce krostki i stany zapalne. Produkt z drobinkami m\u00f3g\u0142by je niepotrzebnie dodatkowo podra\u017cni\u0107. Taki peeling wystarczy zastosowa\u0107 raz w tygodniu.<\/p>\n<p>&nbsp;<\/p>\n<div id=\"attachment_3214\" style=\"width: 655px\" class=\"wp-caption aligncenter\"><a href=\"https:\/\/neness.pl\/kosmetyki\/pielegnacja_twarzy\/kremy\/dermacol_acneclear_nawilzajacy_zel-krem_do_cery_tradzikowej.html\"><img loading=\"lazy\" decoding=\"async\" aria-describedby=\"caption-attachment-3214\" class=\" wp-image-3214\" src=\"http:\/\/ranking-kosmetykow.pl\/wp-content\/uploads\/2017\/08\/fab38c70be063cd139e077f0df3d853e.png\" alt=\"\" width=\"645\" height=\"860\" srcset=\"https:\/\/neness.pl\/blog\/wp-content\/uploads\/2017\/08\/fab38c70be063cd139e077f0df3d853e.png 750w, https:\/\/neness.pl\/blog\/wp-content\/uploads\/2017\/08\/fab38c70be063cd139e077f0df3d853e-225x300.png 225w, https:\/\/neness.pl\/blog\/wp-content\/uploads\/2017\/08\/fab38c70be063cd139e077f0df3d853e-610x813.png 610w\" sizes=\"auto, (max-width: 645px) 100vw, 645px\" \/><\/a><p id=\"caption-attachment-3214\" class=\"wp-caption-text\">Dermacol Acneclear Nawil\u017caj\u0105cy \u017bel-Krem do Cery Tr\u0105dzikowej \/ 21,90 z\u0142<\/p><\/div>\n<p>&nbsp;<\/p>\n<p>&nbsp;<\/p>\n<p>Kolejnym krokiem, po dok\u0142adnym oczyszczeniu sk\u00f3ry powinno by\u0107 <strong>nawil\u017canie.<\/strong> Tak, wbrew pozorom sk\u00f3ra, kt\u00f3rej gruczo\u0142y \u0142ojowe produkuj\u0105 za du\u017co sebum, r\u00f3wnie\u017c mo\u017ce by\u0107 bardzo <strong>przesuszona<\/strong>. Dlatego nie warto zrezygnowa\u0107 ca\u0142kowicie z kremu, wystarczy wybiera\u0107 takie o <strong>lekkiej konsystencji<\/strong>, kt\u00f3re szybko si\u0119 wch\u0142on\u0105 i nie pozostawi\u0105 na sk\u00f3rze lepkiej warstwy. Na dzie\u0144 mo\u017cna zastosowa\u0107 r\u00f3wnie\u017c kosmetyk o <strong>matuj\u0105cej<\/strong> formule, kt\u00f3ra pomo\u017ce zapanowa\u0107 nad nadmiernym \u201e\u015bwieceniem si\u0119\u201d w ci\u0105gu dnia.<\/p>\n<p>Oczywi\u015bcie niezb\u0119dnym kosmetykiem na dzie\u0144, kt\u00f3ry nale\u017cy stosowa\u0107 przed ka\u017cdym wyj\u015bciem na zewn\u0105trz, jest krem z <strong>wysokim filtrem<\/strong>, kt\u00f3ry ochroni wra\u017cliw\u0105 cer\u0119 przed szkodliwym promieniowaniem UV i pomo\u017ce zapobiec przebarwieniom, kt\u00f3re mog\u0105 pojawi\u0107 si\u0119 na sk\u00f3rze jako pozosta\u0142o\u015bci po niedoskona\u0142o\u015bciach.<\/p>\n<p>&nbsp;<\/p>\n<div id=\"attachment_3215\" style=\"width: 652px\" class=\"wp-caption aligncenter\"><a href=\"https:\/\/neness.pl\/kosmetyki\/pielegnacja_twarzy\/maseczki\/dermacol_acneclear_sciagajaca_maseczka_dla_cery_problematycznej.html\"><img loading=\"lazy\" decoding=\"async\" aria-describedby=\"caption-attachment-3215\" class=\" wp-image-3215\" src=\"http:\/\/ranking-kosmetykow.pl\/wp-content\/uploads\/2017\/08\/ea4d66d9fed08e28a88e339bc0946554.jpg\" alt=\"\" width=\"642\" height=\"856\" srcset=\"https:\/\/neness.pl\/blog\/wp-content\/uploads\/2017\/08\/ea4d66d9fed08e28a88e339bc0946554.jpg 750w, https:\/\/neness.pl\/blog\/wp-content\/uploads\/2017\/08\/ea4d66d9fed08e28a88e339bc0946554-225x300.jpg 225w, https:\/\/neness.pl\/blog\/wp-content\/uploads\/2017\/08\/ea4d66d9fed08e28a88e339bc0946554-610x813.jpg 610w\" sizes=\"auto, (max-width: 642px) 100vw, 642px\" \/><\/a><p id=\"caption-attachment-3215\" class=\"wp-caption-text\">Dermacol Acneclear \u015aci\u0105gaj\u0105ca Maseczka dla Cery Problematycznej \/ 6,50 z\u0142<\/p><\/div>\n<p>&nbsp;<\/p>\n<p>&nbsp;<\/p>\n<p>Raz w tygodniu mo\u017cesz pozwoli\u0107 sobie r\u00f3wnie\u017c na <strong>maseczk\u0119<\/strong> oczyszczaj\u0105c\u0105 pory, kt\u00f3r\u0105 warto na\u0142o\u017cy\u0107 r\u00f3wnie\u017c na dekolt. Cz\u0119\u015bciej stosuje jednak maseczki nawil\u017caj\u0105ce, kt\u00f3re pomog\u0105 utrzyma\u0107 prawid\u0142owy poziom nawil\u017cenia sk\u00f3ry.<\/p>\n","protected":false},"excerpt":{"rendered":"<p>Cera nastolatki kojarzy si\u0119 przede wszystkim z tr\u0105dzikiem m\u0142odzie\u0144czym. Spowodowane jest to burz\u0105 hormon\u00f3w, kt\u00f3ra przebiega w m\u0142odym, dojrzewaj\u0105cym organizmie. Jej efekty mo\u017cemy zaobserwowa\u0107 na cerze, na kt\u00f3rej cz\u0119sto pojawiaj\u0105 si\u0119 niedoskona\u0142o\u015bci i wypryski. Jednocze\u015bnie tak m\u0142oda sk\u00f3ra potrafi by\u0107 wyj\u0105tkowo delikatna i wra\u017cliwa, wi\u0119c jej piel\u0119gnacja, jak\u0105 stosujemy, musi by\u0107 odpowiednio dobrana, by nie [&hellip;]<\/p>\n","protected":false},"author":2,"featured_media":3219,"comment_status":"open","ping_status":"open","sticky":false,"template":"","format":"standard","meta":{"_et_pb_use_builder":"","_et_pb_old_content":"","_et_gb_content_width":"","footnotes":""},"categories":[185],"tags":[],"class_list":["post-3210","post","type-post","status-publish","format-standard","has-post-thumbnail","hentry","category-codzienna-pielegnacja","et-has-post-format-content","et_post_format-et-post-format-standard"],"_links":{"self":[{"href":"https:\/\/neness.pl\/blog\/wp-json\/wp\/v2\/posts\/3210","targetHints":{"allow":["GET"]}}],"collection":[{"href":"https:\/\/neness.pl\/blog\/wp-json\/wp\/v2\/posts"}],"about":[{"href":"https:\/\/neness.pl\/blog\/wp-json\/wp\/v2\/types\/post"}],"author":[{"embeddable":true,"href":"https:\/\/neness.pl\/blog\/wp-json\/wp\/v2\/users\/2"}],"replies":[{"embeddable":true,"href":"https:\/\/neness.pl\/blog\/wp-json\/wp\/v2\/comments?post=3210"}],"version-history":[{"count":0,"href":"https:\/\/neness.pl\/blog\/wp-json\/wp\/v2\/posts\/3210\/revisions"}],"wp:featuredmedia":[{"embeddable":true,"href":"https:\/\/neness.pl\/blog\/wp-json\/wp\/v2\/media\/3219"}],"wp:attachment":[{"href":"https:\/\/neness.pl\/blog\/wp-json\/wp\/v2\/media?parent=3210"}],"wp:term":[{"taxonomy":"category","embeddable":true,"href":"https:\/\/neness.pl\/blog\/wp-json\/wp\/v2\/categories?post=3210"},{"taxonomy":"post_tag","embeddable":true,"href":"https:\/\/neness.pl\/blog\/wp-json\/wp\/v2\/tags?post=3210"}],"curies":[{"name":"wp","href":"https:\/\/api.w.org\/{rel}","templated":true}]}}