{"id":3190,"date":"2017-08-28T18:08:16","date_gmt":"2017-08-28T16:08:16","guid":{"rendered":"http:\/\/ranking-kosmetykow.pl\/?p=3190"},"modified":"2017-08-28T18:08:16","modified_gmt":"2017-08-28T16:08:16","slug":"piekna-skora-w-czasie-ciazy-jak-o-nia-dbac","status":"publish","type":"post","link":"https:\/\/neness.pl\/blog\/piekna-skora-w-czasie-ciazy-jak-o-nia-dbac\/","title":{"rendered":"Pi\u0119kna sk\u00f3ra w czasie ci\u0105\u017cy &#8211; jak o ni\u0105 dba\u0107?"},"content":{"rendered":"<p>Cho\u0107 ci\u0105\u017ca to pi\u0119kny czas, jest to r\u00f3wnie\u017c okres, gdy kobiece cia\u0142o przechodzi najwi\u0119cej <strong>zmian<\/strong>. Dotycz\u0105 one nie tylko cia\u0142a, ale te\u017c cery i w\u0142os\u00f3w. W\u0142a\u015bnie wtedy warto po\u015bwi\u0119ci\u0107 troch\u0119 wi\u0119cej uwagi naszej sk\u00f3rze, kt\u00f3r\u0105 czekaj\u0105 w\u0142a\u015bnie wtedy najwi\u0119ksze zmiany. Jak j\u0105 piel\u0119gnowa\u0107 w tym szczeg\u00f3lnym okresie?<\/p>\n<p>&nbsp;<\/p>\n<h3>Zadbaj o cer\u0119<\/h3>\n<p>W wi\u0119kszo\u015bci przypadk\u00f3w w ci\u0105\u017cy wi\u0119cej uwagi po\u015bwi\u0119camy temu, jak zmienia si\u0119 nasze <strong>cia\u0142o<\/strong> i zapominamy o naszej cerze. Nic dziwnego, bo w\u0142a\u015bnie wtedy wi\u0119kszo\u015b\u0107 kobiet ma z ni\u0105 <strong>najmniej<\/strong> problem\u00f3w. Nie oznacza to jednak, \u017ce nie nale\u017cy o ni\u0105 dba\u0107.<\/p>\n<p>Cho\u0107 sk\u00f3ra na twarzy w okresie ci\u0105\u017cy, a szczeg\u00f3lnie w II trymestrze staje si\u0119 <strong>g\u0142adsza<\/strong>, a zmarszczki <strong>mniej widoczne<\/strong>, jest to niestety tylko chwilowe. Dzieje si\u0119 tak pod wp\u0142ywem magazynowania wody w kom\u00f3rkach sk\u00f3ry, kt\u00f3re dzia\u0142a na cer\u0119 niczym zastrzyk kwasu hialuronowego.<\/p>\n<p>&nbsp;<\/p>\n<div id=\"attachment_3194\" style=\"width: 654px\" class=\"wp-caption aligncenter\"><a href=\"https:\/\/neness.pl\/kosmetyki\/pielegnacja_twarzy\/demakijaz_i_oczyszczanie\/holika_holika_aloe_pianka_myjaca_cleasing_foam_150ml.html\"><img loading=\"lazy\" decoding=\"async\" aria-describedby=\"caption-attachment-3194\" class=\"wp-image-3194\" src=\"http:\/\/ranking-kosmetykow.pl\/wp-content\/uploads\/2017\/08\/5295c2484d332b3e37d11369afdf3ff6.jpg\" alt=\"\" width=\"644\" height=\"859\" srcset=\"https:\/\/neness.pl\/blog\/wp-content\/uploads\/2017\/08\/5295c2484d332b3e37d11369afdf3ff6.jpg 750w, https:\/\/neness.pl\/blog\/wp-content\/uploads\/2017\/08\/5295c2484d332b3e37d11369afdf3ff6-225x300.jpg 225w, https:\/\/neness.pl\/blog\/wp-content\/uploads\/2017\/08\/5295c2484d332b3e37d11369afdf3ff6-610x813.jpg 610w\" sizes=\"auto, (max-width: 644px) 100vw, 644px\" \/><\/a><p id=\"caption-attachment-3194\" class=\"wp-caption-text\">Holika Holika Aloe Pianka Myj\u0105ca Cleasing Foam \/ 29,90 z\u0142<\/p><\/div>\n<p>&nbsp;<\/p>\n<p>Jednak nie mo\u017cemy zapomina\u0107, \u017ce wtedy te\u017c nasza cera staje si\u0119 bardziej <strong>wra\u017cliwa<\/strong>, dlatego lepiej nie eksperymentowa\u0107 z nowymi kosmetykami. Jak zwykle nale\u017cy jednak dba\u0107 o <strong>nawil\u017cenie<\/strong> sk\u00f3ry i <strong>ochron\u0119 przeciws\u0142oneczn\u0105<\/strong>, by nie nabawi\u0107 si\u0119 przebarwie\u0144. Postawmy na <strong>filtry mineralne<\/strong> \u2013 fizyczne, kt\u00f3re nie wch\u0142aniaj\u0105 si\u0119 przez sk\u00f3r\u0119.<\/p>\n<p>Zadbaj r\u00f3wnie\u017c o <strong>sk\u00f3r\u0119 pod oczami<\/strong>, poniewa\u017c wiele z nas ma w okresie ci\u0105\u017cy tendencj\u0119 do zasinie\u0144 i opuchlizny w tych okolicach, kt\u00f3re spowodowane s\u0105 zmienion\u0105 gospodark\u0105 hormonaln\u0105.<\/p>\n<p>Unikajmy te\u017c kosmetyk\u00f3w <strong>mocno perfumowanych<\/strong>, bo to w\u0142a\u015bnie substancje zapachowe zawarte w kosmetykach mog\u0105 powodowa\u0107 podra\u017cnienia lub uczulenie.<\/p>\n<div id=\"attachment_3193\" style=\"width: 678px\" class=\"wp-caption aligncenter\"><a href=\"https:\/\/neness.pl\/kosmetyki\/pielegnacja_twarzy\/kremy\/dermacol_zel_na_zmeczone_oczy_eye_gold_gel.html\"><img loading=\"lazy\" decoding=\"async\" aria-describedby=\"caption-attachment-3193\" class=\"wp-image-3193\" src=\"http:\/\/ranking-kosmetykow.pl\/wp-content\/uploads\/2017\/08\/e578b1406007e75cbd2bff19fd33d268.jpg\" alt=\"\" width=\"668\" height=\"891\" srcset=\"https:\/\/neness.pl\/blog\/wp-content\/uploads\/2017\/08\/e578b1406007e75cbd2bff19fd33d268.jpg 750w, https:\/\/neness.pl\/blog\/wp-content\/uploads\/2017\/08\/e578b1406007e75cbd2bff19fd33d268-225x300.jpg 225w, https:\/\/neness.pl\/blog\/wp-content\/uploads\/2017\/08\/e578b1406007e75cbd2bff19fd33d268-610x813.jpg 610w\" sizes=\"auto, (max-width: 668px) 100vw, 668px\" \/><\/a><p id=\"caption-attachment-3193\" class=\"wp-caption-text\">Dermacol \u017bel na Zm\u0119czone Oczy \/ 24,90 z\u0142<\/p><\/div>\n<p>&nbsp;<\/p>\n<p>Pami\u0119tajmy te\u017c, \u017ce pod wp\u0142ywem hormon\u00f3w, jeste\u015bmy w ci\u0105\u017cy bardziej wra\u017cliwe na otaczaj\u0105ce nas zapachy.<\/p>\n<p>&nbsp;<\/p>\n<h3>Cia\u0142o<\/h3>\n<p>Ci\u0105\u017ca to okres, gdy gwa\u0142townie przybieramy na wadze, a nasze cia\u0142o zmienia proporcje. Biust powi\u0119ksza si\u0119 nawet o kilka rozmiar\u00f3w, a na brzuchu i udach mog\u0105 pojawi\u0107 si\u0119 <strong>rozst\u0119py<\/strong>.<\/p>\n<p>To w\u0142a\u015bnie teraz nawil\u017caj\u0105cy <strong>balsam<\/strong> lub mas\u0142o do cia\u0142a powinny sta\u0107 si\u0119 naszymi najlepszymi przyjaci\u00f3\u0142mi. U\u017cywajmy ich po ka\u017cdej k\u0105pieli, najlepiej co najmniej dwa razy dziennie. Dobrze nawil\u017cona sk\u00f3ra jest bardziej <strong>elastyczna<\/strong> i <strong>j\u0119drna<\/strong>, wi\u0119c mo\u017ce to pom\u00f3c zapobiec rozst\u0119pom.<\/p>\n<p>Warto w tym wyj\u0105tkowym okresie si\u0119gn\u0105\u0107 po specjalistyczne kosmetyki, kt\u00f3re przeznaczone s\u0105 do walki z rozst\u0119pami.<\/p>\n<p>&nbsp;<\/p>\n<div id=\"attachment_3195\" style=\"width: 652px\" class=\"wp-caption aligncenter\"><a href=\"https:\/\/neness.pl\/kosmetyki\/pielegnacja_ciala\/balsamy_do_ciala\/dermacol_aroma_ritual_balsam_do_ciala_truskawska_rabarbar_body_lotion.html\"><img loading=\"lazy\" decoding=\"async\" aria-describedby=\"caption-attachment-3195\" class=\"wp-image-3195\" src=\"http:\/\/ranking-kosmetykow.pl\/wp-content\/uploads\/2017\/08\/e9dba8ae0d48fc60a4bffa615150531e.jpg\" alt=\"\" width=\"642\" height=\"856\" srcset=\"https:\/\/neness.pl\/blog\/wp-content\/uploads\/2017\/08\/e9dba8ae0d48fc60a4bffa615150531e.jpg 750w, https:\/\/neness.pl\/blog\/wp-content\/uploads\/2017\/08\/e9dba8ae0d48fc60a4bffa615150531e-225x300.jpg 225w, https:\/\/neness.pl\/blog\/wp-content\/uploads\/2017\/08\/e9dba8ae0d48fc60a4bffa615150531e-610x813.jpg 610w\" sizes=\"auto, (max-width: 642px) 100vw, 642px\" \/><\/a><p id=\"caption-attachment-3195\" class=\"wp-caption-text\">Dermacol Aroma Ritual Balsam do Cia\u0142a \/ 15,90 z\u0142<\/p><\/div>\n<p>&nbsp;<\/p>\n<p>Podczas prysznica polewajmy biust na zmian\u0119 ciep\u0142\u0105 i ch\u0142odn\u0105 wod\u0105, co zapewni im delikatny <strong>masa\u017c<\/strong>, a sk\u00f3ra zachowa swoj\u0105 j\u0119drno\u015b\u0107. Warto zaopatrzy\u0107 si\u0119 w specjalny krem lub balsam do sk\u00f3ry na piersiach, kt\u00f3ry r\u00f3wnie\u017c pomo\u017ce zadba\u0107 o ich wygl\u0105d i kondycj\u0119.<\/p>\n<p>Regularnie wykonuj <strong>peeling <\/strong>&#8211; raz w tygodniu to obowi\u0105zkowe minimum, by sk\u00f3ra pozosta\u0142a w dobrej kondycji. Stosuj\u0105c scrub, jednocze\u015bnie wykonujmy masa\u017c okr\u0119\u017cnymi ruchami od do\u0142u do g\u00f3ry. Dzi\u0119ki temu sk\u0142adniki od\u017cywcze zawarte w kremach, balsamach lub oliwce do cia\u0142a lepiej si\u0119 wch\u0142on\u0105.<\/p>\n<div id=\"attachment_3196\" style=\"width: 699px\" class=\"wp-caption aligncenter\"><a href=\"https:\/\/neness.pl\/kosmetyki\/pielegnacja_ciala\/peelingi\/dermacol_odswiezajacy_peeling_body_scrub_aroma_ritual_rabarbar_truskawska.html\"><img loading=\"lazy\" decoding=\"async\" aria-describedby=\"caption-attachment-3196\" class=\"wp-image-3196\" src=\"http:\/\/ranking-kosmetykow.pl\/wp-content\/uploads\/2017\/08\/7a3bd242ad18e62a81f4bd3b0084b269.jpg\" alt=\"\" width=\"689\" height=\"919\" srcset=\"https:\/\/neness.pl\/blog\/wp-content\/uploads\/2017\/08\/7a3bd242ad18e62a81f4bd3b0084b269.jpg 750w, https:\/\/neness.pl\/blog\/wp-content\/uploads\/2017\/08\/7a3bd242ad18e62a81f4bd3b0084b269-225x300.jpg 225w, https:\/\/neness.pl\/blog\/wp-content\/uploads\/2017\/08\/7a3bd242ad18e62a81f4bd3b0084b269-610x813.jpg 610w\" sizes=\"auto, (max-width: 689px) 100vw, 689px\" \/><\/a><p id=\"caption-attachment-3196\" class=\"wp-caption-text\">Dermacol Od\u015bwie\u017caj\u0105cy Peeling Body Scrub \/ 19,90 z\u0142<\/p><\/div>\n<p>&nbsp;<\/p>\n<h3>Nogi<\/h3>\n<p>Nogi w czasie ci\u0105\u017cy zdecydowanie potrzebuj\u0105 naszej uwagi. Przez kolejne dziewi\u0119\u0107 miesi\u0119cy musz\u0105 d\u017awiga\u0107 dodatkowy ci\u0119\u017car. W tym okresie mog\u0105 si\u0119 na nich pojawi\u0107 <strong>\u017cylaki<\/strong> i tak zwane <strong>paj\u0105czki<\/strong>, czyli rozszerzone naczynia krwiono\u015bne. Warto wi\u0119c nosi\u0107 specjalne rajstopy anty\u017cylakowe, a w nogi wmasowywa\u0107 <strong>ch\u0142odz\u0105ce \u017cele<\/strong>.<\/p>\n<p>Ogranicz r\u00f3wnie\u017c s\u00f3l w diecie, bo mo\u017ce si\u0119 ona przyczynia\u0107 do <strong>zatrzymywania<\/strong> w organizmie wody i powodowa\u0107 obrz\u0119ki.<\/p>\n<p>Nie zapomnij te\u017c o wygodnych butach, najlepiej z oddychaj\u0105cych materia\u0142\u00f3w.<\/p>\n<p>&nbsp;<\/p>\n<h3>W\u0142osy<\/h3>\n<p>Na szcz\u0119\u015bcie w czasie ci\u0105\u017cy w\u0142osy nie powinny przysparza\u0107 nam szczeg\u00f3lnych <strong>problem\u00f3w<\/strong>. W wi\u0119kszo\u015bci przypadk\u00f3w staj\u0105 si\u0119 wtedy <strong>g\u0119stsze<\/strong> i <strong>mocniejsze<\/strong>. Dbajmy o nie tak jak zwykle, pami\u0119taj\u0105c o stosowaniu od\u017cywki nawil\u017caj\u0105cej.<\/p>\n<p>Niestety problem z w\u0142osami mo\u017ce pojawi\u0107 si\u0119 po ci\u0105\u017cy. Prawdopodobnie zaczn\u0105 w\u00f3wczas wypada\u0107. Taki stan mo\u017ce utrzymywa\u0107 si\u0119 przez kilka tygodni, jednak je\u015bli utrzymuje si\u0119 d\u0142u\u017cej, warto uda\u0107 si\u0119 po porad\u0119 do dermatologa.<\/p>\n","protected":false},"excerpt":{"rendered":"<p>Cho\u0107 ci\u0105\u017ca to pi\u0119kny czas, jest to r\u00f3wnie\u017c okres, gdy kobiece cia\u0142o przechodzi najwi\u0119cej zmian. Dotycz\u0105 one nie tylko cia\u0142a, ale te\u017c cery i w\u0142os\u00f3w. W\u0142a\u015bnie wtedy warto po\u015bwi\u0119ci\u0107 troch\u0119 wi\u0119cej uwagi naszej sk\u00f3rze, kt\u00f3r\u0105 czekaj\u0105 w\u0142a\u015bnie wtedy najwi\u0119ksze zmiany. Jak j\u0105 piel\u0119gnowa\u0107 w tym szczeg\u00f3lnym okresie? &nbsp; Zadbaj o cer\u0119 W wi\u0119kszo\u015bci przypadk\u00f3w w [&hellip;]<\/p>\n","protected":false},"author":2,"featured_media":3191,"comment_status":"open","ping_status":"open","sticky":false,"template":"","format":"standard","meta":{"_et_pb_use_builder":"","_et_pb_old_content":"","_et_gb_content_width":"","footnotes":""},"categories":[185],"tags":[],"class_list":["post-3190","post","type-post","status-publish","format-standard","has-post-thumbnail","hentry","category-codzienna-pielegnacja","et-has-post-format-content","et_post_format-et-post-format-standard"],"_links":{"self":[{"href":"https:\/\/neness.pl\/blog\/wp-json\/wp\/v2\/posts\/3190","targetHints":{"allow":["GET"]}}],"collection":[{"href":"https:\/\/neness.pl\/blog\/wp-json\/wp\/v2\/posts"}],"about":[{"href":"https:\/\/neness.pl\/blog\/wp-json\/wp\/v2\/types\/post"}],"author":[{"embeddable":true,"href":"https:\/\/neness.pl\/blog\/wp-json\/wp\/v2\/users\/2"}],"replies":[{"embeddable":true,"href":"https:\/\/neness.pl\/blog\/wp-json\/wp\/v2\/comments?post=3190"}],"version-history":[{"count":0,"href":"https:\/\/neness.pl\/blog\/wp-json\/wp\/v2\/posts\/3190\/revisions"}],"wp:featuredmedia":[{"embeddable":true,"href":"https:\/\/neness.pl\/blog\/wp-json\/wp\/v2\/media\/3191"}],"wp:attachment":[{"href":"https:\/\/neness.pl\/blog\/wp-json\/wp\/v2\/media?parent=3190"}],"wp:term":[{"taxonomy":"category","embeddable":true,"href":"https:\/\/neness.pl\/blog\/wp-json\/wp\/v2\/categories?post=3190"},{"taxonomy":"post_tag","embeddable":true,"href":"https:\/\/neness.pl\/blog\/wp-json\/wp\/v2\/tags?post=3190"}],"curies":[{"name":"wp","href":"https:\/\/api.w.org\/{rel}","templated":true}]}}