{"id":3125,"date":"2017-08-21T14:25:11","date_gmt":"2017-08-21T12:25:11","guid":{"rendered":"http:\/\/ranking-kosmetykow.pl\/?p=3125"},"modified":"2017-08-21T14:25:11","modified_gmt":"2017-08-21T12:25:11","slug":"mistrzowie-kamuflazu-rodzaje-korektorow-do-twarzy","status":"publish","type":"post","link":"https:\/\/neness.pl\/blog\/mistrzowie-kamuflazu-rodzaje-korektorow-do-twarzy\/","title":{"rendered":"Mistrzowie kamufla\u017cu &#8211; rodzaje korektor\u00f3w do twarzy"},"content":{"rendered":"<p>Kt\u00f3ra z nas nie marzy o idealnej cerze? Niestety nie\u0142atwo sprawi\u0107, by zawsze wygl\u0105da\u0142a ona nieskazitelnie. Z pomoc\u0105 w takich sytuacjach przychodz\u0105 nam kosmetyki do makija\u017cu. Niezast\u0105piony w przykrywaniu niedoskona\u0142o\u015bci jest korektor, kt\u00f3ry ukryje wszystkie niechciane zmiany na twarzy. Jaki korektor wybra\u0107, by jak najlepiej poradzi\u0142 sobie z tym, co chcemy zatuszowa\u0107 makija\u017cem?<\/p>\n<p>&nbsp;<\/p>\n<h3>Wybierz w\u0142a\u015bciw\u0105 konsystencj\u0119<\/h3>\n<p>Korektor to kosmetyk, kt\u00f3ry s\u0142u\u017cy do <strong>ukrywania<\/strong> niedoskona\u0142o\u015bci. Mowa tu nie tylko o <strong>wypryskach<\/strong>, ale r\u00f3wnie\u017c <strong>przebarwieniach<\/strong>, rozszerzonych <strong>naczynkach<\/strong> czy <strong>cieniach<\/strong> pod oczami. Warto jednak zwr\u00f3ci\u0107 uwag\u0119, by do ka\u017cdego z tych problem\u00f3w u\u017cy\u0107 kosmetyku o w\u0142a\u015bciwej konsystencji.<\/p>\n<p>Ci\u0119\u017csze formu\u0142y, czyli korektory w <strong>sztyfcie<\/strong>, <strong>kremie<\/strong> lub <strong>kredce<\/strong> zdecydowanie najlepiej sprawdz\u0105 si\u0119 do <strong>punktowego<\/strong> tuszowania na przyk\u0142ad pojedynczych wyprysk\u00f3w. Dobrze maskuj\u0105 r\u00f3wnie\u017c rozszerzone\u00a0naczynka lub niewielkie przebarwienia, jednak nie nadaj\u0105 si\u0119 do stosowania pod oczy, bo mog\u0105 obci\u0105\u017ca\u0107 i przesusza\u0107 delikatn\u0105 sk\u00f3r\u0119 wok\u00f3\u0142 nich.<\/p>\n<p>&nbsp;<\/p>\n<div id=\"attachment_3132\" style=\"width: 760px\" class=\"wp-caption aligncenter\"><a href=\"https:\/\/neness.pl\/kosmetyki\/twarz\/korektory\/dermacol_kryjacy_matujacy_korektor_matt_control_corrector.html\"><img loading=\"lazy\" decoding=\"async\" aria-describedby=\"caption-attachment-3132\" class=\"size-full wp-image-3132\" src=\"http:\/\/ranking-kosmetykow.pl\/wp-content\/uploads\/2017\/08\/92851720adc6dc9c79ba02043b315eff.png\" alt=\"\" width=\"750\" height=\"1000\" srcset=\"https:\/\/neness.pl\/blog\/wp-content\/uploads\/2017\/08\/92851720adc6dc9c79ba02043b315eff.png 750w, https:\/\/neness.pl\/blog\/wp-content\/uploads\/2017\/08\/92851720adc6dc9c79ba02043b315eff-225x300.png 225w, https:\/\/neness.pl\/blog\/wp-content\/uploads\/2017\/08\/92851720adc6dc9c79ba02043b315eff-610x813.png 610w\" sizes=\"auto, (max-width: 750px) 100vw, 750px\" \/><\/a><p id=\"caption-attachment-3132\" class=\"wp-caption-text\">Dermacol Kryj\u0105cy, Matuj\u0105cy Korektor Matt Control Corrector \/ 13,90 z\u0142<\/p><\/div>\n<p>&nbsp;<\/p>\n<p>Opr\u00f3cz kosmetyk\u00f3w kremowych, wybiera\u0107 mo\u017cemy r\u00f3wnie\u017c spo\u015br\u00f3d l\u017cejszych konsystencji, na przyk\u0142ad korektor\u00f3w we <strong>fluidzie<\/strong>, <strong>p\u0142ynie<\/strong> lub <strong>p\u0119dzelku<\/strong>. Taka formu\u0142a to najlepszy wyb\u00f3r, je\u017celi potrzebujemy kosmetyku, kt\u00f3ry ukryje cienie pod oczami. Doskonale sprawdzi si\u0119 r\u00f3wnie\u017c do cery<strong> dojrza\u0142ej<\/strong>, bo nie podkre\u015bli zmarszczek. W tym wypadku postawmy dodatkowo\u00a0na kosmetyk <strong>roz\u015bwietlaj\u0105cy<\/strong>.<\/p>\n<div id=\"attachment_3133\" style=\"width: 760px\" class=\"wp-caption aligncenter\"><a href=\"https:\/\/neness.pl\/kosmetyki\/twarz\/korektory\/loreal_nude_magique_bb_cream_concealer_korektor_pod_oczy.html\"><img loading=\"lazy\" decoding=\"async\" aria-describedby=\"caption-attachment-3133\" class=\"size-full wp-image-3133\" src=\"http:\/\/ranking-kosmetykow.pl\/wp-content\/uploads\/2017\/08\/79a297a18ba4f6c23c5027d8a61e3094.jpg\" alt=\"\" width=\"750\" height=\"1000\" srcset=\"https:\/\/neness.pl\/blog\/wp-content\/uploads\/2017\/08\/79a297a18ba4f6c23c5027d8a61e3094.jpg 750w, https:\/\/neness.pl\/blog\/wp-content\/uploads\/2017\/08\/79a297a18ba4f6c23c5027d8a61e3094-225x300.jpg 225w, https:\/\/neness.pl\/blog\/wp-content\/uploads\/2017\/08\/79a297a18ba4f6c23c5027d8a61e3094-610x813.jpg 610w\" sizes=\"auto, (max-width: 750px) 100vw, 750px\" \/><\/a><p id=\"caption-attachment-3133\" class=\"wp-caption-text\">Loreal Nude Magique BB Cream Concealer Korektor Pod Oczy \/ 16,90 z\u0142<\/p><\/div>\n<h3><\/h3>\n<h3><\/h3>\n<h3><span style=\"color: #ffffff;\">\u00a0.<\/span><\/h3>\n<h3>Kolor ma znaczenie<\/h3>\n<p>Konsystencja kosmetyku to jednak nie wszystko. Cho\u0107 zazwyczaj decydujemy si\u0119 na korektor w odcieniu be\u017cu, zbli\u017conym do naszej karnacji, czasem warto zdecydowa\u0107 si\u0119 na taki w okre\u015blonym kolorze, na przyk\u0142ad \u017c\u00f3\u0142tym, zielonym, brzoskwiniowym, a nawet pomara\u0144czowym. Takie korektory bardzo dobrze sprawdz\u0105 si\u0119 przy konkretnych problemach. Dzia\u0142aj\u0105 one na zasadzie ko\u0142a barw i kolor\u00f3w przeciwstawnych, kt\u00f3re nawzajem si\u0119 neutralizuj\u0105. Jak dobra\u0107 w\u0142a\u015bciwy kolor do problemu, kt\u00f3ry chcemy ukry\u0107?<\/p>\n<p>Korektor w kolorze<strong> zielonym<\/strong> jest wprost stworzony do tuszowania\u00a0rozszerzonych naczynek i zaczerwienie\u0144, poniewa\u017c idealnie <strong>neutralizuje<\/strong> czerwone miejsca. Mo\u017cna nim r\u00f3wnie\u017c przykry\u0107 zaognione wypryski, poniewa\u017c bardzo cz\u0119sto w swoim sk\u0142adzie ma substancje dzia\u0142aj\u0105ce antybakteryjnie.<\/p>\n<p>&nbsp;<\/p>\n<div id=\"attachment_3135\" style=\"width: 760px\" class=\"wp-caption aligncenter\"><a href=\"https:\/\/neness.pl\/kosmetyki\/twarz\/korektory\/revolution_ultra_base_corrector_professional_paleta_korektorow.html\"><img loading=\"lazy\" decoding=\"async\" aria-describedby=\"caption-attachment-3135\" class=\"size-full wp-image-3135\" src=\"http:\/\/ranking-kosmetykow.pl\/wp-content\/uploads\/2017\/08\/bcc4a64b5fd3874c5de1a1eee37fce27.jpg\" alt=\"\" width=\"750\" height=\"1000\" srcset=\"https:\/\/neness.pl\/blog\/wp-content\/uploads\/2017\/08\/bcc4a64b5fd3874c5de1a1eee37fce27.jpg 750w, https:\/\/neness.pl\/blog\/wp-content\/uploads\/2017\/08\/bcc4a64b5fd3874c5de1a1eee37fce27-225x300.jpg 225w, https:\/\/neness.pl\/blog\/wp-content\/uploads\/2017\/08\/bcc4a64b5fd3874c5de1a1eee37fce27-610x813.jpg 610w\" sizes=\"auto, (max-width: 750px) 100vw, 750px\" \/><\/a><p id=\"caption-attachment-3135\" class=\"wp-caption-text\">Revolution Ultra Base Corrector Professional Paleta Korektor\u00f3w \/ 29,90 z\u0142<\/p><\/div>\n<p>&nbsp;<\/p>\n<p>Korektor <strong>\u017c\u00f3\u0142ty<\/strong> idealnie sprawdza si\u0119 w kamuflowaniu zasinie\u0144, br\u0105zowawych przebarwie\u0144 i podobnie jak te w odcieniu zielonym, niweluje zaczerwienienia i rozszerzone naczynka. Tych dw\u00f3ch kolor\u00f3w mo\u017cemy u\u017cywa\u0107 wymiennie.<\/p>\n<p>Kosmetyk w kolorze <strong>r\u00f3\u017cowym<\/strong>, <strong>brzoskwiniowym<\/strong> lub <strong>\u0142ososiowym<\/strong> sprawi, \u017ce nasza twarz b\u0119dzie wygl\u0105da\u0142a na bardziej wypocz\u0119t\u0105. Szczeg\u00f3lnie dobrze sprawdzi si\u0119 w okolicy oczu, a na\u0142o\u017cony na \u0142uk brwiowy roz\u015bwietli spojrzenie.<\/p>\n<p>&nbsp;<\/p>\n<div id=\"attachment_3136\" style=\"width: 760px\" class=\"wp-caption aligncenter\"><a href=\"https:\/\/neness.pl\/kosmetyki\/twarz\/korektory\/sleek_make_up_paletka_korektorow_colour_corrector_palette.html\"><img loading=\"lazy\" decoding=\"async\" aria-describedby=\"caption-attachment-3136\" class=\"size-full wp-image-3136\" src=\"http:\/\/ranking-kosmetykow.pl\/wp-content\/uploads\/2017\/08\/bcb4d5226d154e54bca90ac023c92039.jpg\" alt=\"\" width=\"750\" height=\"1000\" srcset=\"https:\/\/neness.pl\/blog\/wp-content\/uploads\/2017\/08\/bcb4d5226d154e54bca90ac023c92039.jpg 750w, https:\/\/neness.pl\/blog\/wp-content\/uploads\/2017\/08\/bcb4d5226d154e54bca90ac023c92039-225x300.jpg 225w, https:\/\/neness.pl\/blog\/wp-content\/uploads\/2017\/08\/bcb4d5226d154e54bca90ac023c92039-610x813.jpg 610w\" sizes=\"auto, (max-width: 750px) 100vw, 750px\" \/><\/a><p id=\"caption-attachment-3136\" class=\"wp-caption-text\">Sleek Make Up Paletka Korektor\u00f3w Colour Corrector Palette \/ 35,50 z\u0142<\/p><\/div>\n<p>&nbsp;<\/p>\n<p><strong>Fiolet<\/strong>, a najlepiej delikatny liliowy odcie\u0144 doda cerze blasku i nieco ukryje oznaki zm\u0119czenia. Dobrze maskuje r\u00f3wnie\u017c niewielkie blizny i ciemne przebarwienia. Pami\u0119tajmy jednak, by wybiera\u0107 kosmetyk o ch\u0142odnym odcieniu i u\u017cywa\u0107 go oszcz\u0119dnie.<\/p>\n<p>Korektor w kolorze <strong>cielistym<\/strong> to must-have w ka\u017cdej kosmetyczce. To najpopularniejszy i jednocze\u015bnie najbezpieczniejszy kolor, na jaki mo\u017cemy si\u0119 zdecydowa\u0107. Nawet je\u015bli u\u017cywamy korektor\u00f3w w kolorze, warto na koniec u\u017cy\u0107 r\u00f3wnie\u017c takiego w odcieniu naszej karnacji, kt\u00f3ry dodatkowo zamaskuje niedoskona\u0142o\u015bci i wyr\u00f3wna koloryt cery.<\/p>\n<p>&nbsp;<\/p>\n<div id=\"attachment_3137\" style=\"width: 760px\" class=\"wp-caption aligncenter\"><a href=\"https:\/\/neness.pl\/kosmetyki\/twarz\/korektory\/makeup_revolution_korektor_focus_fix_fc02_fair.html\"><img loading=\"lazy\" decoding=\"async\" aria-describedby=\"caption-attachment-3137\" class=\"size-full wp-image-3137\" src=\"http:\/\/ranking-kosmetykow.pl\/wp-content\/uploads\/2017\/08\/3093aafa2e07310180f754a76ce09d3f.jpg\" alt=\"\" width=\"750\" height=\"1000\" srcset=\"https:\/\/neness.pl\/blog\/wp-content\/uploads\/2017\/08\/3093aafa2e07310180f754a76ce09d3f.jpg 750w, https:\/\/neness.pl\/blog\/wp-content\/uploads\/2017\/08\/3093aafa2e07310180f754a76ce09d3f-225x300.jpg 225w, https:\/\/neness.pl\/blog\/wp-content\/uploads\/2017\/08\/3093aafa2e07310180f754a76ce09d3f-610x813.jpg 610w\" sizes=\"auto, (max-width: 750px) 100vw, 750px\" \/><\/a><p id=\"caption-attachment-3137\" class=\"wp-caption-text\">MakeUp Revolution Korektor Focus &amp; Fix \/ 9,90 z\u0142<\/p><\/div>\n<h3><\/h3>\n<h3><\/h3>\n<h3><span style=\"color: #ffffff;\">\u00a0.<\/span>Na koniec \u2013 u\u017cyj pudru<\/h3>\n<p>Pami\u0119tajmy, \u017ce na\u0142o\u017cenie samego korektora nie wystarczy, by utrzyma\u0142 si\u0119 na naszej twarzy ca\u0142y dzie\u0144 i spe\u0142ni\u0142 swoje zadanie. Zawsze po na\u0142o\u017ceniu tego typu kosmetyku warto przypudrowa\u0107 go <strong>pudrem transparentnym<\/strong> lub takim w odcieniu naszej cery.<\/p>\n<p>Ten krok jest szczeg\u00f3lnie wa\u017cny, je\u015bli korektorem maskujemy cienie pod oczami. Puder sprawi, \u017ce korektor nie b\u0119dzie zbiera\u0142 si\u0119 w zmarszczkach i utrzyma si\u0119 w na miejscu przez ca\u0142y dzie\u0144.<\/p>\n","protected":false},"excerpt":{"rendered":"<p>Kt\u00f3ra z nas nie marzy o idealnej cerze? Niestety nie\u0142atwo sprawi\u0107, by zawsze wygl\u0105da\u0142a ona nieskazitelnie. Z pomoc\u0105 w takich sytuacjach przychodz\u0105 nam kosmetyki do makija\u017cu. Niezast\u0105piony w przykrywaniu niedoskona\u0142o\u015bci jest korektor, kt\u00f3ry ukryje wszystkie niechciane zmiany na twarzy. Jaki korektor wybra\u0107, by jak najlepiej poradzi\u0142 sobie z tym, co chcemy zatuszowa\u0107 makija\u017cem? &nbsp; Wybierz [&hellip;]<\/p>\n","protected":false},"author":2,"featured_media":3127,"comment_status":"open","ping_status":"open","sticky":false,"template":"","format":"standard","meta":{"_et_pb_use_builder":"","_et_pb_old_content":"","_et_gb_content_width":"","footnotes":""},"categories":[41],"tags":[],"class_list":["post-3125","post","type-post","status-publish","format-standard","has-post-thumbnail","hentry","category-olsniewaj-makijazem","et-has-post-format-content","et_post_format-et-post-format-standard"],"_links":{"self":[{"href":"https:\/\/neness.pl\/blog\/wp-json\/wp\/v2\/posts\/3125","targetHints":{"allow":["GET"]}}],"collection":[{"href":"https:\/\/neness.pl\/blog\/wp-json\/wp\/v2\/posts"}],"about":[{"href":"https:\/\/neness.pl\/blog\/wp-json\/wp\/v2\/types\/post"}],"author":[{"embeddable":true,"href":"https:\/\/neness.pl\/blog\/wp-json\/wp\/v2\/users\/2"}],"replies":[{"embeddable":true,"href":"https:\/\/neness.pl\/blog\/wp-json\/wp\/v2\/comments?post=3125"}],"version-history":[{"count":0,"href":"https:\/\/neness.pl\/blog\/wp-json\/wp\/v2\/posts\/3125\/revisions"}],"wp:featuredmedia":[{"embeddable":true,"href":"https:\/\/neness.pl\/blog\/wp-json\/wp\/v2\/media\/3127"}],"wp:attachment":[{"href":"https:\/\/neness.pl\/blog\/wp-json\/wp\/v2\/media?parent=3125"}],"wp:term":[{"taxonomy":"category","embeddable":true,"href":"https:\/\/neness.pl\/blog\/wp-json\/wp\/v2\/categories?post=3125"},{"taxonomy":"post_tag","embeddable":true,"href":"https:\/\/neness.pl\/blog\/wp-json\/wp\/v2\/tags?post=3125"}],"curies":[{"name":"wp","href":"https:\/\/api.w.org\/{rel}","templated":true}]}}