{"id":3075,"date":"2017-08-11T12:29:10","date_gmt":"2017-08-11T10:29:10","guid":{"rendered":"http:\/\/ranking-kosmetykow.pl\/?p=3075"},"modified":"2017-08-11T12:29:10","modified_gmt":"2017-08-11T10:29:10","slug":"jak-dbac-o-cere-naczynkowa","status":"publish","type":"post","link":"https:\/\/neness.pl\/blog\/jak-dbac-o-cere-naczynkowa\/","title":{"rendered":"Jak dba\u0107 o cer\u0119 naczynkow\u0105?"},"content":{"rendered":"<p>Rumienisz si\u0119 pod wp\u0142ywem emocji, a mo\u017ce, gdy jest Ci zimno lub na dworze jest mr\u00f3z? Po wypiciu lampki wina lub zjedzeniu ostrych potraw twoje policzki staj\u0105 si\u0119 czerwone? Prawdopodobnie jeste\u015b posiadaczk\u0105 cery naczynkowej. W dzisiejszym wpisie przedstawimy kilka sposob\u00f3w na to, jak dba\u0107 o cer\u0119, by zapanowa\u0107 nad rumieniem i unikn\u0105\u0107 podra\u017cnie\u0144.<\/p>\n<p>&nbsp;<\/p>\n<h3>Jak rozpozna\u0107 cer\u0119 naczynkow\u0105?<\/h3>\n<p><strong>Cera naczynkowa<\/strong> jest cer\u0105 <strong>p\u0142ytko<\/strong> unaczynion\u0105. Naczynka widoczne tu\u017c pod powierzchni\u0105 sk\u00f3ry s\u0105 bardzo <strong>kruche<\/strong> i \u0142atwo p\u0119kaj\u0105, tworz\u0105c r\u00f3\u017cow\u0105 siateczk\u0119 cieniutkich nitek na policzkach. Mo\u017ce\u00a0ona wyst\u0119powa\u0107 w parze ze wszystkimi rodzajami cery, zar\u00f3wno such\u0105, normaln\u0105, mieszan\u0105, jak i t\u0142ust\u0105.<\/p>\n<p>Bardzo charakterystyczn\u0105 cech\u0105, po kt\u00f3rej \u0142atwo rozpozna\u0107 cer\u0119 naczynkow\u0105 s\u0105 <strong>rumie\u0144ce<\/strong> na twarzy, kt\u00f3re pojawiaj\u0105 si\u0119 bardzo cz\u0119sto i zazwyczaj do\u015b\u0107 d\u0142ugo si\u0119 na niej utrzymuj\u0105.<\/p>\n<p>Takie podra\u017cnienia wywo\u0142a\u0107 mog\u0105 oczywi\u015bcie <strong>czynniki atmosferyczne<\/strong>, takie jak s\u0142o\u0144ce, mr\u00f3z czy silny wiatr, ale r\u00f3wnie\u017c stres i gwa\u0142towne <strong>emocje<\/strong>, a nawet to co jemy i pijemy. Najcz\u0119\u015bciej rumie\u0144 wyst\u0119puje w <strong>centralnej<\/strong> cz\u0119\u015bci twarzy \u2013 przede wszystkim na policzkach. Niestety, cera naczynkowa jest bardzo <strong>wra\u017cliwa<\/strong> i nieprawid\u0142owa piel\u0119gnacja mo\u017ce sprawi\u0107, \u017ce rumie\u0144 b\u0119dzie widoczny na niej przez ca\u0142y czas, dlatego tak wa\u017cne jest, by <strong>nie podra\u017cnia\u0107<\/strong> jej dodatkowo codziennymi zabiegami.<\/p>\n<h3><span style=\"color: #ffffff;\">\u00a0.<\/span><\/h3>\n<h3>Witamina C \u2013 tw\u00f3j sprzymierzeniec<\/h3>\n<p>W codziennej piel\u0119gnacji tego typu cery warto si\u0119ga\u0107 po kosmetyki stworzone <strong>specjalnie<\/strong> do cery naczynkowej. Zawieraj\u0105 one mi\u0119dzy innymi <strong>wyci\u0105gi z ro\u015blin<\/strong> takich jak kasztanowiec, mi\u0142orz\u0105b japo\u0144ski czy arnika, kt\u00f3re <strong>zmniejszaj\u0105<\/strong> zaczerwienia. Warto w\u0142\u0105czy\u0107 do codziennych zabieg\u00f3w\u00a0r\u00f3wnie\u017c po preparaty z <strong>witamin\u0105 C<\/strong>, na przyk\u0142ad serum lub maseczki, kt\u00f3re uszczelniaj\u0105 i <strong>wzmacniaj\u0105<\/strong> \u015bcianki naczy\u0144 krwiono\u015bnych, dzi\u0119ki czemu nie s\u0105 one tak podatne na p\u0119kanie.<\/p>\n<div id=\"attachment_3089\" style=\"width: 684px\" class=\"wp-caption aligncenter\"><a href=\"https:\/\/neness.pl\/kosmetyki\/pielegnacja_twarzy\/maseczki\/holika_holika_maseczka_skin_rescue_vita_c_mask_sheet.html\"><img loading=\"lazy\" decoding=\"async\" aria-describedby=\"caption-attachment-3089\" class=\"wp-image-3089 \" src=\"http:\/\/ranking-kosmetykow.pl\/wp-content\/uploads\/2017\/08\/7fc25853a9586d2c438195f777f94553.jpg\" alt=\"\" width=\"674\" height=\"899\" srcset=\"https:\/\/neness.pl\/blog\/wp-content\/uploads\/2017\/08\/7fc25853a9586d2c438195f777f94553.jpg 750w, https:\/\/neness.pl\/blog\/wp-content\/uploads\/2017\/08\/7fc25853a9586d2c438195f777f94553-225x300.jpg 225w, https:\/\/neness.pl\/blog\/wp-content\/uploads\/2017\/08\/7fc25853a9586d2c438195f777f94553-610x813.jpg 610w\" sizes=\"auto, (max-width: 674px) 100vw, 674px\" \/><\/a><p id=\"caption-attachment-3089\" class=\"wp-caption-text\">Holika Holika Maseczka Skin Rescue Vita C \/ 13,50 z\u0142<\/p><\/div>\n<p>&nbsp;<\/p>\n<p>Decydujmy si\u0119 r\u00f3wnie\u017c na kosmetyki przeznaczone do cery <strong>wra\u017cliwej<\/strong>, bezzapachowe i pozbawione dra\u017cni\u0105cych sk\u0142adnik\u00f3w, na przyk\u0142ad alkoholu czy kwasu salicylowego, kt\u00f3re niepotrzebnie tylko podra\u017cniaj\u0105 i tak delikatn\u0105 ju\u017c sk\u00f3r\u0119.<\/p>\n<div id=\"attachment_3088\" style=\"width: 613px\" class=\"wp-caption aligncenter\"><a href=\"https:\/\/neness.pl\/kosmetyki\/pielegnacja_twarzy\/demakijaz_i_oczyszczanie\/dermacol_delikatny_krem_oczyszczajacy_hyaluron_wash_cream.html\"><img loading=\"lazy\" decoding=\"async\" aria-describedby=\"caption-attachment-3088\" class=\"wp-image-3088 \" src=\"http:\/\/ranking-kosmetykow.pl\/wp-content\/uploads\/2017\/08\/6f89afaeb6d6cd288c60025cd5304486.jpg\" alt=\"\" width=\"603\" height=\"804\" srcset=\"https:\/\/neness.pl\/blog\/wp-content\/uploads\/2017\/08\/6f89afaeb6d6cd288c60025cd5304486.jpg 750w, https:\/\/neness.pl\/blog\/wp-content\/uploads\/2017\/08\/6f89afaeb6d6cd288c60025cd5304486-225x300.jpg 225w, https:\/\/neness.pl\/blog\/wp-content\/uploads\/2017\/08\/6f89afaeb6d6cd288c60025cd5304486-610x813.jpg 610w\" sizes=\"auto, (max-width: 603px) 100vw, 603px\" \/><\/a><p id=\"caption-attachment-3088\" class=\"wp-caption-text\">Dermacol Delikatny Krem Oczyszczaj\u0105cy \/ 16,50 z\u0142<\/p><\/div>\n<p>&nbsp;<\/p>\n<p>&nbsp;<\/p>\n<p>Raczej <strong>zrezygnujmy<\/strong> r\u00f3wnie\u017c z tradycyjnego peelingu \u2013 drobinki zawarte w tego typu produktach i pocieranie podra\u017cniaj\u0105 cienk\u0105 sk\u00f3r\u0119 i przyczyniaj\u0105 si\u0119 do powstawania nowych \u201epaj\u0105czk\u00f3w\u201d. Lepiej si\u0119gn\u0105\u0107 po peeling enzymatyczny, kt\u00f3ry dzia\u0142a du\u017co \u0142agodniej\u00a0i jest delikatniejszy\u00a0dla tak wra\u017cliwej cery.<\/p>\n<p>Uwa\u017cajmy r\u00f3wnie\u017c na <strong>wod\u0119 z kranu<\/strong> \u2013 twarda woda nie wp\u0142ywa korzystnie na \u017caden rodzaj cery \u2013 lepiej zast\u0105pi\u0107 j\u0105 wod\u0105 mineraln\u0105 lub przegotowan\u0105. Dobrym rozwi\u0105zaniem b\u0119dzie r\u00f3wnie\u017c u\u017cywanie p\u0142yn\u00f3w micelarnych lub wody r\u00f3\u017canej, kt\u00f3ra bardzo dobrze \u0142agodzi zaczerwienienia.<\/p>\n<p>&nbsp;<\/p>\n<div id=\"attachment_3091\" style=\"width: 615px\" class=\"wp-caption aligncenter\"><a href=\"https:\/\/neness.pl\/kosmetyki\/pielegnacja_twarzy\/demakijaz_i_oczyszczanie\/dermacol_delikatny_uspokajajacy_tonik_sensitive_toner.html\"><img loading=\"lazy\" decoding=\"async\" aria-describedby=\"caption-attachment-3091\" class=\"wp-image-3091 \" src=\"http:\/\/ranking-kosmetykow.pl\/wp-content\/uploads\/2017\/08\/c1de410906a20d0e4b0e3d18cde494ae.jpg\" alt=\"\" width=\"605\" height=\"807\" srcset=\"https:\/\/neness.pl\/blog\/wp-content\/uploads\/2017\/08\/c1de410906a20d0e4b0e3d18cde494ae.jpg 750w, https:\/\/neness.pl\/blog\/wp-content\/uploads\/2017\/08\/c1de410906a20d0e4b0e3d18cde494ae-225x300.jpg 225w, https:\/\/neness.pl\/blog\/wp-content\/uploads\/2017\/08\/c1de410906a20d0e4b0e3d18cde494ae-610x813.jpg 610w\" sizes=\"auto, (max-width: 605px) 100vw, 605px\" \/><\/a><p id=\"caption-attachment-3091\" class=\"wp-caption-text\">Dermacol Delikatny, Uspokajaj\u0105cy Tonik \/ 17,50 z\u0142<\/p><\/div>\n<p>&nbsp;<\/p>\n<h3><\/h3>\n<h3>Chro\u0144 przed s\u0142o\u0144cem i mrozem<\/h3>\n<p>Jak mantr\u0119 powtarzamy, \u017ce promienie s\u0142oneczne i sk\u00f3ra to niezbyt dobre po\u0142\u0105czenie. Tak jest te\u017c w przypadku cery naczynkowej, kt\u00f3ra na warunki atmosferyczne jest wyj\u0105tkowo wra\u017cliwa. Dlatego przed ka\u017cdym wyj\u015bciem z domu zabezpieczmy j\u0105 <strong>kremem z wysokim filtrem<\/strong>, co najmniej SPF 30. Unikajmy te\u017c le\u017cenia w pe\u0142nym s\u0142o\u0144cu w upalne dni.<\/p>\n<p>Zim\u0105 jednak sam krem z filtrem mo\u017ce nie wystarczy\u0107, poniewa\u017c opr\u00f3cz s\u0142o\u0144ca mamy r\u00f3wnie\u017c do czynienia z niskimi temperaturami i mro\u017anym wiatrem, kt\u00f3ry wyj\u0105tkowo negatywnie wp\u0142ywa na stan sk\u00f3ry naczynkowej. O tej porze roku zabezpieczajmy sk\u00f3r\u0119 <strong>t\u0142ustym kremem<\/strong>, kt\u00f3ry b\u0119dzie stanowi\u0142 dodatkow\u0105 barier\u0119 ochronn\u0105 dla naszej cery.<\/p>\n<p>&nbsp;<\/p>\n<div id=\"attachment_3090\" style=\"width: 607px\" class=\"wp-caption aligncenter\"><a href=\"https:\/\/neness.pl\/kosmetyki\/pielegnacja_twarzy\/kremy\/dermacol_krem_do_rewitalizacji_cery_suchej_i_bardzo_suchej_lady_cream.html\"><img loading=\"lazy\" decoding=\"async\" aria-describedby=\"caption-attachment-3090\" class=\"wp-image-3090 \" src=\"http:\/\/ranking-kosmetykow.pl\/wp-content\/uploads\/2017\/08\/26ced64be338ed7557a9d08cbc4cd4ab.jpg\" alt=\"\" width=\"597\" height=\"796\" srcset=\"https:\/\/neness.pl\/blog\/wp-content\/uploads\/2017\/08\/26ced64be338ed7557a9d08cbc4cd4ab.jpg 750w, https:\/\/neness.pl\/blog\/wp-content\/uploads\/2017\/08\/26ced64be338ed7557a9d08cbc4cd4ab-225x300.jpg 225w, https:\/\/neness.pl\/blog\/wp-content\/uploads\/2017\/08\/26ced64be338ed7557a9d08cbc4cd4ab-610x813.jpg 610w\" sizes=\"auto, (max-width: 597px) 100vw, 597px\" \/><\/a><p id=\"caption-attachment-3090\" class=\"wp-caption-text\">Dermacol Krem do Rewitalizacji Cery Suchej i Bardzo Suchej \/ 19,90 z\u0142<\/p><\/div>\n<p>&nbsp;<\/p>\n<p>Je\u015bli szukacie du\u017cego wyboru\u00a0<a href=\"https:\/\/neness.pl\/kosmetyki.html\">kosmetyk\u00f3w online<\/a>\u00a0zapraszamy do naszej perfumerii internetowej. Wi\u0119cej na <a href=\"https:\/\/neness.pl\/\">neness.pl<\/a>.<\/p>\n","protected":false},"excerpt":{"rendered":"<p>Rumienisz si\u0119 pod wp\u0142ywem emocji, a mo\u017ce, gdy jest Ci zimno lub na dworze jest mr\u00f3z? Po wypiciu lampki wina lub zjedzeniu ostrych potraw twoje policzki staj\u0105 si\u0119 czerwone? Prawdopodobnie jeste\u015b posiadaczk\u0105 cery naczynkowej. W dzisiejszym wpisie przedstawimy kilka sposob\u00f3w na to, jak dba\u0107 o cer\u0119, by zapanowa\u0107 nad rumieniem i unikn\u0105\u0107 podra\u017cnie\u0144. &nbsp; Jak [&hellip;]<\/p>\n","protected":false},"author":2,"featured_media":3076,"comment_status":"open","ping_status":"open","sticky":false,"template":"","format":"standard","meta":{"_et_pb_use_builder":"","_et_pb_old_content":"","_et_gb_content_width":"","footnotes":""},"categories":[185],"tags":[],"class_list":["post-3075","post","type-post","status-publish","format-standard","has-post-thumbnail","hentry","category-codzienna-pielegnacja","et-has-post-format-content","et_post_format-et-post-format-standard"],"_links":{"self":[{"href":"https:\/\/neness.pl\/blog\/wp-json\/wp\/v2\/posts\/3075","targetHints":{"allow":["GET"]}}],"collection":[{"href":"https:\/\/neness.pl\/blog\/wp-json\/wp\/v2\/posts"}],"about":[{"href":"https:\/\/neness.pl\/blog\/wp-json\/wp\/v2\/types\/post"}],"author":[{"embeddable":true,"href":"https:\/\/neness.pl\/blog\/wp-json\/wp\/v2\/users\/2"}],"replies":[{"embeddable":true,"href":"https:\/\/neness.pl\/blog\/wp-json\/wp\/v2\/comments?post=3075"}],"version-history":[{"count":0,"href":"https:\/\/neness.pl\/blog\/wp-json\/wp\/v2\/posts\/3075\/revisions"}],"wp:featuredmedia":[{"embeddable":true,"href":"https:\/\/neness.pl\/blog\/wp-json\/wp\/v2\/media\/3076"}],"wp:attachment":[{"href":"https:\/\/neness.pl\/blog\/wp-json\/wp\/v2\/media?parent=3075"}],"wp:term":[{"taxonomy":"category","embeddable":true,"href":"https:\/\/neness.pl\/blog\/wp-json\/wp\/v2\/categories?post=3075"},{"taxonomy":"post_tag","embeddable":true,"href":"https:\/\/neness.pl\/blog\/wp-json\/wp\/v2\/tags?post=3075"}],"curies":[{"name":"wp","href":"https:\/\/api.w.org\/{rel}","templated":true}]}}