{"id":3018,"date":"2017-08-01T13:40:30","date_gmt":"2017-08-01T11:40:30","guid":{"rendered":"http:\/\/ranking-kosmetykow.pl\/?p=3018"},"modified":"2017-08-01T13:40:30","modified_gmt":"2017-08-01T11:40:30","slug":"czy-makijaz-szkodzi-skorze-fakty-i-mity","status":"publish","type":"post","link":"https:\/\/neness.pl\/blog\/czy-makijaz-szkodzi-skorze-fakty-i-mity\/","title":{"rendered":"Czy makija\u017c szkodzi sk\u00f3rze &#8211; fakty i mity"},"content":{"rendered":"<p>Pytanie, czy makija\u017c, kt\u00f3ry codziennie nak\u0142adamy na twarz, szkodzi cerze, zaprz\u0105ta g\u0142ow\u0119 niejednej z nas. W internecie pokutuje wiele mit\u00f3w, wed\u0142ug kt\u00f3rych kosmetyki kolorowe szkodz\u0105 nam i s\u0105 przyczyn\u0105 powstawania niedoskona\u0142o\u015bci i szybszego starzenia si\u0119 sk\u00f3ry. Co jest prawd\u0105, a co mitem? Dlaczego tak du\u017co m\u00f3wi si\u0119 o szkodliwo\u015bci makija\u017cu? Rozwiewamy w\u0105tpliwo\u015bci.<\/p>\n<p>&nbsp;<\/p>\n<h3>Pomijanie piel\u0119gnacji<\/h3>\n<p>Wielu z nas wydaje si\u0119, \u017ce to makija\u017c<strong> odpowiada<\/strong> za stan naszej cery. Zrzucamy na niego win\u0119 za powstaj\u0105ce niedoskona\u0142o\u015bci, wydaje nam si\u0119, \u017ce to on przesusza sk\u00f3r\u0119. Owszem, mo\u017ce tak by\u0107, je\u015bli u\u017cywamy kosmetyk\u00f3w, kt\u00f3re nie s\u0105 dobrze <strong>dobrane<\/strong> do naszej cery.<\/p>\n<p>Jednak g\u0142\u00f3wn\u0105 przyczyn\u0105 problem\u00f3w ze sk\u00f3r\u0105 jest <strong>brak<\/strong> odpowiedniej piel\u0119gnacji. Pami\u0119tajmy, \u017ce piel\u0119gnacja cery to zadanie kremu i innych <strong>kosmetyk\u00f3w piel\u0119gnacyjnych<\/strong>, a nie podk\u0142adu i pudru.<\/p>\n<div id=\"attachment_3022\" style=\"width: 514px\" class=\"wp-caption aligncenter\"><a href=\"https:\/\/neness.pl\/kosmetyki\/pielegnacja_twarzy\/kremy\/dermacol_krem_z_wyciagiem_z_alg_morskich_perfect_base_cream.html\"><img loading=\"lazy\" decoding=\"async\" aria-describedby=\"caption-attachment-3022\" class=\"wp-image-3022\" src=\"http:\/\/ranking-kosmetykow.pl\/wp-content\/uploads\/2017\/08\/ec42704f0b71a35c42c751ff93216a32.jpg\" alt=\"\" width=\"504\" height=\"672\" srcset=\"https:\/\/neness.pl\/blog\/wp-content\/uploads\/2017\/08\/ec42704f0b71a35c42c751ff93216a32.jpg 750w, https:\/\/neness.pl\/blog\/wp-content\/uploads\/2017\/08\/ec42704f0b71a35c42c751ff93216a32-225x300.jpg 225w, https:\/\/neness.pl\/blog\/wp-content\/uploads\/2017\/08\/ec42704f0b71a35c42c751ff93216a32-610x813.jpg 610w\" sizes=\"auto, (max-width: 504px) 100vw, 504px\" \/><\/a><p id=\"caption-attachment-3022\" class=\"wp-caption-text\">Dermacol Krem z wyci\u0105giem z Alg Morskich Perfect Base Cream \/ 17,50 z\u0142<\/p><\/div>\n<p>&nbsp;<\/p>\n<p>Je\u015bli makija\u017c podkre\u015bla suche sk\u00f3rki na twarzy, wprowad\u017amy do codziennej piel\u0119gnacji regularny <strong>peeling<\/strong>, kt\u00f3ry b\u0119dziemy powtarza\u0107 1-2 razy w tygodniu.<\/p>\n<p>Im lepiej <strong>wypiel\u0119gnowana<\/strong> sk\u00f3ra, tym mniej makija\u017cu b\u0119dziemy mog\u0142y nak\u0142ada\u0107 na twarz, bo nie b\u0119dzie ona tego po prostu potrzebowa\u0107.<\/p>\n<p>&nbsp;<\/p>\n<h3>Przeterminowane kosmetyki do makija\u017cu<\/h3>\n<p>Cz\u0119sto zdarza nam si\u0119, \u017ce nasze oczy, kt\u00f3re s\u0105 wyj\u0105tkowo <strong>wra\u017cliwe<\/strong>, staj\u0105 si\u0119 podra\u017cnione po na\u0142o\u017ceniu makija\u017cu. Jednak czy jest to wina samego malowania? Niekoniecznie. Cz\u0119sto nie zwracamy uwagi na<strong> daty przydatno\u015bci<\/strong> do u\u017cycia konkretnych produkt\u00f3w i to one w\u0142a\u015bnie mog\u0105 powodowa\u0107 zaczerwienienie i <strong>podra\u017cnienia<\/strong>.<\/p>\n<p>Cho\u0107 wi\u0119kszo\u015b\u0107 kosmetyk\u00f3w, szczeg\u00f3lnie te w formie sypkiej lub w kamieniu, maj\u0105 d\u0142ug\u0105 dat\u0119 wa\u017cno\u015bci, <strong>kontrolujmy<\/strong> je regularnie. Z czasem wszystkie kosmetyki zmieniaj\u0105 swoje w\u0142a\u015bciwo\u015bci i je\u015bli zapach, konsystencja lub zmieniony kolor kt\u00f3rego\u015b z nich wzbudza nasze<strong> w\u0105tpliwo\u015bci<\/strong>, lepiej si\u0119 go pozby\u0107, nawet je\u015bli nie min\u0119\u0142a jeszcze jego data wa\u017cno\u015bci.<\/p>\n<p>Szczeg\u00f3ln\u0105 uwag\u0119 zwr\u00f3\u0107my na tusz do rz\u0119s, kt\u00f3rego po otwarciu nie powinny\u015bmy u\u017cywa\u0107 <strong>d\u0142u\u017cej<\/strong> ni\u017c 6 miesi\u0119cy. Najlepiej wymienia\u0107 go jednak co oko\u0142o 3 miesi\u0105ce.<\/p>\n<p>&nbsp;<\/p>\n<h3>Czysty p\u0119dzel to podstawa<\/h3>\n<p><strong>Brudne p\u0119dzle<\/strong> to g\u0142\u00f3wne \u017ar\u00f3d\u0142o powstawania niedoskona\u0142o\u015bci na sk\u00f3rze. Niemyte przez d\u0142u\u017cszy czas narz\u0119dzia do makija\u017cu, zw\u0142aszcza je\u015bli przechowujemy je w wilgotnej i ciep\u0142ej \u0142azience, staj\u0105 si\u0119 doskona\u0142ym <strong>\u015brodowiskiem<\/strong> do rozwoju bakterii, kt\u00f3re potem przenosimy na sk\u00f3r\u0119.<\/p>\n<p>&nbsp;<\/p>\n<div id=\"attachment_3023\" style=\"width: 496px\" class=\"wp-caption aligncenter\"><a href=\"https:\/\/neness.pl\/kosmetyki\/akcesoria\/pedzle_i_gabki\/makeup_revolution_czyscik_do_pedzli.html\"><img loading=\"lazy\" decoding=\"async\" aria-describedby=\"caption-attachment-3023\" class=\"wp-image-3023\" src=\"http:\/\/ranking-kosmetykow.pl\/wp-content\/uploads\/2017\/08\/25e4d4dcee81efaae2366d73bde695c9.jpg\" alt=\"\" width=\"486\" height=\"648\" srcset=\"https:\/\/neness.pl\/blog\/wp-content\/uploads\/2017\/08\/25e4d4dcee81efaae2366d73bde695c9.jpg 750w, https:\/\/neness.pl\/blog\/wp-content\/uploads\/2017\/08\/25e4d4dcee81efaae2366d73bde695c9-225x300.jpg 225w, https:\/\/neness.pl\/blog\/wp-content\/uploads\/2017\/08\/25e4d4dcee81efaae2366d73bde695c9-610x813.jpg 610w\" sizes=\"auto, (max-width: 486px) 100vw, 486px\" \/><\/a><p id=\"caption-attachment-3023\" class=\"wp-caption-text\">MakeUp Revolution Czy\u015bcik do P\u0119dzli \/<br \/> 28,90 z\u0142<\/p><\/div>\n<p>&nbsp;<\/p>\n<p>P\u0119dzle do podk\u0142adu i te, kt\u00f3rych u\u017cywamy do kosmetyk\u00f3w kremowych, nale\u017cy my\u0107 po 1-2 u\u017cyciach. P\u0119dzel do pudru i kosmetyk\u00f3w w kamieniu lub sypkich myjmy nie rzadziej ni\u017c raz na kilka dni.<\/p>\n<p>&nbsp;<\/p>\n<h3>Uwa\u017caj na niekt\u00f3re sk\u0142adniki kosmetyk\u00f3w<\/h3>\n<p>Do tej zasady ka\u017cdy musi podej\u015b\u0107 indywidualnie. Je\u015bli mamy <strong>sk\u0142onno\u015b\u0107<\/strong> do alergii i niekt\u00f3re kosmetyki nas uczulaj\u0105, zwr\u00f3\u0107my uwag\u0119 na sk\u0142ad, bo prawdopodobnie jeden ze sk\u0142adnik\u00f3w, a nie ca\u0142y kosmetyk powoduje podra\u017cnienia.<\/p>\n<p>Je\u015bli mamy wra\u017cliw\u0105 cer\u0119, kupujmy produkty <strong>hipoalergiczne<\/strong> i <strong>niekomedogenne<\/strong>, kt\u00f3re na pewno nie b\u0119d\u0105 zapycha\u0107 por\u00f3w.<\/p>\n<p>Zwr\u00f3\u0107 r\u00f3wnie\u017c uwag\u0119, by u\u017cywa\u0107 kosmetyk\u00f3w <strong>dopasowanych<\/strong> do rodzaju cery, jak\u0105 posiadasz. Kosmetyki przeznaczone do makija\u017cu cery t\u0142ustej i mieszanej na pewno nie b\u0119d\u0105 odpowiednie dla cery suchej i na odwr\u00f3t. Warto<strong> skonsultowa\u0107 si\u0119<\/strong> ze specjalist\u0105, kt\u00f3ry wska\u017ce nam, czego u\u017cywa\u0107, by kosmetyki kolorowe nie zaszkodzi\u0142y naszej cerze.<\/p>\n<p>&nbsp;<\/p>\n<h3>Pami\u0119taj o demakija\u017cu<\/h3>\n<p>To w\u0142a\u015bnie <strong>zaniedbywany demakija\u017c<\/strong> jest w du\u017cej mierze \u017ar\u00f3d\u0142em mit\u00f3w o szkodliwo\u015bci samego makija\u017cu. Codzienne i dok\u0142adne zmywanie kosmetyk\u00f3w kolorowych z twarzy jest podstaw\u0105 zdrowej cery.<\/p>\n<div id=\"attachment_3024\" style=\"width: 499px\" class=\"wp-caption aligncenter\"><a href=\"https:\/\/neness.pl\/kosmetyki\/pielegnacja_twarzy\/demakijaz_i_oczyszczanie\/holika_holika_pianka_myjaca_sleek_egg_skin_cleasing_foam.html\"><img loading=\"lazy\" decoding=\"async\" aria-describedby=\"caption-attachment-3024\" class=\"wp-image-3024\" src=\"http:\/\/ranking-kosmetykow.pl\/wp-content\/uploads\/2017\/08\/b2d505bd2446b28e86e5ae204756abc0.jpg\" alt=\"\" width=\"489\" height=\"652\" srcset=\"https:\/\/neness.pl\/blog\/wp-content\/uploads\/2017\/08\/b2d505bd2446b28e86e5ae204756abc0.jpg 750w, https:\/\/neness.pl\/blog\/wp-content\/uploads\/2017\/08\/b2d505bd2446b28e86e5ae204756abc0-225x300.jpg 225w, https:\/\/neness.pl\/blog\/wp-content\/uploads\/2017\/08\/b2d505bd2446b28e86e5ae204756abc0-610x813.jpg 610w\" sizes=\"auto, (max-width: 489px) 100vw, 489px\" \/><\/a><p id=\"caption-attachment-3024\" class=\"wp-caption-text\">Holika Holika Pianka Myj\u0105ca Sleek Egg Skin Cleasing Foam \/<br \/> 39,50 z\u0142<\/p><\/div>\n<p>&nbsp;<\/p>\n<p>Niedok\u0142adnie zmyte resztki podk\u0142adu s\u0105 jedn\u0105 z przyczyn tr\u0105dziku i powstawania niedoskona\u0142o\u015bci, a resztki tuszu do rz\u0119s i eyelinera mog\u0105 bardzo podra\u017cnia\u0107 nasze oczy.<\/p>\n<div id=\"attachment_3025\" style=\"width: 531px\" class=\"wp-caption aligncenter\"><a href=\"https:\/\/neness.pl\/kosmetyki\/pielegnacja_twarzy\/demakijaz_i_oczyszczanie\/makeup_revolution_dwufazowy_plyn_do_demakijazu.html\"><img loading=\"lazy\" decoding=\"async\" aria-describedby=\"caption-attachment-3025\" class=\"wp-image-3025\" src=\"http:\/\/ranking-kosmetykow.pl\/wp-content\/uploads\/2017\/08\/6dea17d2f21bce6a08dbd1de51350898.jpg\" alt=\"\" width=\"521\" height=\"695\" srcset=\"https:\/\/neness.pl\/blog\/wp-content\/uploads\/2017\/08\/6dea17d2f21bce6a08dbd1de51350898.jpg 750w, https:\/\/neness.pl\/blog\/wp-content\/uploads\/2017\/08\/6dea17d2f21bce6a08dbd1de51350898-225x300.jpg 225w, https:\/\/neness.pl\/blog\/wp-content\/uploads\/2017\/08\/6dea17d2f21bce6a08dbd1de51350898-610x813.jpg 610w\" sizes=\"auto, (max-width: 521px) 100vw, 521px\" \/><\/a><p id=\"caption-attachment-3025\" class=\"wp-caption-text\">MakeUp Revolution Dwufazowy P\u0142yn do Demakija\u017cu \/<br \/> 17,99 z\u0142<\/p><\/div>\n<p><span style=\"color: #ffffff;\">.<\/span><\/p>\n<p>Pozosta\u0142o\u015bci makija\u017cu dzia\u0142aj\u0105 jak maska i nie pozwalaj\u0105 sk\u00f3rze <strong>oddycha\u0107<\/strong> i <strong>regenerowa\u0107 si\u0119<\/strong> w nocy, co ma wp\u0142ywa na <strong>przyspieszanie<\/strong> proces\u00f3w starzenia.<\/p>\n","protected":false},"excerpt":{"rendered":"<p>Pytanie, czy makija\u017c, kt\u00f3ry codziennie nak\u0142adamy na twarz, szkodzi cerze, zaprz\u0105ta g\u0142ow\u0119 niejednej z nas. W internecie pokutuje wiele mit\u00f3w, wed\u0142ug kt\u00f3rych kosmetyki kolorowe szkodz\u0105 nam i s\u0105 przyczyn\u0105 powstawania niedoskona\u0142o\u015bci i szybszego starzenia si\u0119 sk\u00f3ry. Co jest prawd\u0105, a co mitem? Dlaczego tak du\u017co m\u00f3wi si\u0119 o szkodliwo\u015bci makija\u017cu? Rozwiewamy w\u0105tpliwo\u015bci. &nbsp; Pomijanie piel\u0119gnacji [&hellip;]<\/p>\n","protected":false},"author":2,"featured_media":3020,"comment_status":"open","ping_status":"open","sticky":false,"template":"","format":"standard","meta":{"_et_pb_use_builder":"","_et_pb_old_content":"","_et_gb_content_width":"","footnotes":""},"categories":[185,41],"tags":[],"class_list":["post-3018","post","type-post","status-publish","format-standard","has-post-thumbnail","hentry","category-codzienna-pielegnacja","category-olsniewaj-makijazem","et-has-post-format-content","et_post_format-et-post-format-standard"],"_links":{"self":[{"href":"https:\/\/neness.pl\/blog\/wp-json\/wp\/v2\/posts\/3018","targetHints":{"allow":["GET"]}}],"collection":[{"href":"https:\/\/neness.pl\/blog\/wp-json\/wp\/v2\/posts"}],"about":[{"href":"https:\/\/neness.pl\/blog\/wp-json\/wp\/v2\/types\/post"}],"author":[{"embeddable":true,"href":"https:\/\/neness.pl\/blog\/wp-json\/wp\/v2\/users\/2"}],"replies":[{"embeddable":true,"href":"https:\/\/neness.pl\/blog\/wp-json\/wp\/v2\/comments?post=3018"}],"version-history":[{"count":0,"href":"https:\/\/neness.pl\/blog\/wp-json\/wp\/v2\/posts\/3018\/revisions"}],"wp:featuredmedia":[{"embeddable":true,"href":"https:\/\/neness.pl\/blog\/wp-json\/wp\/v2\/media\/3020"}],"wp:attachment":[{"href":"https:\/\/neness.pl\/blog\/wp-json\/wp\/v2\/media?parent=3018"}],"wp:term":[{"taxonomy":"category","embeddable":true,"href":"https:\/\/neness.pl\/blog\/wp-json\/wp\/v2\/categories?post=3018"},{"taxonomy":"post_tag","embeddable":true,"href":"https:\/\/neness.pl\/blog\/wp-json\/wp\/v2\/tags?post=3018"}],"curies":[{"name":"wp","href":"https:\/\/api.w.org\/{rel}","templated":true}]}}