{"id":2978,"date":"2017-07-28T12:05:00","date_gmt":"2017-07-28T10:05:00","guid":{"rendered":"http:\/\/ranking-kosmetykow.pl\/?p=2978"},"modified":"2017-07-28T12:05:00","modified_gmt":"2017-07-28T10:05:00","slug":"tego-nie-rob-najczestsze-bledy-w-makijazu-twarzy","status":"publish","type":"post","link":"https:\/\/neness.pl\/blog\/tego-nie-rob-najczestsze-bledy-w-makijazu-twarzy\/","title":{"rendered":"Tego nie r\u00f3b &#8211; najcz\u0119stsze b\u0142\u0119dy w makija\u017cu twarzy"},"content":{"rendered":"<p>G\u0142\u00f3wn\u0105 rol\u0105 makija\u017cu jest przede wszystkim <strong>podkre\u015blenie<\/strong> urody i ewentualne zamaskowanie niedoskona\u0142o\u015bci, kt\u00f3re chcemy ukry\u0107. Niestety cz\u0119sto, zazwyczaj nie\u015bwiadomie, pope\u0142niamy b\u0142\u0119dy, kt\u00f3re nie tylko sprawiaj\u0105, \u017ce makija\u017c nie wygl\u0105da tak, jak powinien, a wr\u0119cz dzia\u0142a na niekorzy\u015b\u0107 dla naszego wygl\u0105du. Jakie b\u0142\u0119dy pope\u0142niamy najcz\u0119\u015bciej i jak si\u0119 przed nimi ustrzec?<\/p>\n<p><!--more--><\/p>\n<h3><\/h3>\n<h3>Piel\u0119gnacja<\/h3>\n<p>Wielokrotnie pisali\u015bmy ju\u017c o tym, \u017ce nie ma dobrego makija\u017cu bez zadbanej i <strong>wypiel\u0119gnowanej<\/strong> sk\u00f3ry.<\/p>\n<p>By podk\u0142ad i puder nie podkre\u015bla\u0142y suchych sk\u00f3rek, warto regularnie wykonywa\u0107 <strong>peeling<\/strong> i codziennie stosowa\u0107 <strong>krem<\/strong> nawil\u017caj\u0105cy. Pami\u0119tajmy te\u017c, by przed ka\u017cdym wyj\u015bciem z domu nak\u0142ada\u0107 krem z <strong>wysokim filtrem<\/strong>, bo sam makija\u017c nie zabezpieczy naszej sk\u00f3ry przed szkodliwym promieniowaniem UV.<\/p>\n<p><span style=\"color: #ffffff;\">.<\/span><\/p>\n<div id=\"attachment_2982\" style=\"width: 587px\" class=\"wp-caption aligncenter\"><a href=\"https:\/\/neness.pl\/kosmetyki\/pielegnacja_twarzy\/kremy\/dermacol_gold_elixir_odmladzajacy_krem_na_dzien.html\"><img loading=\"lazy\" decoding=\"async\" aria-describedby=\"caption-attachment-2982\" class=\"wp-image-2982 \" src=\"http:\/\/ranking-kosmetykow.pl\/wp-content\/uploads\/2017\/07\/46dd79d17fd54a7d7614c71e4c0761bb.jpg\" alt=\"\" width=\"577\" height=\"770\" srcset=\"https:\/\/neness.pl\/blog\/wp-content\/uploads\/2017\/07\/46dd79d17fd54a7d7614c71e4c0761bb.jpg 750w, https:\/\/neness.pl\/blog\/wp-content\/uploads\/2017\/07\/46dd79d17fd54a7d7614c71e4c0761bb-225x300.jpg 225w, https:\/\/neness.pl\/blog\/wp-content\/uploads\/2017\/07\/46dd79d17fd54a7d7614c71e4c0761bb-610x813.jpg 610w\" sizes=\"auto, (max-width: 577px) 100vw, 577px\" \/><\/a><p id=\"caption-attachment-2982\" class=\"wp-caption-text\">Dermacol Gold Elixir Odm\u0142adzaj\u0105cy Krem na Dzie\u0144 \/ 39,80 z\u0142<\/p><\/div>\n<p>&nbsp;<\/p>\n<h3>Podk\u0142ad<\/h3>\n<p>Chyba ka\u017cdej z nas zdarzy\u0142o si\u0119 kupi\u0107 <strong>\u017ale dopasowany<\/strong> podk\u0142ad. Jest to najcz\u0119stszy i najpopularniejszy b\u0142\u0105d, jaki pope\u0142niaj\u0105 kobiety, wykonuj\u0105c makija\u017c.<\/p>\n<p>Dob\u00f3r <strong>w\u0142a\u015bciwego odcienia<\/strong> przysparza nam najwi\u0119cej problem\u00f3w, bo sztuczne o\u015bwietlenie w drogerii lub perfumerii cz\u0119sto sprawia, \u017ce wybrany kolor wygl\u0105da zupe\u0142nie inaczej ni\u017c w \u015bwietle dziennym. Przyj\u0119t\u0105 praktyk\u0105 jest r\u00f3wnie\u017c testowanie jego barwy na d\u0142oni lub nadgarstku, gdzie sk\u00f3ra ma zupe\u0142nie inny odcie\u0144 ni\u017c ta na twarzy i szyi.<\/p>\n<p>Wybrany kosmetyk zawsze sprawdzajmy na<strong> \u017cuchwie<\/strong>, tak, by jego odcie\u0144 jak najlepiej dopasowa\u0107 nie tylko do twarzy, ale r\u00f3wnie\u017c do <strong>szyi<\/strong> i <strong>dekoltu<\/strong>. W ten spos\u00f3b nasza twarz nie b\u0119dzie wygl\u0105da\u0142a jak maska. Warto r\u00f3wnie\u017c poprosi\u0107 przed zakupem o <strong>pr\u00f3bk\u0119<\/strong> kosmetyku, by w domu sprawdzi\u0107 czy na pewno wybrany kolor nam pasuje.<\/p>\n<p>&nbsp;<\/p>\n<div id=\"attachment_2981\" style=\"width: 488px\" class=\"wp-caption aligncenter\"><a href=\"https:\/\/neness.pl\/kosmetyki\/twarz\/podklady_i_pudry\/dermacol_podklad_eliminujacy_oznaki_zmeczenia_wake_and_make_up.html\"><img loading=\"lazy\" decoding=\"async\" aria-describedby=\"caption-attachment-2981\" class=\"wp-image-2981\" src=\"http:\/\/ranking-kosmetykow.pl\/wp-content\/uploads\/2017\/07\/8f7d54dd626646a9e6536c8ca8050519.png\" alt=\"\" width=\"478\" height=\"637\" srcset=\"https:\/\/neness.pl\/blog\/wp-content\/uploads\/2017\/07\/8f7d54dd626646a9e6536c8ca8050519.png 750w, https:\/\/neness.pl\/blog\/wp-content\/uploads\/2017\/07\/8f7d54dd626646a9e6536c8ca8050519-225x300.png 225w, https:\/\/neness.pl\/blog\/wp-content\/uploads\/2017\/07\/8f7d54dd626646a9e6536c8ca8050519-610x813.png 610w\" sizes=\"auto, (max-width: 478px) 100vw, 478px\" \/><\/a><p id=\"caption-attachment-2981\" class=\"wp-caption-text\">Dermacol Podk\u0142ad Eliminuj\u0105cy Oznaki Zm\u0119czenia Wake and Make up \/ 35,90 z\u0142<\/p><\/div>\n<p>&nbsp;<\/p>\n<p>&nbsp;<\/p>\n<p>Kolejnym b\u0142\u0119dem w makija\u017cu twarzy jest nak\u0142adanie podk\u0142adu <strong>bezpo\u015brednio<\/strong> po na\u0142o\u017ceniu kremu nawil\u017caj\u0105cego. Ryzykujemy w ten spos\u00f3b zwa\u017ceniem kosmetyku i sp\u0142yni\u0119ciem z twarzy. Lepiej odczeka\u0107 co najmniej <strong>5 minut<\/strong>, by krem dobrze si\u0119 wch\u0142on\u0105\u0142. Dzi\u0119ki temu b\u0119dzie stanowi\u0142 dobr\u0105 <strong>baz\u0119<\/strong>, a makija\u017c utrzyma si\u0119 na twarzy przez ca\u0142y dzie\u0144.<\/p>\n<p>Pami\u0119tajmy, by u\u017cywa\u0107 zawsze <strong>najmniejszej<\/strong> mo\u017cliwej ilo\u015bci podk\u0142adu. Wtedy \u0142adnie wtopi si\u0119 w sk\u00f3r\u0119 i nie b\u0119dzie wygl\u0105da\u0142 ci\u0119\u017cko. Je\u017celi chcemy ukry\u0107 niedoskona\u0142o\u015bci, zamiast podk\u0142adu, u\u017cyjmy w tym celu odpowiedniego <strong>korektora<\/strong> w kolorze dopasowanym do podk\u0142adu i twarzy.<\/p>\n<p>Do zamaskowania <strong>cieni pod oczami<\/strong> wybierzmy kosmetyk o <strong>lekkiej konsystencji<\/strong> w odcieniu zbli\u017conym do naszej karnacji. <strong>Unikajmy<\/strong> ci\u0119\u017ckich korektor\u00f3w \u2014 kamufla\u017cy i produkt\u00f3w kremowych, kt\u00f3re obci\u0105\u017caj\u0105 delikatn\u0105 sk\u00f3r\u0119 okolic oczu. B\u0119d\u0105 si\u0119 r\u00f3wnie\u017c zbiera\u0107 w za\u0142amaniach powieki. \u015awietnie za to sprawdz\u0105 si\u0119 korektory <strong>w p\u0119dzelku<\/strong>, kt\u00f3re dodatkowo odbijaj\u0105 \u015bwiat\u0142o i sprawiaj\u0105, \u017ce okolica oczu b\u0119dzie roz\u015bwietlona.<\/p>\n<p>&nbsp;<\/p>\n<div id=\"attachment_2983\" style=\"width: 564px\" class=\"wp-caption aligncenter\"><a href=\"https:\/\/neness.pl\/kosmetyki\/twarz\/podklady_i_pudry\/technic_puder_korygujacy_odcien_colour_correcting_setting_powder.html\"><img loading=\"lazy\" decoding=\"async\" aria-describedby=\"caption-attachment-2983\" class=\"wp-image-2983 \" src=\"http:\/\/ranking-kosmetykow.pl\/wp-content\/uploads\/2017\/07\/80e3f620f60b9add09c5bb3e07527427.jpg\" alt=\"\" width=\"554\" height=\"739\" srcset=\"https:\/\/neness.pl\/blog\/wp-content\/uploads\/2017\/07\/80e3f620f60b9add09c5bb3e07527427.jpg 750w, https:\/\/neness.pl\/blog\/wp-content\/uploads\/2017\/07\/80e3f620f60b9add09c5bb3e07527427-225x300.jpg 225w, https:\/\/neness.pl\/blog\/wp-content\/uploads\/2017\/07\/80e3f620f60b9add09c5bb3e07527427-610x813.jpg 610w\" sizes=\"auto, (max-width: 554px) 100vw, 554px\" \/><\/a><p id=\"caption-attachment-2983\" class=\"wp-caption-text\">Technic Puder Koryguj\u0105cy Odcie\u0144 Colour Correcting Setting Powder \/<br \/> 12,90 z\u0142<\/p><\/div>\n<p>&nbsp;<\/p>\n<p>&nbsp;<\/p>\n<p>Nie przesadzajmy r\u00f3wnie\u017c z<strong> pudrem<\/strong> \u2014 zbyt du\u017ca jego ilo\u015b\u0107 sprawi, \u017ce twarz b\u0119dzie wygl\u0105da\u0142a na przesuszon\u0105, a ca\u0142y makija\u017c mo\u017ce si\u0119 zwa\u017cy\u0107. Mo\u017ce on r\u00f3wnie\u017c wraz z podk\u0142adem zbiera\u0107 si\u0119 w za\u0142amaniach sk\u00f3ry i podkre\u015bla\u0107 zmarszczki.<\/p>\n<p>&nbsp;<\/p>\n<h3>Konturowanie<\/h3>\n<p>Tak modne ostatnio konturowanie, r\u00f3wnie\u017c mo\u017ce nie wygl\u0105da\u0107 dobrze, je\u017celi wykonane jest w <strong>niew\u0142a\u015bciwy<\/strong> lub zbyt <strong>wyrazisty<\/strong> spos\u00f3b. R\u00f3\u017c nak\u0142adajmy lekk\u0105 r\u0119k\u0105. Zbyt du\u017ca ilo\u015b\u0107 tego kosmetyku na policzkach sprawi, \u017ce twarz nabierze <strong>karykaturalnego<\/strong> wygl\u0105du, a r\u00f3\u017c na\u0142o\u017cony w <strong>z\u0142ym miejscu<\/strong> w kszta\u0142cie k\u00f3\u0142eczek koloru mo\u017ce przypomina\u0107 makija\u017c\u00a0klauna.<\/p>\n<p>R\u00f3\u017c nak\u0142adajmy w niewielkiej ilo\u015bci, najlepiej przy<strong> dziennym \u015bwietle<\/strong> i dobrze <strong>rozcierajmy<\/strong>. W ten spos\u00f3b doda on twarzy <strong>\u015bwie\u017co\u015bci<\/strong> i m\u0142odzie\u0144czego <strong>blasku<\/strong>.<\/p>\n<p>&nbsp;<\/p>\n<div id=\"attachment_2984\" style=\"width: 502px\" class=\"wp-caption aligncenter\"><a href=\"https:\/\/neness.pl\/kosmetyki\/twarz\/roze_bronzery_i_rozswietlacze\/dermacol_01_mineralny_roz_prasowany_duo_blusher.html\"><img loading=\"lazy\" decoding=\"async\" aria-describedby=\"caption-attachment-2984\" class=\"wp-image-2984 \" src=\"http:\/\/ranking-kosmetykow.pl\/wp-content\/uploads\/2017\/07\/81c2a7222f3f2286be92b3480a8b56ae.png\" alt=\"\" width=\"492\" height=\"656\" srcset=\"https:\/\/neness.pl\/blog\/wp-content\/uploads\/2017\/07\/81c2a7222f3f2286be92b3480a8b56ae.png 750w, https:\/\/neness.pl\/blog\/wp-content\/uploads\/2017\/07\/81c2a7222f3f2286be92b3480a8b56ae-225x300.png 225w, https:\/\/neness.pl\/blog\/wp-content\/uploads\/2017\/07\/81c2a7222f3f2286be92b3480a8b56ae-610x813.png 610w\" sizes=\"auto, (max-width: 492px) 100vw, 492px\" \/><\/a><p id=\"caption-attachment-2984\" class=\"wp-caption-text\">Dermacol Mineralny R\u00f3\u017c Prasowany \/ 17,50 z\u0142<\/p><\/div>\n<p>&nbsp;<\/p>\n<p>&nbsp;<\/p>\n<p>Nak\u0142adaj\u0105c bronzer, zwr\u00f3\u0107my r\u00f3wnie\u017c uwag\u0119, by by\u0142 on dobrze <strong>roztarty<\/strong>. Plama koloru w kilku miejscach na twarzy nigdy nie b\u0119dzie wygl\u0105da\u0142a dobrze, a czasami mo\u017ce ona wr\u0119cz wygl\u0105da\u0107 na <strong>brudn\u0105<\/strong>, szczeg\u00f3lnie je\u017celi kolor tego kosmetyku nie b\u0119dzie odpowiednio dopasowany do naszej karnacji. Je\u015bli nie mamy wprawy w u\u017cywaniu kosmetyk\u00f3w bronzuj\u0105cych, postawmy tylko na delikatne <strong>zaakcentowanie<\/strong> policzk\u00f3w r\u00f3\u017cem \u2014 na pewno unikniemy wpadki.<\/p>\n","protected":false},"excerpt":{"rendered":"<p>G\u0142\u00f3wn\u0105 rol\u0105 makija\u017cu jest przede wszystkim podkre\u015blenie urody i ewentualne zamaskowanie niedoskona\u0142o\u015bci, kt\u00f3re chcemy ukry\u0107. Niestety cz\u0119sto, zazwyczaj nie\u015bwiadomie, pope\u0142niamy b\u0142\u0119dy, kt\u00f3re nie tylko sprawiaj\u0105, \u017ce makija\u017c nie wygl\u0105da tak, jak powinien, a wr\u0119cz dzia\u0142a na niekorzy\u015b\u0107 dla naszego wygl\u0105du. Jakie b\u0142\u0119dy pope\u0142niamy najcz\u0119\u015bciej i jak si\u0119 przed nimi ustrzec?<\/p>\n","protected":false},"author":2,"featured_media":2980,"comment_status":"open","ping_status":"open","sticky":false,"template":"","format":"standard","meta":{"_et_pb_use_builder":"","_et_pb_old_content":"","_et_gb_content_width":"","footnotes":""},"categories":[41],"tags":[],"class_list":["post-2978","post","type-post","status-publish","format-standard","has-post-thumbnail","hentry","category-olsniewaj-makijazem","et-has-post-format-content","et_post_format-et-post-format-standard"],"_links":{"self":[{"href":"https:\/\/neness.pl\/blog\/wp-json\/wp\/v2\/posts\/2978","targetHints":{"allow":["GET"]}}],"collection":[{"href":"https:\/\/neness.pl\/blog\/wp-json\/wp\/v2\/posts"}],"about":[{"href":"https:\/\/neness.pl\/blog\/wp-json\/wp\/v2\/types\/post"}],"author":[{"embeddable":true,"href":"https:\/\/neness.pl\/blog\/wp-json\/wp\/v2\/users\/2"}],"replies":[{"embeddable":true,"href":"https:\/\/neness.pl\/blog\/wp-json\/wp\/v2\/comments?post=2978"}],"version-history":[{"count":0,"href":"https:\/\/neness.pl\/blog\/wp-json\/wp\/v2\/posts\/2978\/revisions"}],"wp:featuredmedia":[{"embeddable":true,"href":"https:\/\/neness.pl\/blog\/wp-json\/wp\/v2\/media\/2980"}],"wp:attachment":[{"href":"https:\/\/neness.pl\/blog\/wp-json\/wp\/v2\/media?parent=2978"}],"wp:term":[{"taxonomy":"category","embeddable":true,"href":"https:\/\/neness.pl\/blog\/wp-json\/wp\/v2\/categories?post=2978"},{"taxonomy":"post_tag","embeddable":true,"href":"https:\/\/neness.pl\/blog\/wp-json\/wp\/v2\/tags?post=2978"}],"curies":[{"name":"wp","href":"https:\/\/api.w.org\/{rel}","templated":true}]}}