{"id":2919,"date":"2017-07-21T09:43:02","date_gmt":"2017-07-21T07:43:02","guid":{"rendered":"http:\/\/ranking-kosmetykow.pl\/?p=2919"},"modified":"2017-07-21T09:43:02","modified_gmt":"2017-07-21T07:43:02","slug":"najczesciej-popelniane-bledy-w-makijazu-oka","status":"publish","type":"post","link":"https:\/\/neness.pl\/blog\/najczesciej-popelniane-bledy-w-makijazu-oka\/","title":{"rendered":"Najcz\u0119\u015bciej pope\u0142niane b\u0142\u0119dy w makija\u017cu oka"},"content":{"rendered":"<p>Odpowiednio dobrany makija\u017c potrafi zdzia\u0142a\u0107 cuda, jednak cz\u0119sto zdarza si\u0119, \u017ce przez brak umiej\u0119tno\u015bci oraz odpowiedniej wiedzy, zamiast subtelnie podkre\u015bla\u0107 atuty kobiecej urody, sprawia, \u017ce wygl\u0105damy niekorzystnie. Oto kilka najcz\u0119\u015bciej pope\u0142nianych b\u0142\u0119d\u00f3w w makija\u017cu oka, kt\u00f3ry w prosty spos\u00f3b mo\u017cna unikn\u0105\u0107.<br \/>\n<!--more--><\/p>\n<h3><\/h3>\n<h3>1. Krzywe kreski na powiece<\/h3>\n<p>Cho\u0107 b\u0142\u0105d ten nie wynika z braku umiaru w makija\u017cu, lecz z <strong>niewystarczaj\u0105cych umiej\u0119tno\u015bci<\/strong>, jest on w stanie zepsu\u0107 ca\u0142y look, sprawiaj\u0105c, \u017ce b\u0119dziemy wygl\u0105da\u0107 komicznie. Rysowanie prostych kresek przy u\u017cyciu eyelinera przez osoby pocz\u0105tkuj\u0105ce, mo\u017ce przysparza\u0107 wielu problem\u00f3w. Jednak dobra wiadomo\u015b\u0107 jest taka, \u017ce jest to kwestia wy\u0142\u0105cznie <strong>praktyki<\/strong> oraz dobrania odpowiedniego, <strong>precyzyjnego p\u0119dzelka<\/strong>.<\/p>\n<p>W przeciwnym razie otrzymujemy efekt niechlujnego i nieestetycznego makija\u017cu, kt\u00f3ry sprawia wra\u017cenie wczorajszego. Jest to o tyle istotne, \u017ce podczas rozmowy patrzymy ludziom w oczy, dlatego te\u017c tego typu b\u0142\u0105d nigdy nie pozostanie niezauwa\u017cony.<\/p>\n<div id=\"attachment_2921\" style=\"width: 406px\" class=\"wp-caption aligncenter\"><a href=\"https:\/\/neness.pl\/kosmetyki\/oczy\/kredki_i_eyelinery\/max_factor_masterpiece_glide_define_liquid_eyeliner_eyeliner_we_flamastrze.html\" target=\"_blank\" rel=\"noopener noreferrer\"><img loading=\"lazy\" decoding=\"async\" aria-describedby=\"caption-attachment-2921\" class=\"wp-image-2921 \" src=\"http:\/\/ranking-kosmetykow.pl\/wp-content\/uploads\/2017\/07\/5465e1a7b23befdfc72fe928edef936f.jpg\" alt=\"\" width=\"396\" height=\"528\" srcset=\"https:\/\/neness.pl\/blog\/wp-content\/uploads\/2017\/07\/5465e1a7b23befdfc72fe928edef936f.jpg 750w, https:\/\/neness.pl\/blog\/wp-content\/uploads\/2017\/07\/5465e1a7b23befdfc72fe928edef936f-225x300.jpg 225w, https:\/\/neness.pl\/blog\/wp-content\/uploads\/2017\/07\/5465e1a7b23befdfc72fe928edef936f-610x813.jpg 610w\" sizes=\"auto, (max-width: 396px) 100vw, 396px\" \/><\/a><p id=\"caption-attachment-2921\" class=\"wp-caption-text\">Max Factor Masterpiece Glide &amp; Define Liquid Eyeliner \/ 19,90 z\u0142<\/p><\/div>\n<h3>2. Zbyt mocno wytuszowane rz\u0119sy<\/h3>\n<p>Przesada nigdy nie jest dobra i nie inaczej jest w przypadku malowania rz\u0119s. Zbyt du\u017ca ilo\u015b\u0107 tuszu na rz\u0119sach sprawia, \u017ce b\u0119d\u0105 one <strong>nieestetyczne<\/strong> i <strong>posklejane<\/strong>. R\u00f3wnie cz\u0119sto zdarza si\u0119, \u017ce za du\u017co tuszu powoduje powstawanie <strong>grudek<\/strong>, kt\u00f3re zawsze b\u0119d\u0105 wygl\u0105da\u0107 \u017ale. W takim przypadku warto ograniczy\u0107 si\u0119 do niewielkiej ilo\u015bci kosmetyku, poniewa\u017c, jak powszechnie wiadomo &#8211; czasem<strong> mniej znaczy wi\u0119cej.<\/strong><\/p>\n<div id=\"attachment_2924\" style=\"width: 437px\" class=\"wp-caption aligncenter\"><a href=\"https:\/\/neness.pl\/kosmetyki\/oczy\/tusze_do_rzes\/loreal_voluminous_superstar_tusz_do_rzes.html\" target=\"_blank\" rel=\"noopener noreferrer\"><img loading=\"lazy\" decoding=\"async\" aria-describedby=\"caption-attachment-2924\" class=\"wp-image-2924 \" src=\"http:\/\/ranking-kosmetykow.pl\/wp-content\/uploads\/2017\/07\/b2a1605d36d0202b3628f3d70b4e1f1d.jpg\" alt=\"\" width=\"427\" height=\"569\" srcset=\"https:\/\/neness.pl\/blog\/wp-content\/uploads\/2017\/07\/b2a1605d36d0202b3628f3d70b4e1f1d.jpg 750w, https:\/\/neness.pl\/blog\/wp-content\/uploads\/2017\/07\/b2a1605d36d0202b3628f3d70b4e1f1d-225x300.jpg 225w, https:\/\/neness.pl\/blog\/wp-content\/uploads\/2017\/07\/b2a1605d36d0202b3628f3d70b4e1f1d-610x813.jpg 610w\" sizes=\"auto, (max-width: 427px) 100vw, 427px\" \/><\/a><p id=\"caption-attachment-2924\" class=\"wp-caption-text\">Loreal Voluminous Superstar Tusz do Rz\u0119s \/ 29,90 z\u0142<\/p><\/div>\n<h3>3. Za mocny makija\u017c<\/h3>\n<p>Podobnie, jak w przypadku rz\u0119s \u2013 zbyt mocny makija\u017c b\u0119dzie przyci\u0105ga\u0142 spojrzenia, ale g\u0142\u00f3wnie te wynikaj\u0105ce z politowania. Wyraziste cienie na powiekach,<strong> zbyt mocno wytuszowane rz\u0119sy<\/strong> oraz<strong> gruba kreska<\/strong> to za du\u017co naraz. Umiar jest kluczem do uzyskania estetycznego i eleganckiego makija\u017cu oka. Je\u017celi wi\u0119c decydujesz si\u0119 na u\u017cycie eyelinera, zrezygnuj z krzykliwych cieni do powiek.<\/p>\n<h3>4. Zbyt wyra\u017ane brwi<\/h3>\n<p>W dzisiejszych czasach panuje moda na farbowanie brwi <strong>henn\u0105<\/strong> lub te\u017c <strong>przyciemnianie<\/strong> ich przy u\u017cyciu kredki. Niestety, cz\u0119sto zdarza si\u0119, \u017ce efekt jest godny po\u017ca\u0142owania. Dzieje si\u0119 tak szczeg\u00f3lnie w przypadku <strong>zbyt grubych<\/strong>, <strong>czarnych brwi<\/strong>, kt\u00f3re nie tylko wygl\u0105daj\u0105 sztucznie, ale r\u00f3wnie\u017c sprawiaj\u0105, \u017ce pozosta\u0142a cz\u0119\u015b\u0107 twarzy zostaje niezauwa\u017cona.<\/p>\n<p>B\u0142\u0119dem jest r\u00f3wnie\u017c<strong> zbyt du\u017cy kontrast<\/strong> \u2013 osoby z blond w\u0142osami powinny unika\u0107 farbowania brwi na zbyt ciemne kolory. Szacuje si\u0119, \u017ce ich kolor powinien by\u0107 o <strong>jeden ton ja\u015bniejszy<\/strong> od odcienia w\u0142os\u00f3w. Dzi\u0119ki temu unikniemy sytuacji, w kt\u00f3rej brwi b\u0119d\u0105 wygl\u0105da\u0107 jak dwie ciemne kreski wykonane pisakiem.<\/p>\n<div id=\"attachment_2925\" style=\"width: 344px\" class=\"wp-caption aligncenter\"><a href=\"https:\/\/neness.pl\/kosmetyki\/oczy\/palety_do_brwi\/dermacol_01_pudrowy_cien_do_brwi_powder_eyebrow_shadow.html\" target=\"_blank\" rel=\"noopener noreferrer\"><img loading=\"lazy\" decoding=\"async\" aria-describedby=\"caption-attachment-2925\" class=\"wp-image-2925 \" src=\"http:\/\/ranking-kosmetykow.pl\/wp-content\/uploads\/2017\/07\/549224cd0ca249bfc721120572edd287.png\" alt=\"\" width=\"334\" height=\"446\" srcset=\"https:\/\/neness.pl\/blog\/wp-content\/uploads\/2017\/07\/549224cd0ca249bfc721120572edd287.png 750w, https:\/\/neness.pl\/blog\/wp-content\/uploads\/2017\/07\/549224cd0ca249bfc721120572edd287-225x300.png 225w, https:\/\/neness.pl\/blog\/wp-content\/uploads\/2017\/07\/549224cd0ca249bfc721120572edd287-610x813.png 610w\" sizes=\"auto, (max-width: 334px) 100vw, 334px\" \/><\/a><p id=\"caption-attachment-2925\" class=\"wp-caption-text\">Dermacol Pudrowy Cie\u0144 do Brwi Powder Eyebrow Shadow \/ 31,50 z\u0142<\/p><\/div>\n","protected":false},"excerpt":{"rendered":"<p>Odpowiednio dobrany makija\u017c potrafi zdzia\u0142a\u0107 cuda, jednak cz\u0119sto zdarza si\u0119, \u017ce przez brak umiej\u0119tno\u015bci oraz odpowiedniej wiedzy, zamiast subtelnie podkre\u015bla\u0107 atuty kobiecej urody, sprawia, \u017ce wygl\u0105damy niekorzystnie. Oto kilka najcz\u0119\u015bciej pope\u0142nianych b\u0142\u0119d\u00f3w w makija\u017cu oka, kt\u00f3ry w prosty spos\u00f3b mo\u017cna unikn\u0105\u0107.<\/p>\n","protected":false},"author":2,"featured_media":2927,"comment_status":"open","ping_status":"open","sticky":false,"template":"","format":"standard","meta":{"_et_pb_use_builder":"","_et_pb_old_content":"","_et_gb_content_width":"","footnotes":""},"categories":[41],"tags":[],"class_list":["post-2919","post","type-post","status-publish","format-standard","has-post-thumbnail","hentry","category-olsniewaj-makijazem","et-has-post-format-content","et_post_format-et-post-format-standard"],"_links":{"self":[{"href":"https:\/\/neness.pl\/blog\/wp-json\/wp\/v2\/posts\/2919","targetHints":{"allow":["GET"]}}],"collection":[{"href":"https:\/\/neness.pl\/blog\/wp-json\/wp\/v2\/posts"}],"about":[{"href":"https:\/\/neness.pl\/blog\/wp-json\/wp\/v2\/types\/post"}],"author":[{"embeddable":true,"href":"https:\/\/neness.pl\/blog\/wp-json\/wp\/v2\/users\/2"}],"replies":[{"embeddable":true,"href":"https:\/\/neness.pl\/blog\/wp-json\/wp\/v2\/comments?post=2919"}],"version-history":[{"count":0,"href":"https:\/\/neness.pl\/blog\/wp-json\/wp\/v2\/posts\/2919\/revisions"}],"wp:featuredmedia":[{"embeddable":true,"href":"https:\/\/neness.pl\/blog\/wp-json\/wp\/v2\/media\/2927"}],"wp:attachment":[{"href":"https:\/\/neness.pl\/blog\/wp-json\/wp\/v2\/media?parent=2919"}],"wp:term":[{"taxonomy":"category","embeddable":true,"href":"https:\/\/neness.pl\/blog\/wp-json\/wp\/v2\/categories?post=2919"},{"taxonomy":"post_tag","embeddable":true,"href":"https:\/\/neness.pl\/blog\/wp-json\/wp\/v2\/tags?post=2919"}],"curies":[{"name":"wp","href":"https:\/\/api.w.org\/{rel}","templated":true}]}}