{"id":2888,"date":"2017-07-17T11:45:09","date_gmt":"2017-07-17T09:45:09","guid":{"rendered":"http:\/\/ranking-kosmetykow.pl\/?p=2888"},"modified":"2017-07-17T11:45:09","modified_gmt":"2017-07-17T09:45:09","slug":"kosmetyki-niezbedne-na-plazy","status":"publish","type":"post","link":"https:\/\/neness.pl\/blog\/kosmetyki-niezbedne-na-plazy\/","title":{"rendered":"Kosmetyki niezb\u0119dne na pla\u017cy"},"content":{"rendered":"<p>Lato, s\u0142o\u0144ce i pla\u017ca to urlopowe plany wielu os\u00f3b. Jednak d\u0142ugotrwa\u0142e wylegiwanie si\u0119 na piasku oraz k\u0105piele w morzu mog\u0105 by\u0107 zgubne szczeg\u00f3lnie dla naszego zdrowia oraz urody. Wyj\u015bcie na pla\u017c\u0119 to nie tylko beztroska zabawa i relaks, ale r\u00f3wnie\u017c odpowiednia<strong> piel\u0119gnacja sk\u00f3ry.<\/strong> Co wi\u0119c bra\u0107 ze sob\u0105 na pla\u017c\u0119, by wypoczynek by\u0142 w pe\u0142ni bezpieczny i przyjemny?<br \/>\n&nbsp;<\/p>\n<h3>Po pierwsze &#8211;\u00a0kosmetyki z filtrem<\/h3>\n<p>Ka\u017cdemu urlopowi sp\u0119dzanemu nad morzem powinna towarzyszy\u0107 kosmetyczka wype\u0142niona niezb\u0119dnymi produktami, kt\u00f3re zadbaj\u0105 o nasz\u0105 sk\u00f3r\u0119 podczas d\u0142ugich <strong>k\u0105pieli<\/strong>. Najbardziej oczywistym kosmetykiem, kt\u00f3ry jest niezast\u0105piony podczas przebywania nad wod\u0105 s\u0105 <strong>kremy z filtrami<\/strong>, chroni\u0105ce przed promieniami s\u0142onecznymi.<\/p>\n<p>W przypadku bardzo jasnych karnacji niezb\u0119dne s\u0105 wysokie filtry, np. <strong>SPF 50<\/strong>, natomiast osobom ze sk\u00f3r\u0105 nieco ciemniejsz\u0105 polecane s\u0105 filtry <strong>15<\/strong> lub te\u017c <strong>30.<\/strong> Jednak poza samymi kremami z filtrem do twarzy i cia\u0142a r\u00f3wnie istotne jest stosowanie specjalnych <strong>balsam\u00f3w<\/strong>, kt\u00f3re w znaczny spos\u00f3b z\u0142agodz\u0105 oraz odpowiednio <strong>wypiel\u0119gnuj\u0105 sk\u00f3r\u0119<\/strong>, kt\u00f3ra przez ca\u0142y dzie\u0144 by\u0142a nara\u017cona na dzia\u0142anie s\u0142o\u0144ca.<br \/>\n&nbsp;<br \/>\n<div id=\"attachment_2892\" style=\"width: 575px\" class=\"wp-caption aligncenter\"><a href=\"https:\/\/neness.pl\/kosmetyki\/pielegnacja_ciala\/balsamy_do_ciala\/dermacol_aroma_ritual_balsam_do_ciala_karaibski_sen_body_lotion.html\" target=\"_blank\" rel=\"noopener noreferrer\"><img loading=\"lazy\" decoding=\"async\" aria-describedby=\"caption-attachment-2892\" class=\"wp-image-2892 \" src=\"http:\/\/ranking-kosmetykow.pl\/wp-content\/uploads\/2017\/07\/fe72a0c20bbba8e17f36f6b614c974d6-1.jpg\" alt=\"\" width=\"565\" height=\"754\" srcset=\"https:\/\/neness.pl\/blog\/wp-content\/uploads\/2017\/07\/fe72a0c20bbba8e17f36f6b614c974d6-1.jpg 750w, https:\/\/neness.pl\/blog\/wp-content\/uploads\/2017\/07\/fe72a0c20bbba8e17f36f6b614c974d6-1-225x300.jpg 225w, https:\/\/neness.pl\/blog\/wp-content\/uploads\/2017\/07\/fe72a0c20bbba8e17f36f6b614c974d6-1-610x813.jpg 610w\" sizes=\"auto, (max-width: 565px) 100vw, 565px\" \/><\/a><p id=\"caption-attachment-2892\" class=\"wp-caption-text\">Dermacol Aroma Ritual Balsam do Cia\u0142a Karaibski Sen Body Lotion \/ 15,90 z\u0142<\/p><\/div><br \/>\n&nbsp;<br \/>\nWarto tu wspomnie\u0107, \u017ce nale\u017cy unika\u0107 <strong>zbyt t\u0142ustych konsystencji<\/strong>, kt\u00f3rych dzia\u0142anie mo\u017ce przyczyni\u0107 si\u0119 do podra\u017cnienia nagrzanego cia\u0142a.<br \/>\n&nbsp;<\/p>\n<h3>Po drugie &#8211; piel\u0119gnacja w\u0142os\u00f3w<\/h3>\n<p>R\u00f3wnie wa\u017cna jest odpowiednia <strong>piel\u0119gnacja w\u0142os\u00f3w<\/strong> \u2013 ich <strong>od\u017cywienie<\/strong> oraz <strong>nawil\u017cenie<\/strong> sprawi, \u017ce nie b\u0119d\u0105 one przesuszone, ani \u0142amliwe. Spakuj wi\u0119c do kosmetyczki ekspresow\u0105 i g\u0142\u0119boko <strong>regeneruj\u0105c\u0105 od\u017cywk\u0119<\/strong>, kt\u00f3ra <strong>od\u017cywi<\/strong> i <strong>zregeneruje<\/strong> zniszczone pasma, zapewniaj\u0105c w\u0142a\u015bciwy <strong>poziom nawil\u017cenia<\/strong> struktury w\u0142osa.<br \/>\n&nbsp;<br \/>\n<div id=\"attachment_2895\" style=\"width: 595px\" class=\"wp-caption aligncenter\"><a href=\"https:\/\/neness.pl\/kosmetyki\/wlosy\/odzywki_i_maski\/kallos_lab_35_curl_mania_odzywka_250ml.html\" target=\"_blank\" rel=\"noopener noreferrer\"><img loading=\"lazy\" decoding=\"async\" aria-describedby=\"caption-attachment-2895\" class=\"wp-image-2895 \" src=\"http:\/\/ranking-kosmetykow.pl\/wp-content\/uploads\/2017\/07\/1b211bee241ceb8ec89cfd1869cae5d9-1.jpeg\" alt=\"\" width=\"585\" height=\"780\" srcset=\"https:\/\/neness.pl\/blog\/wp-content\/uploads\/2017\/07\/1b211bee241ceb8ec89cfd1869cae5d9-1.jpeg 750w, https:\/\/neness.pl\/blog\/wp-content\/uploads\/2017\/07\/1b211bee241ceb8ec89cfd1869cae5d9-1-225x300.jpeg 225w, https:\/\/neness.pl\/blog\/wp-content\/uploads\/2017\/07\/1b211bee241ceb8ec89cfd1869cae5d9-1-610x813.jpeg 610w\" sizes=\"auto, (max-width: 585px) 100vw, 585px\" \/><\/a><p id=\"caption-attachment-2895\" class=\"wp-caption-text\">Kallos Lab 35 Curl Mania Od\u017cywka \/ 13,90 z\u0142<\/p><\/div><\/p>\n<h3>Po trzecie &#8211; delikatny make up<\/h3>\n<p>Niekt\u00f3re kobiety, id\u0105c na pla\u017c\u0119, decyduj\u0105 si\u0119 na <strong>delikatny makija\u017c.<\/strong> W takim przypadku niezb\u0119dne oka\u017c\u0105 si\u0119 niewielkie <strong>bibu\u0142ki matuj\u0105ce<\/strong>, kt\u00f3re s\u0105 niezb\u0119dne, gdy sk\u00f3ra zaczyna si\u0119 b\u0142yszcze\u0107, a makija\u017c rozp\u0142ywa\u0107. Wystarczy przycisn\u0105\u0107 j\u0105 na chwil\u0119 do twarzy, by usun\u0105\u0107 nadmiar sebum.<\/p>\n<p>Nast\u0119pnie nale\u017cy <strong>przypudrowa\u0107<\/strong> delikatnie twarz niewielk\u0105 ilo\u015bci\u0105 <strong>transparentnego pudru<\/strong>, dzi\u0119ki kt\u00f3remu cera b\u0119dzie wygl\u0105da\u0142a <strong>\u015bwie\u017co<\/strong>, a przy tym <strong>naturalnie<\/strong>.<br \/>\n&nbsp;<br \/>\n<div id=\"attachment_2897\" style=\"width: 575px\" class=\"wp-caption aligncenter\"><a href=\"https:\/\/neness.pl\/kosmetyki\/twarz\/podklady_i_pudry\/ecocera_transparentny_puder_ryzowy_fixer.html\" target=\"_blank\" rel=\"noopener noreferrer\"><img loading=\"lazy\" decoding=\"async\" aria-describedby=\"caption-attachment-2897\" class=\"wp-image-2897 \" src=\"http:\/\/ranking-kosmetykow.pl\/wp-content\/uploads\/2017\/07\/cbe9896e5142eb3fdb92b45a3f669f4e.png\" alt=\"\" width=\"565\" height=\"753\" srcset=\"https:\/\/neness.pl\/blog\/wp-content\/uploads\/2017\/07\/cbe9896e5142eb3fdb92b45a3f669f4e.png 750w, https:\/\/neness.pl\/blog\/wp-content\/uploads\/2017\/07\/cbe9896e5142eb3fdb92b45a3f669f4e-225x300.png 225w, https:\/\/neness.pl\/blog\/wp-content\/uploads\/2017\/07\/cbe9896e5142eb3fdb92b45a3f669f4e-610x813.png 610w\" sizes=\"auto, (max-width: 565px) 100vw, 565px\" \/><\/a><p id=\"caption-attachment-2897\" class=\"wp-caption-text\">EcoCera Transparentny Puder Ry\u017cowy Fixer \/ 18,90 z\u0142<\/p><\/div><br \/>\n&nbsp;<br \/>\nNiezale\u017cnie od tego, na jak d\u0142ugi czas wybieramy si\u0119 nad morze, warto pami\u0119ta\u0107 o odpowiedniej<strong> piel\u0119gnacji cia\u0142a<\/strong>, by unikn\u0105\u0107 przykrych niespodzianek, zwi\u0105zanych np. z poparzeniem s\u0142onecznym. Powy\u017cszy niezb\u0119dnik pozwoli wi\u0119c Tobie cieszy\u0107 si\u0119 urlopem, przy jednoczesnym zachowaniu bezpiecze\u0144stwa.<\/p>\n","protected":false},"excerpt":{"rendered":"<p>Lato, s\u0142o\u0144ce i pla\u017ca to urlopowe plany wielu os\u00f3b. Jednak d\u0142ugotrwa\u0142e wylegiwanie si\u0119 na piasku oraz k\u0105piele w morzu mog\u0105 by\u0107 zgubne szczeg\u00f3lnie dla naszego zdrowia oraz urody. Wyj\u015bcie na pla\u017c\u0119 to nie tylko beztroska zabawa i relaks, ale r\u00f3wnie\u017c odpowiednia piel\u0119gnacja sk\u00f3ry. Co wi\u0119c bra\u0107 ze sob\u0105 na pla\u017c\u0119, by wypoczynek by\u0142 w pe\u0142ni [&hellip;]<\/p>\n","protected":false},"author":2,"featured_media":2899,"comment_status":"open","ping_status":"open","sticky":false,"template":"","format":"standard","meta":{"_et_pb_use_builder":"","_et_pb_old_content":"","_et_gb_content_width":"","footnotes":""},"categories":[185],"tags":[],"class_list":["post-2888","post","type-post","status-publish","format-standard","has-post-thumbnail","hentry","category-codzienna-pielegnacja","et-has-post-format-content","et_post_format-et-post-format-standard"],"_links":{"self":[{"href":"https:\/\/neness.pl\/blog\/wp-json\/wp\/v2\/posts\/2888","targetHints":{"allow":["GET"]}}],"collection":[{"href":"https:\/\/neness.pl\/blog\/wp-json\/wp\/v2\/posts"}],"about":[{"href":"https:\/\/neness.pl\/blog\/wp-json\/wp\/v2\/types\/post"}],"author":[{"embeddable":true,"href":"https:\/\/neness.pl\/blog\/wp-json\/wp\/v2\/users\/2"}],"replies":[{"embeddable":true,"href":"https:\/\/neness.pl\/blog\/wp-json\/wp\/v2\/comments?post=2888"}],"version-history":[{"count":0,"href":"https:\/\/neness.pl\/blog\/wp-json\/wp\/v2\/posts\/2888\/revisions"}],"wp:featuredmedia":[{"embeddable":true,"href":"https:\/\/neness.pl\/blog\/wp-json\/wp\/v2\/media\/2899"}],"wp:attachment":[{"href":"https:\/\/neness.pl\/blog\/wp-json\/wp\/v2\/media?parent=2888"}],"wp:term":[{"taxonomy":"category","embeddable":true,"href":"https:\/\/neness.pl\/blog\/wp-json\/wp\/v2\/categories?post=2888"},{"taxonomy":"post_tag","embeddable":true,"href":"https:\/\/neness.pl\/blog\/wp-json\/wp\/v2\/tags?post=2888"}],"curies":[{"name":"wp","href":"https:\/\/api.w.org\/{rel}","templated":true}]}}