{"id":2871,"date":"2017-07-14T13:46:32","date_gmt":"2017-07-14T11:46:32","guid":{"rendered":"http:\/\/ranking-kosmetykow.pl\/?p=2871"},"modified":"2017-07-14T13:46:32","modified_gmt":"2017-07-14T11:46:32","slug":"wlosy-krecone-jak-o-nie-dbac","status":"publish","type":"post","link":"https:\/\/neness.pl\/blog\/wlosy-krecone-jak-o-nie-dbac\/","title":{"rendered":"W\u0142osy kr\u0119cone &#8211; jak o nie dba\u0107?"},"content":{"rendered":"<p>W\u0142osy<strong> kr\u0119cone<\/strong> i <strong>falowane<\/strong>\u00a0s\u0105 marzeniem wielu posiadaczek w\u0142os\u00f3w prostych i niepodatnych na uk\u0142adanie. Cho\u0107 pi\u0119kne, potrafi\u0105 one przysporzy\u0107 wielu problem\u00f3w ich w\u0142a\u015bcicielkom. Wymagaj\u0105 bowiem specjalnej piel\u0119gnacji, by \u0142adnie si\u0119 prezentowa\u0142y\u00a0i by\u0142y dobrze od\u017cywione. Je\u015bli zadbamy o nie we w\u0142a\u015bciwy spos\u00f3b, na pewno odwdzi\u0119cz\u0105 nam si\u0119 burz\u0105 zdrowych i l\u015bni\u0105cych lok\u00f3w.<\/p>\n<h3><span style=\"color: #ffffff;\">\u00a0.<\/span><\/h3>\n<h3>W\u0142osy kr\u0119cone &#8211; charakterystyka<\/h3>\n<p>W\u0142osy kr\u0119cone w wi\u0119kszo\u015bci przypadk\u00f3w s\u0105 w\u0142osami <strong>suchymi<\/strong>, dlatego wymagaj\u0105 szczeg\u00f3lnej<strong> piel\u0119gnacji<\/strong>. Jednocze\u015bnie cz\u0119sto maj\u0105 tendencj\u0119 do wygl\u0105dania na obci\u0105\u017cone i przet\u0142uszczania przy nasadzie, a pod wp\u0142ywem wilgoci \u0142atwo si\u0119 <strong>pusz\u0105<\/strong>. Dodatkowo, przez swoj\u0105 struktur\u0119, s\u0105 one bardzo podatne na <strong>\u0142amanie<\/strong> i <strong>uszkodzenia<\/strong> mechaniczne.\u00a0Dlatego poszczeg\u00f3lne etapy piel\u0119gnacji takich w\u0142os\u00f3w wymagaj\u0105 nieco innych zabieg\u00f3w ni\u017c w\u0142osy proste.<\/p>\n<p>&nbsp;<\/p>\n<h3>Mycie<\/h3>\n<p>Jako <strong>suche<\/strong>, a co za tym idzie \u0142amliwe, w\u0142osy kr\u0119cone wymagaj\u0105 <strong>delikatnego<\/strong> traktowania. Do ich mycia warto u\u017cywa\u0107 <strong>\u0142agodnego<\/strong>\u00a0szamponu. \u015awietnie sprawdz\u0105 si\u0119 kosmetyki zio\u0142owe lub po prostu szampon dla dzieci.<\/p>\n<p>&nbsp;<\/p>\n<div id=\"attachment_2878\" style=\"width: 637px\" class=\"wp-caption aligncenter\"><a href=\"https:\/\/neness.pl\/kosmetyki\/wlosy\/szampony\/kallos_lab_35_curl_mania_szampon_300ml.html\"><img loading=\"lazy\" decoding=\"async\" aria-describedby=\"caption-attachment-2878\" class=\"wp-image-2878 \" src=\"http:\/\/ranking-kosmetykow.pl\/wp-content\/uploads\/2017\/07\/92881ef11df5537a05668437e9542780.png\" alt=\"\" width=\"627\" height=\"836\" srcset=\"https:\/\/neness.pl\/blog\/wp-content\/uploads\/2017\/07\/92881ef11df5537a05668437e9542780.png 750w, https:\/\/neness.pl\/blog\/wp-content\/uploads\/2017\/07\/92881ef11df5537a05668437e9542780-225x300.png 225w, https:\/\/neness.pl\/blog\/wp-content\/uploads\/2017\/07\/92881ef11df5537a05668437e9542780-610x813.png 610w\" sizes=\"auto, (max-width: 627px) 100vw, 627px\" \/><\/a><p id=\"caption-attachment-2878\" class=\"wp-caption-text\">Kallos Lab 35 Curl Mania Szampon 300ml \/ 12,90 z\u0142<\/p><\/div>\n<p>&nbsp;<\/p>\n<p>&nbsp;<\/p>\n<p>Po umyciu <strong>obowi\u0105zkowym<\/strong> krokiem\u00a0powinno by\u0107 na\u0142o\u017cenie nawil\u017caj\u0105cej <strong>od\u017cywki<\/strong> lub<strong> maski<\/strong>, kt\u00f3re\u00a0pozostawiamy na w\u0142osach na kilka, a nawet kilkana\u015bcie minut. Nak\u0142adajmy je tylko na sam\u0105 <strong>d\u0142ugo\u015b\u0107<\/strong> w\u0142os\u00f3w, ale nie u ich nasady i na sk\u00f3r\u0119 g\u0142owy, bo mo\u017ce to sprawi\u0107, \u017ce w\u0142osy b\u0119d\u0105 obci\u0105\u017cone, a przez to b\u0119d\u0105 szybciej si\u0119 przet\u0142uszcza\u0107 i strac\u0105 obj\u0119to\u015b\u0107.<\/p>\n<p>&nbsp;<\/p>\n<div id=\"attachment_2875\" style=\"width: 578px\" class=\"wp-caption aligncenter\"><a href=\"https:\/\/neness.pl\/kosmetyki\/wlosy\/odzywki_i_maski\/kallos_lab_35_curl_mania_odzywka_250ml.html\"><img loading=\"lazy\" decoding=\"async\" aria-describedby=\"caption-attachment-2875\" class=\"wp-image-2875 \" src=\"http:\/\/ranking-kosmetykow.pl\/wp-content\/uploads\/2017\/07\/1b211bee241ceb8ec89cfd1869cae5d9.jpeg\" alt=\"\" width=\"568\" height=\"757\" srcset=\"https:\/\/neness.pl\/blog\/wp-content\/uploads\/2017\/07\/1b211bee241ceb8ec89cfd1869cae5d9.jpeg 750w, https:\/\/neness.pl\/blog\/wp-content\/uploads\/2017\/07\/1b211bee241ceb8ec89cfd1869cae5d9-225x300.jpeg 225w, https:\/\/neness.pl\/blog\/wp-content\/uploads\/2017\/07\/1b211bee241ceb8ec89cfd1869cae5d9-610x813.jpeg 610w\" sizes=\"auto, (max-width: 568px) 100vw, 568px\" \/><\/a><p id=\"caption-attachment-2875\" class=\"wp-caption-text\">Kallos Lab 35 Curl Mania Od\u017cywka 250ml \/ 13,90 z\u0142<\/p><\/div>\n<p>&nbsp;<\/p>\n<p>&nbsp;<\/p>\n<p>W\u0142osy sp\u0142ukujmy <strong>letni\u0105<\/strong> lub\u00a0<strong>ch\u0142odn\u0105<\/strong> wod\u0105, kt\u00f3ra pomo\u017ce zamkn\u0105\u0107 ich <strong>\u0142uski<\/strong>, dzi\u0119ki czemu b\u0119d\u0105 g\u0142adsze i bardziej b\u0142yszcz\u0105ce. Nast\u0119pnie najlepiej zawin\u0105\u0107 mokr\u0105 fryzur\u0119 w bawe\u0142nian\u0105 <strong>koszulk\u0119<\/strong>, kt\u00f3ra wch\u0142onie <strong>wilgo\u0107<\/strong> i jednocze\u015bnie sprawi, \u017ce w\u0142osy b\u0119d\u0105 <strong>mniej<\/strong> si\u0119 puszy\u0107. Unikajmy\u00a0pocierana w\u0142os\u00f3w r\u0119cznikiem, bo mo\u017ce to uszkodzi\u0107 ich <strong>struktur\u0119<\/strong> i sprawi\u0107, \u017ce stan\u0105 si\u0119\u00a0jeszcze bardziej \u0142amliwe.<\/p>\n<p>&nbsp;<\/p>\n<div id=\"attachment_2877\" style=\"width: 579px\" class=\"wp-caption aligncenter\"><a href=\"https:\/\/neness.pl\/kosmetyki\/wlosy\/odzywki_i_maski\/kallos_maska_do_wlosow_z_olejem_z_pestek_czeresni_1000ml.html\"><img loading=\"lazy\" decoding=\"async\" aria-describedby=\"caption-attachment-2877\" class=\"wp-image-2877 \" src=\"http:\/\/ranking-kosmetykow.pl\/wp-content\/uploads\/2017\/07\/52e10974272985b0921f6bc0b5fee65e.jpg\" alt=\"\" width=\"569\" height=\"759\" srcset=\"https:\/\/neness.pl\/blog\/wp-content\/uploads\/2017\/07\/52e10974272985b0921f6bc0b5fee65e.jpg 750w, https:\/\/neness.pl\/blog\/wp-content\/uploads\/2017\/07\/52e10974272985b0921f6bc0b5fee65e-225x300.jpg 225w, https:\/\/neness.pl\/blog\/wp-content\/uploads\/2017\/07\/52e10974272985b0921f6bc0b5fee65e-610x813.jpg 610w\" sizes=\"auto, (max-width: 569px) 100vw, 569px\" \/><\/a><p id=\"caption-attachment-2877\" class=\"wp-caption-text\">Kallos Maska Do W\u0142os\u00f3w z Olejem z Pestek Czere\u015bni 1000ML \/ 12,50 \u017c\u0142<\/p><\/div>\n<p>&nbsp;<\/p>\n<p>Po wst\u0119pnym osuszeniu warto na\u0142o\u017cy\u0107 jeszcze<strong> od\u017cywk\u0119 bez sp\u0142ukiwania<\/strong> lub <strong>serum<\/strong> zabezpieczaj\u0105ce ko\u0144c\u00f3wki. Warto r\u00f3wnie\u017c regularnie wciera\u0107 we w\u0142osy odpowiednie dla\u00a0naszych w\u0142os\u00f3w <strong>olejki<\/strong>, kt\u00f3re poprawi\u0105 ich nawil\u017cenie i podkre\u015bl\u0105 naturalny skr\u0119t.<\/p>\n<p>&nbsp;<\/p>\n<h3>Stylizacja<\/h3>\n<p>Po umyciu, jeszcze wilgotne w\u0142osy rozczesujemy drewnianym<strong> grzebieniem<\/strong> o szeroko rozstawionych z\u0119bach. To kolejna bardzo wa\u017cna czynno\u015b\u0107, kt\u00f3ra pomaga zapobiega\u0107 puszeniu i \u0142amaniu w\u0142os\u00f3w. Dzi\u0119ki czesaniu tylko <strong>na mokro<\/strong> w\u0142osy zachowaj\u0105 sw\u00f3j naturalny skr\u0119t, a tak\u017ce unikniemy ich wyrywania i szarpania.<\/p>\n<p>Jak w przypadku ka\u017cdych w\u0142os\u00f3w starajmy si\u0119 <strong>unika\u0107<\/strong> u\u017cywania suszarki. Niestety cz\u0119sto jest ona konieczno\u015bci\u0105. W takim wypadku do suszenia wybierajmy specjaln\u0105 ko\u0144c\u00f3wk\u0119 nazywan\u0105 <strong>dyfuzorem<\/strong>, kt\u00f3ra pomo\u017ce wydoby\u0107 skr\u0119t w\u0142os\u00f3w.\u00a0 U\u017cywajmy r\u00f3wnie\u017c <strong>letniego<\/strong> i <strong>ch\u0142odnego<\/strong> nawiewu i starajmy si\u0119 unika\u0107 suszenia gor\u0105cym powietrzem, kt\u00f3re jeszcze bardziej przesuszy w\u0142osy.<\/p>\n<p>&nbsp;<\/p>\n<div id=\"attachment_2876\" style=\"width: 593px\" class=\"wp-caption aligncenter\"><a href=\"https:\/\/neness.pl\/kosmetyki\/wlosy\/odzywki_i_maski\/kallos_lab_35_curl_mania_stylizujacy_spray_150ml.html\"><img loading=\"lazy\" decoding=\"async\" aria-describedby=\"caption-attachment-2876\" class=\"wp-image-2876 \" src=\"http:\/\/ranking-kosmetykow.pl\/wp-content\/uploads\/2017\/07\/6fb3295c5bee6ea334b5811f53611c25.jpg\" alt=\"\" width=\"583\" height=\"777\" srcset=\"https:\/\/neness.pl\/blog\/wp-content\/uploads\/2017\/07\/6fb3295c5bee6ea334b5811f53611c25.jpg 750w, https:\/\/neness.pl\/blog\/wp-content\/uploads\/2017\/07\/6fb3295c5bee6ea334b5811f53611c25-225x300.jpg 225w, https:\/\/neness.pl\/blog\/wp-content\/uploads\/2017\/07\/6fb3295c5bee6ea334b5811f53611c25-610x813.jpg 610w\" sizes=\"auto, (max-width: 583px) 100vw, 583px\" \/><\/a><p id=\"caption-attachment-2876\" class=\"wp-caption-text\">Kallos Lab 35 Curl Mania Stylizuj\u0105cy Spray 150ml \/ 13,90 z\u0142<\/p><\/div>\n<p>&nbsp;<\/p>\n<p>&nbsp;<\/p>\n<p>Suszmy fryzur\u0119 <strong>g\u0142ow\u0105 w d\u00f3\u0142<\/strong>, dzi\u0119ki czemu nabierze ona <strong>obj\u0119to\u015bci<\/strong>, a loki b\u0119d\u0105 bardziej <strong>spr\u0119\u017cyste<\/strong>. Podczas suszenia warto <strong>ugniata\u0107<\/strong> lub skr\u0119ca\u0107 poszczeg\u00f3lne pasma w kierunku, w jakim naturalnie si\u0119 kr\u0119c\u0105, co dodatkowo podkre\u015bli loki.<\/p>\n<p>&nbsp;<\/p>\n<div id=\"attachment_2879\" style=\"width: 599px\" class=\"wp-caption aligncenter\"><a href=\"https:\/\/neness.pl\/kosmetyki\/wlosy\/olejki\/kallos_lab35_odzywczy_olejek_na_koncowki_50ml.html\"><img loading=\"lazy\" decoding=\"async\" aria-describedby=\"caption-attachment-2879\" class=\"wp-image-2879 \" src=\"http:\/\/ranking-kosmetykow.pl\/wp-content\/uploads\/2017\/07\/b05d2b4283ef5974356bec52f1ac60c7.jpg\" alt=\"\" width=\"589\" height=\"785\" srcset=\"https:\/\/neness.pl\/blog\/wp-content\/uploads\/2017\/07\/b05d2b4283ef5974356bec52f1ac60c7.jpg 750w, https:\/\/neness.pl\/blog\/wp-content\/uploads\/2017\/07\/b05d2b4283ef5974356bec52f1ac60c7-225x300.jpg 225w, https:\/\/neness.pl\/blog\/wp-content\/uploads\/2017\/07\/b05d2b4283ef5974356bec52f1ac60c7-610x813.jpg 610w\" sizes=\"auto, (max-width: 589px) 100vw, 589px\" \/><\/a><p id=\"caption-attachment-2879\" class=\"wp-caption-text\">Kallos LAB35 Od\u017cywczy Olejek na Ko\u0144c\u00f3wki 50ml \/ 10,90 z\u0142<\/p><\/div>\n<p>&nbsp;<\/p>\n<p>&nbsp;<\/p>\n<p>By jeszcze bardziej <strong>zaakcentowa\u0107<\/strong> skr\u0119t, mo\u017cemy zastosowa\u0107 piank\u0119, krem lub \u017cel do w\u0142os\u00f3w kr\u0119conych. Przeczytajmy jednak wcze\u015bniej sk\u0142ad kosmetyku \u2014 nie powinien on zawiera\u0107 <strong>alkoholu<\/strong>, kt\u00f3ry niepotrzebnie przesuszy w\u0142osy.<\/p>\n","protected":false},"excerpt":{"rendered":"<p>W\u0142osy kr\u0119cone i falowane\u00a0s\u0105 marzeniem wielu posiadaczek w\u0142os\u00f3w prostych i niepodatnych na uk\u0142adanie. Cho\u0107 pi\u0119kne, potrafi\u0105 one przysporzy\u0107 wielu problem\u00f3w ich w\u0142a\u015bcicielkom. Wymagaj\u0105 bowiem specjalnej piel\u0119gnacji, by \u0142adnie si\u0119 prezentowa\u0142y\u00a0i by\u0142y dobrze od\u017cywione. Je\u015bli zadbamy o nie we w\u0142a\u015bciwy spos\u00f3b, na pewno odwdzi\u0119cz\u0105 nam si\u0119 burz\u0105 zdrowych i l\u015bni\u0105cych lok\u00f3w. \u00a0. W\u0142osy kr\u0119cone &#8211; charakterystyka [&hellip;]<\/p>\n","protected":false},"author":2,"featured_media":2873,"comment_status":"open","ping_status":"open","sticky":false,"template":"","format":"standard","meta":{"_et_pb_use_builder":"","_et_pb_old_content":"","_et_gb_content_width":"","footnotes":""},"categories":[48],"tags":[],"class_list":["post-2871","post","type-post","status-publish","format-standard","has-post-thumbnail","hentry","category-wlosy-idealne","et-has-post-format-content","et_post_format-et-post-format-standard"],"_links":{"self":[{"href":"https:\/\/neness.pl\/blog\/wp-json\/wp\/v2\/posts\/2871","targetHints":{"allow":["GET"]}}],"collection":[{"href":"https:\/\/neness.pl\/blog\/wp-json\/wp\/v2\/posts"}],"about":[{"href":"https:\/\/neness.pl\/blog\/wp-json\/wp\/v2\/types\/post"}],"author":[{"embeddable":true,"href":"https:\/\/neness.pl\/blog\/wp-json\/wp\/v2\/users\/2"}],"replies":[{"embeddable":true,"href":"https:\/\/neness.pl\/blog\/wp-json\/wp\/v2\/comments?post=2871"}],"version-history":[{"count":0,"href":"https:\/\/neness.pl\/blog\/wp-json\/wp\/v2\/posts\/2871\/revisions"}],"wp:featuredmedia":[{"embeddable":true,"href":"https:\/\/neness.pl\/blog\/wp-json\/wp\/v2\/media\/2873"}],"wp:attachment":[{"href":"https:\/\/neness.pl\/blog\/wp-json\/wp\/v2\/media?parent=2871"}],"wp:term":[{"taxonomy":"category","embeddable":true,"href":"https:\/\/neness.pl\/blog\/wp-json\/wp\/v2\/categories?post=2871"},{"taxonomy":"post_tag","embeddable":true,"href":"https:\/\/neness.pl\/blog\/wp-json\/wp\/v2\/tags?post=2871"}],"curies":[{"name":"wp","href":"https:\/\/api.w.org\/{rel}","templated":true}]}}