{"id":2840,"date":"2017-07-11T13:46:38","date_gmt":"2017-07-11T11:46:38","guid":{"rendered":"http:\/\/ranking-kosmetykow.pl\/?p=2840"},"modified":"2017-07-11T13:46:38","modified_gmt":"2017-07-11T11:46:38","slug":"postaw-na-blysk-jak-uzywac-rozswietlacza","status":"publish","type":"post","link":"https:\/\/neness.pl\/blog\/postaw-na-blysk-jak-uzywac-rozswietlacza\/","title":{"rendered":"Postaw na b\u0142ysk &#8211; jak u\u017cywa\u0107 roz\u015bwietlacza?"},"content":{"rendered":"<p>Wraz z mog\u0105 na wyraziste konturowanie, zza oceanu przyby\u0142a do nas moda na u\u017cywanie kosmetyk\u00f3w roz\u015bwietlaj\u0105cych sk\u00f3r\u0119. Nic dziwnego \u2014 kt\u00f3ra z nas nie lubi odrobiny b\u0142ysku na sk\u00f3rze, kt\u00f3ry podkre\u015bla\u0142 b\u0119dzie te cz\u0119\u015bci twarzy, do kt\u00f3rych chcemy przyci\u0105ga\u0107 spojrzenia. Gdzie i jak u\u017cywa\u0107 roz\u015bwietlacza, by w\u0142a\u015bciwie spe\u0142nia\u0142 swoj\u0105 funkcj\u0119?<\/p>\n<p>&nbsp;<\/p>\n<h3>Czym jest roz\u015bwietlacz?<\/h3>\n<p>Roz\u015bwietlacz jest kosmetykiem, kt\u00f3ry ma za zadanie podkre\u015bla\u0107 <strong>rysy<\/strong> twarzy i doda\u0107 cerze <strong>blasku<\/strong>. Wraz z bronzerem i r\u00f3\u017cem jest jednym z element\u00f3w <strong>konturowania<\/strong>. Drobinki zawarte w kosmetyku wspaniale <strong>odbijaj\u0105<\/strong> \u015bwiat\u0142o, dzi\u0119ki czemu twarz bardzo dobrze wygl\u0105da na zdj\u0119ciach i w obiektywie kamery. Roz\u015bwietlacze s\u0105 jednymi z <strong>ulubionych<\/strong> kosmetyk\u00f3w wiza\u017cyst\u00f3w \u2014 dzi\u0119ki nim cera nabiera blasku i \u015bwietlisto\u015bci, a tak\u017ce wygl\u0105da m\u0142odziej.<\/p>\n<h3><span style=\"color: #ffffff;\">\u00a0.<\/span><\/h3>\n<h3>Jaki roz\u015bwietlacz wybra\u0107?<\/h3>\n<p>To, jaki kosmetyk wybierzemy, zale\u017cy tylko i wy\u0142\u0105cznie od tego, jaki efekt chcemy uzyska\u0107. Najpopularniejszymi produktami s\u0105 roz\u015bwietlacze w <strong>pudrze<\/strong>. Ta formu\u0142a kosmetyku jest r\u00f3wnie\u017c <strong>naj\u0142atwiejsza<\/strong> w u\u017cyciu. Najwygodniej nak\u0142ada si\u0119 go niewielkim, puchatym p\u0119dzelkiem, kt\u00f3ry dobrze rozproszy kosmetyk na twarzy.<\/p>\n<p>&nbsp;<\/p>\n<div id=\"attachment_2846\" style=\"width: 582px\" class=\"wp-caption aligncenter\"><a href=\"https:\/\/neness.pl\/kosmetyki\/twarz\/roze_bronzery_i_rozswietlacze\/w7_dynamite_highlighting_big_bang_rozswietlacz.html\"><img loading=\"lazy\" decoding=\"async\" aria-describedby=\"caption-attachment-2846\" class=\"wp-image-2846 \" src=\"http:\/\/ranking-kosmetykow.pl\/wp-content\/uploads\/2017\/07\/dfe15a94bcd0aaf173308545d9089f80.png\" alt=\"\" width=\"572\" height=\"763\" srcset=\"https:\/\/neness.pl\/blog\/wp-content\/uploads\/2017\/07\/dfe15a94bcd0aaf173308545d9089f80.png 750w, https:\/\/neness.pl\/blog\/wp-content\/uploads\/2017\/07\/dfe15a94bcd0aaf173308545d9089f80-225x300.png 225w, https:\/\/neness.pl\/blog\/wp-content\/uploads\/2017\/07\/dfe15a94bcd0aaf173308545d9089f80-610x813.png 610w\" sizes=\"auto, (max-width: 572px) 100vw, 572px\" \/><\/a><p id=\"caption-attachment-2846\" class=\"wp-caption-text\">W7 Dynamite Highlighting Big Bang Roz\u015bwietlacz \/ 14,90 z\u0142<\/p><\/div>\n<p>&nbsp;<\/p>\n<p>&nbsp;<\/p>\n<p>R\u00f3wnie\u017c produkty <strong>w p\u0142ynie<\/strong> s\u0105 bardzo \u0142atwe w stosowaniu. Wystarczy kilka <strong>kropli<\/strong> kosmetyku wklepa\u0107 palcem w odpowiednie miejsca na twarzy. Kosmetyk w p\u0142ynie daje bardzo <strong>naturalne<\/strong> wyko\u0144czenie, jednak musimy uwa\u017ca\u0107 na jego ilo\u015b\u0107, bo \u0142atwo mo\u017cna z nim <strong>przesadzi\u0107<\/strong>. Podobnie jak inne p\u0142ynne kosmetyki, r\u00f3wnie\u017c roz\u015bwietlacz o takiej formule dobrze b\u0119dzie wsp\u00f3\u0142gra\u0142 z cer\u0105 <strong>such\u0105<\/strong>.<\/p>\n<p>&nbsp;<\/p>\n<div id=\"attachment_2845\" style=\"width: 577px\" class=\"wp-caption aligncenter\"><a href=\"https:\/\/neness.pl\/kosmetyki\/twarz\/roze_bronzery_i_rozswietlacze\/makeup_revolution_rozswietlacz_w_kremie_ultra_strobe_cream_50ml.html\"><img loading=\"lazy\" decoding=\"async\" aria-describedby=\"caption-attachment-2845\" class=\"wp-image-2845 \" src=\"http:\/\/ranking-kosmetykow.pl\/wp-content\/uploads\/2017\/07\/399c805e534ddaef458120cfde21e35c.jpg\" alt=\"\" width=\"567\" height=\"756\" srcset=\"https:\/\/neness.pl\/blog\/wp-content\/uploads\/2017\/07\/399c805e534ddaef458120cfde21e35c.jpg 750w, https:\/\/neness.pl\/blog\/wp-content\/uploads\/2017\/07\/399c805e534ddaef458120cfde21e35c-225x300.jpg 225w, https:\/\/neness.pl\/blog\/wp-content\/uploads\/2017\/07\/399c805e534ddaef458120cfde21e35c-610x813.jpg 610w\" sizes=\"auto, (max-width: 567px) 100vw, 567px\" \/><\/a><p id=\"caption-attachment-2845\" class=\"wp-caption-text\">MakeUp Revolution Roz\u015bwietlacz w Kremie Ultra Strobe Cream \/ 33,90 z\u0142<\/p><\/div>\n<p>&nbsp;<\/p>\n<p>&nbsp;<\/p>\n<p>Kosmetyki <strong>w sztyfcie<\/strong> lub <strong>w kremie<\/strong> najlepiej nak\u0142ada\u0107 g\u0105beczk\u0105 lub palcami. By uzyska\u0107 jak najbardziej naturalny efekt, na\u0142\u00f3\u017cmy go na podk\u0142ad, zanim przypudrujemy twarz.<br \/>\nWybieraj\u0105c kosmetyk roz\u015bwietlaj\u0105cy, zwr\u00f3\u0107my uwag\u0119, by drobinki zawarte w kosmetyku by\u0142y jak <strong>najdrobniejsze<\/strong> \u2014 im drobniej zmielony b\u0119dzie kosmetyk, tym \u0142atwiej b\u0119dzie nam uzyska\u0107 po\u017c\u0105dany efekt \u201etafli&#8221;.<\/p>\n<p>&nbsp;<\/p>\n<div id=\"attachment_2848\" style=\"width: 475px\" class=\"wp-caption aligncenter\"><a href=\"https:\/\/neness.pl\/kosmetyki\/twarz\/roze_bronzery_i_rozswietlacze\/makeup_revolution_the_one_rozswietlacz_w_sztyfcie.html\"><img loading=\"lazy\" decoding=\"async\" aria-describedby=\"caption-attachment-2848\" class=\"wp-image-2848 \" src=\"http:\/\/ranking-kosmetykow.pl\/wp-content\/uploads\/2017\/07\/f98d3aedba7dce16eb366b25de424c12.jpg\" alt=\"\" width=\"465\" height=\"620\" srcset=\"https:\/\/neness.pl\/blog\/wp-content\/uploads\/2017\/07\/f98d3aedba7dce16eb366b25de424c12.jpg 750w, https:\/\/neness.pl\/blog\/wp-content\/uploads\/2017\/07\/f98d3aedba7dce16eb366b25de424c12-225x300.jpg 225w, https:\/\/neness.pl\/blog\/wp-content\/uploads\/2017\/07\/f98d3aedba7dce16eb366b25de424c12-610x813.jpg 610w\" sizes=\"auto, (max-width: 465px) 100vw, 465px\" \/><\/a><p id=\"caption-attachment-2848\" class=\"wp-caption-text\">MakeUp Revolution The One Roz\u015bwietlacz w Sztyfcie \/ 20,90 z\u0142<\/p><\/div>\n<h3><\/h3>\n<h3><\/h3>\n<h3><span style=\"color: #ffffff;\">.<\/span><\/h3>\n<h3>Gdzie nak\u0142ada\u0107 roz\u015bwietlacz?<\/h3>\n<p>W odr\u00f3\u017cnieniu od bronzera roz\u015bwietlacz nak\u0142adamy na te cz\u0119\u015bci twarzy, kt\u00f3re chcemy <strong>podkre\u015bli\u0107<\/strong> i <strong>uwydatni\u0107<\/strong>.<\/p>\n<p>Je\u015bli kosmetyk na\u0142o\u017cymy na<strong> \u015brodek czo\u0142a<\/strong>, podkre\u015blimy konturowanie. Mo\u017cemy na\u0142o\u017cy\u0107 odrobin\u0119 b\u0142ysku u nasady nosa i jednocze\u015bnie podkre\u015bli\u0107 bronzerem lini\u0119 w\u0142os\u00f3w, dzi\u0119ki czemu twarz b\u0119dzie wydawa\u0142a si\u0119 bardziej symetryczna.<\/p>\n<p>Na\u0142o\u017cenie odrobiny roz\u015bwietlacza <strong>pod \u0142ukiem brwiowym<\/strong> sprawi, \u017ce kszta\u0142t brwi b\u0119dzie wydawa\u0142 si\u0119 bardziej regularny, a oczy zostan\u0105 optycznie powi\u0119kszone. W tym miejscu kosmetyk nak\u0142adamy od po\u0142owy d\u0142ugo\u015bci brwi do zewn\u0105trz.<\/p>\n<p>&nbsp;<\/p>\n<div id=\"attachment_2847\" style=\"width: 561px\" class=\"wp-caption aligncenter\"><a href=\"https:\/\/neness.pl\/kosmetyki\/twarz\/roze_bronzery_i_rozswietlacze\/makeup_revolution_rozswietlacz_goddess_of_faith.html\"><img loading=\"lazy\" decoding=\"async\" aria-describedby=\"caption-attachment-2847\" class=\"wp-image-2847 \" src=\"http:\/\/ranking-kosmetykow.pl\/wp-content\/uploads\/2017\/07\/e427e6f75a3da419bdeeeb6a917d1fea.jpg\" alt=\"\" width=\"551\" height=\"735\" srcset=\"https:\/\/neness.pl\/blog\/wp-content\/uploads\/2017\/07\/e427e6f75a3da419bdeeeb6a917d1fea.jpg 750w, https:\/\/neness.pl\/blog\/wp-content\/uploads\/2017\/07\/e427e6f75a3da419bdeeeb6a917d1fea-225x300.jpg 225w, https:\/\/neness.pl\/blog\/wp-content\/uploads\/2017\/07\/e427e6f75a3da419bdeeeb6a917d1fea-610x813.jpg 610w\" sizes=\"auto, (max-width: 551px) 100vw, 551px\" \/><\/a><p id=\"caption-attachment-2847\" class=\"wp-caption-text\">MakeUp Revolution Roz\u015bwietlacz \/ 21,50 z\u0142<\/p><\/div>\n<p>&nbsp;<\/p>\n<p>&nbsp;<\/p>\n<p>Odrobina kosmetyku roz\u015bwietlaj\u0105cego na\u0142o\u017cona punktowo <strong>w wewn\u0119trznym k\u0105ciku oka<\/strong> r\u00f3wnie\u017c sprawi, \u017ce oko b\u0119dzie wygl\u0105da\u0142o na wi\u0119ksze, dodatkowo od\u015bwie\u017cy spojrzenie, a oczy b\u0119d\u0105 wygl\u0105da\u0142y na bardziej wypocz\u0119te.<\/p>\n<p>Je\u015bli konturujemy twarz, obowi\u0105zkowym punktem makija\u017cu b\u0119dzie podkre\u015blenie roz\u015bwietlaczem <strong>ko\u015bci policzkowych<\/strong>, dzi\u0119ki czemu stan\u0105 si\u0119 one bardziej widoczne. Pami\u0119tajmy, by bronzer, r\u00f3\u017c i roz\u015bwietlacz dobrze rozetrze\u0107, by przej\u015bcia mi\u0119dzy kosmetykami by\u0142y p\u0142ynne, a efekt jak najbardziej naturalny.<\/p>\n<p>Roz\u015bwietlaczem mo\u017cemy r\u00f3wnie\u017c optycznie powi\u0119kszy\u0107 usta, nak\u0142adaj\u0105c odrobin\u0119 produktu<strong> nad g\u00f3rn\u0105 warg\u0105<\/strong>, w miejscu, w kt\u00f3rym znajduje si\u0119 \u0142uk kupidyna. Niewielk\u0105 ilo\u015b\u0107 kosmetyku mo\u017cemy na\u0142o\u017cy\u0107 te\u017c na <strong>\u015brodek nosa<\/strong>, dzi\u0119ki czemu b\u0119dzie si\u0119 on wydawa\u0142 smuklejszy i bardziej kszta\u0142tny, a tak\u017ce przyci\u0105gnie uwag\u0119 do \u015brodka twarzy.<\/p>\n","protected":false},"excerpt":{"rendered":"<p>Wraz z mog\u0105 na wyraziste konturowanie, zza oceanu przyby\u0142a do nas moda na u\u017cywanie kosmetyk\u00f3w roz\u015bwietlaj\u0105cych sk\u00f3r\u0119. Nic dziwnego \u2014 kt\u00f3ra z nas nie lubi odrobiny b\u0142ysku na sk\u00f3rze, kt\u00f3ry podkre\u015bla\u0142 b\u0119dzie te cz\u0119\u015bci twarzy, do kt\u00f3rych chcemy przyci\u0105ga\u0107 spojrzenia. Gdzie i jak u\u017cywa\u0107 roz\u015bwietlacza, by w\u0142a\u015bciwie spe\u0142nia\u0142 swoj\u0105 funkcj\u0119? &nbsp; Czym jest roz\u015bwietlacz? Roz\u015bwietlacz [&hellip;]<\/p>\n","protected":false},"author":2,"featured_media":2842,"comment_status":"open","ping_status":"open","sticky":false,"template":"","format":"standard","meta":{"_et_pb_use_builder":"","_et_pb_old_content":"","_et_gb_content_width":"","footnotes":""},"categories":[41],"tags":[],"class_list":["post-2840","post","type-post","status-publish","format-standard","has-post-thumbnail","hentry","category-olsniewaj-makijazem","et-has-post-format-content","et_post_format-et-post-format-standard"],"_links":{"self":[{"href":"https:\/\/neness.pl\/blog\/wp-json\/wp\/v2\/posts\/2840","targetHints":{"allow":["GET"]}}],"collection":[{"href":"https:\/\/neness.pl\/blog\/wp-json\/wp\/v2\/posts"}],"about":[{"href":"https:\/\/neness.pl\/blog\/wp-json\/wp\/v2\/types\/post"}],"author":[{"embeddable":true,"href":"https:\/\/neness.pl\/blog\/wp-json\/wp\/v2\/users\/2"}],"replies":[{"embeddable":true,"href":"https:\/\/neness.pl\/blog\/wp-json\/wp\/v2\/comments?post=2840"}],"version-history":[{"count":0,"href":"https:\/\/neness.pl\/blog\/wp-json\/wp\/v2\/posts\/2840\/revisions"}],"wp:featuredmedia":[{"embeddable":true,"href":"https:\/\/neness.pl\/blog\/wp-json\/wp\/v2\/media\/2842"}],"wp:attachment":[{"href":"https:\/\/neness.pl\/blog\/wp-json\/wp\/v2\/media?parent=2840"}],"wp:term":[{"taxonomy":"category","embeddable":true,"href":"https:\/\/neness.pl\/blog\/wp-json\/wp\/v2\/categories?post=2840"},{"taxonomy":"post_tag","embeddable":true,"href":"https:\/\/neness.pl\/blog\/wp-json\/wp\/v2\/tags?post=2840"}],"curies":[{"name":"wp","href":"https:\/\/api.w.org\/{rel}","templated":true}]}}