{"id":2827,"date":"2017-07-10T11:19:34","date_gmt":"2017-07-10T09:19:34","guid":{"rendered":"http:\/\/ranking-kosmetykow.pl\/?p=2827"},"modified":"2017-07-10T11:19:34","modified_gmt":"2017-07-10T09:19:34","slug":"jak-dobrac-kolor-szminki","status":"publish","type":"post","link":"https:\/\/neness.pl\/blog\/jak-dobrac-kolor-szminki\/","title":{"rendered":"Jak dobra\u0107 kolor szminki?"},"content":{"rendered":"<p>R\u00f3\u017c, czerwie\u0144, pomara\u0144cz, fiolet&#8230; Od ilo\u015bci kolor\u00f3w szminek, kt\u00f3re mo\u017cemy znale\u017a\u0107 w drogeriach i perfumeriach nietrudno dosta\u0107 b\u00f3lu g\u0142owy. Czym kierowa\u0107 si\u0119 wybieraj\u0105c odcie\u0144 pomadki, tak by nie musie\u0107 wypr\u00f3bowywa\u0107 na sobie ca\u0142ej palety barw? Oto kilka naszych porad.<\/p>\n<p>Podobnie jak w przypadku innych kosmetyk\u00f3w kolorowych, odpowiedni dla nas kolor szminki powinien <strong>wsp\u00f3\u0142gra\u0107<\/strong> z kolorem w\u0142os\u00f3w, oczu i karnacji, a tak\u017ce z odcieniem z\u0119b\u00f3w. Podobno ka\u017cdej kobiecie pasuje czerwona szminka, jednak samych odcieni czerwieni jest tak du\u017co, \u017ce nie \u0142atwo znale\u017a\u0107 idealny dla naszej urody kolor.<\/p>\n<p>&nbsp;<\/p>\n<h3>Kolor w\u0142os\u00f3w<\/h3>\n<p>W\u0142a\u015bcicielkom <strong>jasnych<\/strong> w\u0142os\u00f3w na pewno pasowa\u0107 b\u0119d\u0105 szminki w odcieniach czerwieni, najlepiej w <strong>ch\u0142odnych<\/strong> odcieniach, z delikatn\u0105 domieszk\u0105 koloru niebieskiego. W ten spos\u00f3b kolor ust idealnie wsp\u00f3\u0142gra\u0142 b\u0119dzie z jasn\u0105 cer\u0105, kt\u00f3r\u0105 zazwyczaj posiadaj\u0105 blondynki.<\/p>\n<p>Ten typ kolorystyczny b\u0119dzie r\u00f3wnie\u017c dobrze wygl\u0105da\u0142 w delikatnych<strong> r\u00f3\u017cach<\/strong>, <strong>brzoskwiniach<\/strong>, a tak\u017ce w odcieniach<strong> fuksji<\/strong>.<\/p>\n<p>&nbsp;<\/p>\n<div id=\"attachment_2831\" style=\"width: 606px\" class=\"wp-caption aligncenter\"><a href=\"https:\/\/neness.pl\/kosmetyki\/usta\/szminki\/makeup_revolution_matowa_szminka_iconic_matte_best_friend.html\"><img loading=\"lazy\" decoding=\"async\" aria-describedby=\"caption-attachment-2831\" class=\" wp-image-2831\" src=\"http:\/\/ranking-kosmetykow.pl\/wp-content\/uploads\/2017\/07\/6d085279ec37019aeb96e35f8432b463.jpg\" alt=\"\" width=\"596\" height=\"795\" srcset=\"https:\/\/neness.pl\/blog\/wp-content\/uploads\/2017\/07\/6d085279ec37019aeb96e35f8432b463.jpg 750w, https:\/\/neness.pl\/blog\/wp-content\/uploads\/2017\/07\/6d085279ec37019aeb96e35f8432b463-225x300.jpg 225w, https:\/\/neness.pl\/blog\/wp-content\/uploads\/2017\/07\/6d085279ec37019aeb96e35f8432b463-610x813.jpg 610w\" sizes=\"auto, (max-width: 596px) 100vw, 596px\" \/><\/a><p id=\"caption-attachment-2831\" class=\"wp-caption-text\">Makeup Revolution Matowa Szminka Iconic Matte \/ 14,90 z\u0142<\/p><\/div>\n<p>&nbsp;<\/p>\n<p>Dla posiadaczek <strong>ciemnych odcieni blondu<\/strong> i w\u0142os\u00f3w <strong>br\u0105zowych<\/strong> wskazane s\u0105 odcienie <strong>malinowe<\/strong>, <strong>jasnor\u00f3\u017cowe<\/strong>, ale r\u00f3wnie\u017c czerwie\u0144 w odcieniu<strong> koralowym<\/strong>.<\/p>\n<p>Do <strong>rudych<\/strong> <strong>w\u0142os\u00f3w<\/strong> dobrze pasuj\u0105 szminki w intensywnych barwach \u2014 <strong>ceglastej czerwieni<\/strong>, <strong>koralu<\/strong>, a tak\u017ce odcienie <strong>pomara\u0144czu<\/strong>.<\/p>\n<p>Posiadaczki <strong>czarnych w\u0142os\u00f3w<\/strong> mog\u0105 zdecydowa\u0107 si\u0119 w\u0142a\u015bciwie na ka\u017cdy odcie\u0144 <a href=\"https:\/\/neness.pl\/kosmetyki\/usta\/szminki.html\">szminki do ust<\/a>, jednak szczeg\u00f3lnie dobrze b\u0119d\u0105 im pasowa\u0107 <strong>ciep\u0142e czerwienie<\/strong>, szminki z domieszk\u0105 <strong>br\u0105zu<\/strong>, odcienie <strong>nude<\/strong>, a nawet <strong>fiolet<\/strong>.<\/p>\n<p>&nbsp;<\/p>\n<div id=\"attachment_2835\" style=\"width: 628px\" class=\"wp-caption aligncenter\"><a href=\"https:\/\/neness.pl\/kosmetyki\/usta\/szminki\/makeup_revolution_szminka_rose_gold_red_carpet.html\"><img loading=\"lazy\" decoding=\"async\" aria-describedby=\"caption-attachment-2835\" class=\" wp-image-2835\" src=\"http:\/\/ranking-kosmetykow.pl\/wp-content\/uploads\/2017\/07\/5978f7cf12b98932c2e501c54abcdd82.jpg\" alt=\"\" width=\"618\" height=\"824\" srcset=\"https:\/\/neness.pl\/blog\/wp-content\/uploads\/2017\/07\/5978f7cf12b98932c2e501c54abcdd82.jpg 750w, https:\/\/neness.pl\/blog\/wp-content\/uploads\/2017\/07\/5978f7cf12b98932c2e501c54abcdd82-225x300.jpg 225w, https:\/\/neness.pl\/blog\/wp-content\/uploads\/2017\/07\/5978f7cf12b98932c2e501c54abcdd82-610x813.jpg 610w\" sizes=\"auto, (max-width: 618px) 100vw, 618px\" \/><\/a><p id=\"caption-attachment-2835\" class=\"wp-caption-text\">Makeup Revolution Szminka Rose Gold \/ 14,90 z\u0142<\/p><\/div>\n<p>&nbsp;<\/p>\n<h3><\/h3>\n<h3><\/h3>\n<h3>Kolor sk\u00f3ry<\/h3>\n<p>Kolor sk\u00f3ry, a w\u0142a\u015bciwie jej typ kolorystyczny b\u0119dzie decydowa\u0142 o tym, czy dobrze b\u0119dziemy wygl\u0105da\u0107 w odcieniach <strong>ch\u0142odnych<\/strong> \u2014 czyli z domieszk\u0105 niebieskiego, czy <strong>ciep\u0142ych<\/strong> \u2014 zabarwionych pomara\u0144czem.<\/p>\n<p>Do cery <strong>jasnej<\/strong> w ch\u0142odnym typie \u015bwietnie pasowa\u0107 b\u0119d\u0105 r\u00f3\u017ce, \u015bliwki, a tak\u017ce czerwie\u0144 w odcieniu wina. Dla jasnej cery z tonami <strong>\u017c\u00f3\u0142tymi<\/strong> wskazane b\u0119d\u0105 pomadki br\u0105zowe, be\u017cowe, pomara\u0144czowe i w kolorze ciep\u0142ej czerwieni.<\/p>\n<p>&nbsp;<\/p>\n<div id=\"attachment_2832\" style=\"width: 543px\" class=\"wp-caption aligncenter\"><a href=\"https:\/\/neness.pl\/kosmetyki\/usta\/szminki\/makeup_revolution_szminka_rose_gold_diamond_life.html\"><img loading=\"lazy\" decoding=\"async\" aria-describedby=\"caption-attachment-2832\" class=\"wp-image-2832\" src=\"http:\/\/ranking-kosmetykow.pl\/wp-content\/uploads\/2017\/07\/18df5d08943e7876d5f4f5344540e5f6.jpg\" alt=\"\" width=\"533\" height=\"711\" srcset=\"https:\/\/neness.pl\/blog\/wp-content\/uploads\/2017\/07\/18df5d08943e7876d5f4f5344540e5f6.jpg 750w, https:\/\/neness.pl\/blog\/wp-content\/uploads\/2017\/07\/18df5d08943e7876d5f4f5344540e5f6-225x300.jpg 225w, https:\/\/neness.pl\/blog\/wp-content\/uploads\/2017\/07\/18df5d08943e7876d5f4f5344540e5f6-610x813.jpg 610w\" sizes=\"auto, (max-width: 533px) 100vw, 533px\" \/><\/a><p id=\"caption-attachment-2832\" class=\"wp-caption-text\">Makeup Revolution Szminka Rose Gold \/ 14,90 z\u0142<\/p><\/div>\n<p>&nbsp;<\/p>\n<p>&nbsp;<\/p>\n<p>Klasyczna czerwona szminka idealnie komponuje si\u0119 z cer\u0105 bardzo jasn\u0105, niemal <strong>porcelanow\u0105<\/strong>.<\/p>\n<p>Z cer\u0105<strong> \u015bniad\u0105<\/strong> i <strong>oliwkow\u0105<\/strong> dobrze komponuj\u0105 si\u0119 br\u0105zy, purpura oraz \u017cywa, intensywna czerwie\u0144.<\/p>\n<p>Je\u017celi jeste\u015bmy fankami szminek w odcieniach <strong>nude<\/strong>, pami\u0119tajmy, \u017ce kolor pomadki powinien by\u0107 przede wszystkim dopasowany do naturalnego koloru ust. Szminka w cielistym odcieniu nie powinna wygl\u0105da\u0107 na naszych ustach, jakby\u015bmy na\u0142o\u017cy\u0142y na nie korektor lub podk\u0142ad.<\/p>\n<p>&nbsp;<\/p>\n<h3>Wielko\u015b\u0107 ust<\/h3>\n<p>Podczas wyboru w\u0142a\u015bciwej szminki wa\u017cna jest r\u00f3wnie\u017c <strong>wielko\u015b\u0107<\/strong> ust, cho\u0107 tutaj wi\u0119ksze znaczenie ma <strong>wyko\u0144czenie\u00a0<\/strong>kosmetyku. Tak modne obecnie szminki <strong>matowe<\/strong> mog\u0105 optycznie <strong>pomniejsza\u0107<\/strong> usta, <strong>obj\u0119to\u015bci<\/strong> wargom dodadz\u0105 natomiast szminki o wyko\u0144czeniu <strong>per\u0142owym<\/strong> lub <strong>b\u0142yszczyki<\/strong>.<\/p>\n<p>&nbsp;<\/p>\n<p>&nbsp;<\/p>\n<div id=\"attachment_2833\" style=\"width: 613px\" class=\"wp-caption aligncenter\"><a href=\"https:\/\/neness.pl\/kosmetyki\/usta\/szminki\/revlon_szminka_ultra_hd_850_iris.html\"><img loading=\"lazy\" decoding=\"async\" aria-describedby=\"caption-attachment-2833\" class=\" wp-image-2833\" src=\"http:\/\/ranking-kosmetykow.pl\/wp-content\/uploads\/2017\/07\/104f0112a1e7bdbd65640c073e8928a4.jpg\" alt=\"\" width=\"603\" height=\"804\" srcset=\"https:\/\/neness.pl\/blog\/wp-content\/uploads\/2017\/07\/104f0112a1e7bdbd65640c073e8928a4.jpg 750w, https:\/\/neness.pl\/blog\/wp-content\/uploads\/2017\/07\/104f0112a1e7bdbd65640c073e8928a4-225x300.jpg 225w, https:\/\/neness.pl\/blog\/wp-content\/uploads\/2017\/07\/104f0112a1e7bdbd65640c073e8928a4-610x813.jpg 610w\" sizes=\"auto, (max-width: 603px) 100vw, 603px\" \/><\/a><p id=\"caption-attachment-2833\" class=\"wp-caption-text\">Revlon Szminka Ultra HD \/ 17,90 z\u0142<\/p><\/div>\n<p>&nbsp;<\/p>\n<h3><\/h3>\n<h3><\/h3>\n<h3>Kolor z\u0119b\u00f3w<\/h3>\n<p>Kolor <strong>z\u0119b\u00f3w<\/strong> r\u00f3wnie\u017c jest jednym z czynnik\u00f3w maj\u0105cych wp\u0142yw na to, na jaki kolor szminki si\u0119 zdecydujemy. Klasyczna czerwie\u0144 b\u0119dzie wygl\u0105da\u0142a idealnie tylko wtedy, gdy mamy <strong>\u015bnie\u017cnobia\u0142y<\/strong> u\u015bmiech. Niekt\u00f3re odcienie <strong>pomara\u0144czu<\/strong> i <strong>ciemne<\/strong> pomadki mog\u0105 podkre\u015bla\u0107 \u017c\u00f3\u0142tawy kolor z\u0119b\u00f3w. By optycznie wybieli\u0107 nasz u\u015bmiech, lepiej zdecydowa\u0107 si\u0119 na <strong>r\u00f3\u017c<\/strong> lub szmink\u0119 w kolorze <strong>\u0142ososiowym.<\/strong><\/p>\n<p>&nbsp;<\/p>\n<div id=\"attachment_2834\" style=\"width: 598px\" class=\"wp-caption aligncenter\"><a href=\"https:\/\/neness.pl\/kosmetyki\/usta\/szminki\/revlon_szminka_ultra_hd_885_camilia.html\"><img loading=\"lazy\" decoding=\"async\" aria-describedby=\"caption-attachment-2834\" class=\" wp-image-2834\" src=\"http:\/\/ranking-kosmetykow.pl\/wp-content\/uploads\/2017\/07\/005514a4605da0d30057490d2d6f7a5e.jpg\" alt=\"\" width=\"588\" height=\"784\" srcset=\"https:\/\/neness.pl\/blog\/wp-content\/uploads\/2017\/07\/005514a4605da0d30057490d2d6f7a5e.jpg 750w, https:\/\/neness.pl\/blog\/wp-content\/uploads\/2017\/07\/005514a4605da0d30057490d2d6f7a5e-225x300.jpg 225w, https:\/\/neness.pl\/blog\/wp-content\/uploads\/2017\/07\/005514a4605da0d30057490d2d6f7a5e-610x813.jpg 610w\" sizes=\"auto, (max-width: 588px) 100vw, 588px\" \/><\/a><p id=\"caption-attachment-2834\" class=\"wp-caption-text\">Revlon Szminka Ultra HD \/ 17,90 z\u0142<\/p><\/div>\n","protected":false},"excerpt":{"rendered":"<p>R\u00f3\u017c, czerwie\u0144, pomara\u0144cz, fiolet&#8230; Od ilo\u015bci kolor\u00f3w szminek, kt\u00f3re mo\u017cemy znale\u017a\u0107 w drogeriach i perfumeriach nietrudno dosta\u0107 b\u00f3lu g\u0142owy. Czym kierowa\u0107 si\u0119 wybieraj\u0105c odcie\u0144 pomadki, tak by nie musie\u0107 wypr\u00f3bowywa\u0107 na sobie ca\u0142ej palety barw? Oto kilka naszych porad. Podobnie jak w przypadku innych kosmetyk\u00f3w kolorowych, odpowiedni dla nas kolor szminki powinien wsp\u00f3\u0142gra\u0107 z kolorem [&hellip;]<\/p>\n","protected":false},"author":2,"featured_media":2828,"comment_status":"open","ping_status":"open","sticky":false,"template":"","format":"standard","meta":{"_et_pb_use_builder":"","_et_pb_old_content":"","_et_gb_content_width":"","footnotes":""},"categories":[41],"tags":[],"class_list":["post-2827","post","type-post","status-publish","format-standard","has-post-thumbnail","hentry","category-olsniewaj-makijazem","et-has-post-format-content","et_post_format-et-post-format-standard"],"_links":{"self":[{"href":"https:\/\/neness.pl\/blog\/wp-json\/wp\/v2\/posts\/2827","targetHints":{"allow":["GET"]}}],"collection":[{"href":"https:\/\/neness.pl\/blog\/wp-json\/wp\/v2\/posts"}],"about":[{"href":"https:\/\/neness.pl\/blog\/wp-json\/wp\/v2\/types\/post"}],"author":[{"embeddable":true,"href":"https:\/\/neness.pl\/blog\/wp-json\/wp\/v2\/users\/2"}],"replies":[{"embeddable":true,"href":"https:\/\/neness.pl\/blog\/wp-json\/wp\/v2\/comments?post=2827"}],"version-history":[{"count":0,"href":"https:\/\/neness.pl\/blog\/wp-json\/wp\/v2\/posts\/2827\/revisions"}],"wp:featuredmedia":[{"embeddable":true,"href":"https:\/\/neness.pl\/blog\/wp-json\/wp\/v2\/media\/2828"}],"wp:attachment":[{"href":"https:\/\/neness.pl\/blog\/wp-json\/wp\/v2\/media?parent=2827"}],"wp:term":[{"taxonomy":"category","embeddable":true,"href":"https:\/\/neness.pl\/blog\/wp-json\/wp\/v2\/categories?post=2827"},{"taxonomy":"post_tag","embeddable":true,"href":"https:\/\/neness.pl\/blog\/wp-json\/wp\/v2\/tags?post=2827"}],"curies":[{"name":"wp","href":"https:\/\/api.w.org\/{rel}","templated":true}]}}