{"id":2775,"date":"2017-07-04T12:06:30","date_gmt":"2017-07-04T10:06:30","guid":{"rendered":"http:\/\/ranking-kosmetykow.pl\/?p=2775"},"modified":"2017-07-04T12:06:30","modified_gmt":"2017-07-04T10:06:30","slug":"make-up-no-make-up-krok-po-kroku","status":"publish","type":"post","link":"https:\/\/neness.pl\/blog\/make-up-no-make-up-krok-po-kroku\/","title":{"rendered":"Make-up no make-up &#8211; krok po kroku"},"content":{"rendered":"<p>Lato i gor\u0105ce temperatury nie zach\u0119caj\u0105 do wykonywania pe\u0142nego makija\u017cu, kt\u00f3ry prawdopodobnie i tak sp\u0142ynie z naszej twarzy w ci\u0105gu najbli\u017cszych kilkudziesi\u0119ciu minut. Jednak nie oznacza to, \u017ce musimy ca\u0142kowicie rezygnowa\u0107 z malowania si\u0119.<\/p>\n<p>&nbsp;<\/p>\n<h3>Make-up no make-up<\/h3>\n<p>Cho\u0107 brak makija\u017cu w upalne dni jest najprostszym wyj\u015bciem, mo\u017cemy umalowa\u0107 si\u0119 r\u00f3wnie\u017c bardzo <strong>delikatnie<\/strong>, u\u017cywaj\u0105c niewielu kosmetyk\u00f3w, tylko po to, by nadal wygl\u0105da\u0107 <strong>naturalnie<\/strong> i delikatnie podkre\u015bli\u0107 urod\u0119.<\/p>\n<p>Makija\u017c w stylu make-up no make-up to makija\u017c <strong>minimalistyczny<\/strong> i bardzo naturalny. Powinien on idealnie wsp\u00f3\u0142gra\u0107 z nasz\u0105 karnacj\u0105. Dzi\u0119ki niemu wygl\u0105damy, jak by\u015bmy by\u0142y zupe\u0142nie nieumalowane, jednak nasza cera jest <strong>jednolita<\/strong> i <strong>roz\u015bwietlona<\/strong>, a spojrzenie podkre\u015blone. Jak wi\u0119c wykona\u0107 taki makija\u017c?<\/p>\n<p>&nbsp;<\/p>\n<h3>Cera<\/h3>\n<p>Jak ka\u017cdy makija\u017c, r\u00f3wnie\u017c make-up no make-up b\u0119dzie wygl\u0105da\u0142 dobrze tylko na <strong>zadbanej<\/strong>, wypiel\u0119gnowanej cerze. Regularny peeling i nawil\u017canie to podstawa.<\/p>\n<p>Pierwszym krokiem przy wykonywaniu tego typu makija\u017cu b\u0119dzie <b>unikanie<\/b>\u00a0ci\u0119\u017ckich i kryj\u0105cych podk\u0142ad\u00f3w. W tym wypadku stawiamy na <strong>kremy BB<\/strong>, p\u0142ynne podk\u0142ady o <strong>lekkim<\/strong> kryciu i kosmetyki mineralne. Je\u015bli koniecznie chcemy u\u017cy\u0107 tradycyjnego, ci\u0119\u017ckiego podk\u0142adu zmieszajmy jego niewielk\u0105 porcj\u0119 z dwa razy wi\u0119ksz\u0105 ilo\u015bci\u0105 kremu nawil\u017caj\u0105cego.<\/p>\n<p>&nbsp;<\/p>\n<div id=\"attachment_2780\" style=\"width: 567px\" class=\"wp-caption aligncenter\"><a href=\"https:\/\/neness.pl\/kosmetyki\/twarz\/podklady_i_pudry\/dermacol_nawilzajacy_podklad_rozswietlajacy_sheer_face_illuminator_day_light.html\"><img loading=\"lazy\" decoding=\"async\" aria-describedby=\"caption-attachment-2780\" class=\"wp-image-2780\" src=\"http:\/\/ranking-kosmetykow.pl\/wp-content\/uploads\/2017\/07\/738ede9444a7a33031730b1220c9bb8e.jpg\" alt=\"\" width=\"557\" height=\"743\" srcset=\"https:\/\/neness.pl\/blog\/wp-content\/uploads\/2017\/07\/738ede9444a7a33031730b1220c9bb8e.jpg 750w, https:\/\/neness.pl\/blog\/wp-content\/uploads\/2017\/07\/738ede9444a7a33031730b1220c9bb8e-225x300.jpg 225w, https:\/\/neness.pl\/blog\/wp-content\/uploads\/2017\/07\/738ede9444a7a33031730b1220c9bb8e-610x813.jpg 610w\" sizes=\"auto, (max-width: 557px) 100vw, 557px\" \/><\/a><p id=\"caption-attachment-2780\" class=\"wp-caption-text\">Dermacol Nawil\u017caj\u0105cy Podk\u0142ad Roz\u015bwietlaj\u0105cy Sheer Face Illuminator Day Light \/ 34,20 z\u0142<\/p><\/div>\n<p>&nbsp;<\/p>\n<p>&nbsp;<\/p>\n<p>By zakry\u0107 niewielkie <strong>niedoskona\u0142o\u015bci<\/strong>, u\u017cywamy punktowo korektora, kt\u00f3rym ukrywamy te\u017c cienie pod oczami. W tych okolicach sprawdzi si\u0119 dobrze r\u00f3wnie\u017c produkt z mniejszym kryciem, ale roz\u015bwietlaj\u0105cy.<\/p>\n<p>W makija\u017cu make-up no make-up nale\u017cy zadba\u0107, by sk\u00f3ra wygl\u0105da\u0142a naturalnie i mia\u0142a wyr\u00f3wnany koloryt. <strong>Unikamy<\/strong> wi\u0119c efektu maski i grubej warstwy kosmetyk\u00f3w. Je\u015bli nasza cera tego nie potrzebuje, rezygnujemy r\u00f3wnie\u017c z du\u017cej ilo\u015bci pudru, wystarczy, \u017ce delikatnie utrwalimy nim korektor pod oczami i, je\u015bli nasza sk\u00f3ra ma tendencje do b\u0142yszczenia, delikatnie zmatowimy stref\u0119 T.<\/p>\n<p>Zrezygnujmy r\u00f3wnie\u017c z wyra\u017anego konturowania i modelowania twarzy bronzerem. W tym wypadku wystarczy odrobina <strong>r\u00f3\u017cu<\/strong> w kremie w kolorze naszych naturalnych rumie\u0144c\u00f3w i ewentualnie <strong>niewielka<\/strong> ilo\u015b\u0107 roz\u015bwietlacza na szczyt ko\u015bci policzkowych.<\/p>\n<p>&nbsp;<\/p>\n<div id=\"attachment_2781\" style=\"width: 569px\" class=\"wp-caption aligncenter\"><a href=\"https:\/\/neness.pl\/kosmetyki\/twarz\/roze_bronzery_i_rozswietlacze\/nyx_powder_blush_roz_pb02_dusty_rose.html\"><img loading=\"lazy\" decoding=\"async\" aria-describedby=\"caption-attachment-2781\" class=\"wp-image-2781\" src=\"http:\/\/ranking-kosmetykow.pl\/wp-content\/uploads\/2017\/07\/e4dc3b1afd149b48bdcd5584138c6705.jpg\" alt=\"\" width=\"559\" height=\"745\" srcset=\"https:\/\/neness.pl\/blog\/wp-content\/uploads\/2017\/07\/e4dc3b1afd149b48bdcd5584138c6705.jpg 750w, https:\/\/neness.pl\/blog\/wp-content\/uploads\/2017\/07\/e4dc3b1afd149b48bdcd5584138c6705-225x300.jpg 225w, https:\/\/neness.pl\/blog\/wp-content\/uploads\/2017\/07\/e4dc3b1afd149b48bdcd5584138c6705-610x813.jpg 610w\" sizes=\"auto, (max-width: 559px) 100vw, 559px\" \/><\/a><p id=\"caption-attachment-2781\" class=\"wp-caption-text\">NYX Powder Blush R\u00f3\u017c \/ 14,90 z\u0142<\/p><\/div>\n<p>&nbsp;<\/p>\n<h3><\/h3>\n<h3>Oczy<\/h3>\n<p>Je\u015bli chcemy wyr\u00f3wna\u0107 koloryt powiek, nak\u0142adamy\u00a0<strong>jasny<\/strong> matowy cie\u0144, w kolorze zbli\u017conym do koloru cery. Bardzo dobrze sprawdz\u0105 si\u0119 r\u00f3wnie\u017c cienie<strong> w kremie<\/strong>, kt\u00f3re wyr\u00f3wnaj\u0105 koloryt i ukryj\u0105 \u017cy\u0142ki i zaczerwienienia, a tak\u017ce utrzymaj\u0105 si\u0119 na oczach przez ca\u0142y dzie\u0144, nawet przy wysokich temperaturach.<\/p>\n<p>&nbsp;<\/p>\n<div id=\"attachment_2779\" style=\"width: 553px\" class=\"wp-caption aligncenter\"><a href=\"https:\/\/neness.pl\/kosmetyki\/oczy\/cienie_do_powiek\/w7_chunku_eyes_cien_w_kredce.html\"><img loading=\"lazy\" decoding=\"async\" aria-describedby=\"caption-attachment-2779\" class=\"wp-image-2779\" src=\"http:\/\/ranking-kosmetykow.pl\/wp-content\/uploads\/2017\/07\/39a927f7916b07e3057bdddf4a0663ac.jpg\" alt=\"\" width=\"543\" height=\"724\" srcset=\"https:\/\/neness.pl\/blog\/wp-content\/uploads\/2017\/07\/39a927f7916b07e3057bdddf4a0663ac.jpg 750w, https:\/\/neness.pl\/blog\/wp-content\/uploads\/2017\/07\/39a927f7916b07e3057bdddf4a0663ac-225x300.jpg 225w, https:\/\/neness.pl\/blog\/wp-content\/uploads\/2017\/07\/39a927f7916b07e3057bdddf4a0663ac-610x813.jpg 610w\" sizes=\"auto, (max-width: 543px) 100vw, 543px\" \/><\/a><p id=\"caption-attachment-2779\" class=\"wp-caption-text\">W7 Chunku Eyes Cie\u0144 w Kredce \/ 11,90 z\u0142<\/p><\/div>\n<p>&nbsp;<\/p>\n<p>&nbsp;<\/p>\n<p>Wykonuj\u0105c ten makija\u017c, unikamy wyra\u017anych kresek eyelinerem, zamiast tego mo\u017cemy u\u017cy\u0107 <strong>mi\u0119kkiej kredki<\/strong> w kolorze br\u0105zowym lub grafitowym, by delikatnie podkre\u015bli\u0107 ni\u0105 lini\u0119 rz\u0119s.<\/p>\n<p>Blondynki i posiadaczki naturalnie rudych w\u0142os\u00f3w mog\u0105 postawi\u0107 na tusz do rz\u0119s w kolorze <strong>br\u0105zowym<\/strong>, kt\u00f3ry b\u0119dzie wygl\u0105da\u0142 bardziej naturalnie ni\u017c czarna maskara. Je\u015bli posiadamy ciemne rz\u0119sy, mo\u017cemy ca\u0142kowicie <strong>zrezygnowa\u0107<\/strong> z tego kosmetyku i tylko podkr\u0119ci\u0107 w\u0142oski zalotk\u0105.<\/p>\n<p>&nbsp;<\/p>\n<h3>Brwi<\/h3>\n<p>W tym wypadku r\u00f3wnie\u017c stawiamy na minimalizm. Ewentualne ubytki wype\u0142niamy <strong>cieniem<\/strong> do brwi w dobranym do naszych naturalnych w\u0142osk\u00f3w odcieniu, a ca\u0142o\u015b\u0107 mo\u017cemy utrwali\u0107 bezbarwnym <strong>\u017celem<\/strong>, by trzyma\u0142y kszta\u0142t przez ca\u0142y dzie\u0144.<\/p>\n<p>&nbsp;<\/p>\n<div id=\"attachment_2778\" style=\"width: 544px\" class=\"wp-caption aligncenter\"><a href=\"https:\/\/neness.pl\/kosmetyki\/oczy\/palety_do_brwi\/dermacol_02_pudrowy_cien_do_brwi_powder_eyebrow_shadow.html\"><img loading=\"lazy\" decoding=\"async\" aria-describedby=\"caption-attachment-2778\" class=\"wp-image-2778\" src=\"http:\/\/ranking-kosmetykow.pl\/wp-content\/uploads\/2017\/07\/26de19c68915928668fa1ed33e7e309e.png\" alt=\"\" width=\"534\" height=\"712\" srcset=\"https:\/\/neness.pl\/blog\/wp-content\/uploads\/2017\/07\/26de19c68915928668fa1ed33e7e309e.png 750w, https:\/\/neness.pl\/blog\/wp-content\/uploads\/2017\/07\/26de19c68915928668fa1ed33e7e309e-225x300.png 225w, https:\/\/neness.pl\/blog\/wp-content\/uploads\/2017\/07\/26de19c68915928668fa1ed33e7e309e-610x813.png 610w\" sizes=\"auto, (max-width: 534px) 100vw, 534px\" \/><\/a><p id=\"caption-attachment-2778\" class=\"wp-caption-text\">Dermacol Pudrowy Cie\u0144 do Brwi Powder Eyebrow Shadow \/ 31,50 z\u0142<\/p><\/div>\n<h3><\/h3>\n<h3>Usta<\/h3>\n<p>Usta wystarczy podkre\u015bli\u0107 bezbarwnym <strong>b\u0142yszczykiem<\/strong> lub kremow\u0105 pomadk\u0105 w kolorze identycznym z naszym kolorem ust. \u015awietnie sprawdzi si\u0119 r\u00f3wnie\u017c piel\u0119gnacyjny balsam.<\/p>\n<p>&nbsp;<\/p>\n<div id=\"attachment_2782\" style=\"width: 551px\" class=\"wp-caption aligncenter\"><a href=\"https:\/\/neness.pl\/kosmetyki\/usta\/balsamy_i_maselka\/nyx_color_lip_balm_kolorowy_balsam_clb010_tack.html\"><img loading=\"lazy\" decoding=\"async\" aria-describedby=\"caption-attachment-2782\" class=\"wp-image-2782\" src=\"http:\/\/ranking-kosmetykow.pl\/wp-content\/uploads\/2017\/07\/e625c6fbac88ba196a8a3a7ff23caced.jpg\" alt=\"\" width=\"541\" height=\"721\" srcset=\"https:\/\/neness.pl\/blog\/wp-content\/uploads\/2017\/07\/e625c6fbac88ba196a8a3a7ff23caced.jpg 750w, https:\/\/neness.pl\/blog\/wp-content\/uploads\/2017\/07\/e625c6fbac88ba196a8a3a7ff23caced-225x300.jpg 225w, https:\/\/neness.pl\/blog\/wp-content\/uploads\/2017\/07\/e625c6fbac88ba196a8a3a7ff23caced-610x813.jpg 610w\" sizes=\"auto, (max-width: 541px) 100vw, 541px\" \/><\/a><p id=\"caption-attachment-2782\" class=\"wp-caption-text\">NYX Color Lip Balm Kolorowy balsam \/ 14,50 z\u0142<\/p><\/div>\n","protected":false},"excerpt":{"rendered":"<p>Lato i gor\u0105ce temperatury nie zach\u0119caj\u0105 do wykonywania pe\u0142nego makija\u017cu, kt\u00f3ry prawdopodobnie i tak sp\u0142ynie z naszej twarzy w ci\u0105gu najbli\u017cszych kilkudziesi\u0119ciu minut. Jednak nie oznacza to, \u017ce musimy ca\u0142kowicie rezygnowa\u0107 z malowania si\u0119. &nbsp; Make-up no make-up Cho\u0107 brak makija\u017cu w upalne dni jest najprostszym wyj\u015bciem, mo\u017cemy umalowa\u0107 si\u0119 r\u00f3wnie\u017c bardzo delikatnie, u\u017cywaj\u0105c niewielu [&hellip;]<\/p>\n","protected":false},"author":2,"featured_media":2777,"comment_status":"open","ping_status":"open","sticky":false,"template":"","format":"standard","meta":{"_et_pb_use_builder":"","_et_pb_old_content":"","_et_gb_content_width":"","footnotes":""},"categories":[41],"tags":[],"class_list":["post-2775","post","type-post","status-publish","format-standard","has-post-thumbnail","hentry","category-olsniewaj-makijazem","et-has-post-format-content","et_post_format-et-post-format-standard"],"_links":{"self":[{"href":"https:\/\/neness.pl\/blog\/wp-json\/wp\/v2\/posts\/2775","targetHints":{"allow":["GET"]}}],"collection":[{"href":"https:\/\/neness.pl\/blog\/wp-json\/wp\/v2\/posts"}],"about":[{"href":"https:\/\/neness.pl\/blog\/wp-json\/wp\/v2\/types\/post"}],"author":[{"embeddable":true,"href":"https:\/\/neness.pl\/blog\/wp-json\/wp\/v2\/users\/2"}],"replies":[{"embeddable":true,"href":"https:\/\/neness.pl\/blog\/wp-json\/wp\/v2\/comments?post=2775"}],"version-history":[{"count":0,"href":"https:\/\/neness.pl\/blog\/wp-json\/wp\/v2\/posts\/2775\/revisions"}],"wp:featuredmedia":[{"embeddable":true,"href":"https:\/\/neness.pl\/blog\/wp-json\/wp\/v2\/media\/2777"}],"wp:attachment":[{"href":"https:\/\/neness.pl\/blog\/wp-json\/wp\/v2\/media?parent=2775"}],"wp:term":[{"taxonomy":"category","embeddable":true,"href":"https:\/\/neness.pl\/blog\/wp-json\/wp\/v2\/categories?post=2775"},{"taxonomy":"post_tag","embeddable":true,"href":"https:\/\/neness.pl\/blog\/wp-json\/wp\/v2\/tags?post=2775"}],"curies":[{"name":"wp","href":"https:\/\/api.w.org\/{rel}","templated":true}]}}