{"id":2755,"date":"2017-06-30T13:13:00","date_gmt":"2017-06-30T11:13:00","guid":{"rendered":"http:\/\/ranking-kosmetykow.pl\/?p=2755"},"modified":"2017-06-30T13:13:00","modified_gmt":"2017-06-30T11:13:00","slug":"jak-dobrac-cienie-do-koloru-teczowki","status":"publish","type":"post","link":"https:\/\/neness.pl\/blog\/jak-dobrac-cienie-do-koloru-teczowki\/","title":{"rendered":"Jak dobra\u0107 cienie do koloru t\u0119cz\u00f3wki?"},"content":{"rendered":"<p>Makija\u017c, kt\u00f3ry codziennie wykonujemy na twarzy, ma przede wszystkim <strong>podkre\u015bla\u0107<\/strong> nasz\u0105 urod\u0119 i sprawi\u0107 by nasza twarz wygl\u0105da\u0142a pi\u0119knie. Obowi\u0105zuje w nim ca\u0142kowita <strong>dowolno\u015b\u0107<\/strong> i ka\u017cda z nas mo\u017ce malowa\u0107 si\u0119 w spos\u00f3b, kt\u00f3ry jej odpowiada, zgodnie ze swoimi upodobaniami i nastrojem.<\/p>\n<p>Mo\u017cemy jednak w codziennym makija\u017cu wykorzysta\u0107 kilka <strong>sztuczek<\/strong>, kt\u00f3re pozwol\u0105 nam jeszcze lepiej podkre\u015bli\u0107 lub uwydatni\u0107 to, na czym najbardziej nam zale\u017cy.<\/p>\n<p>Jedn\u0105 z nich jest u\u017cywanie cieni do powiek <strong>dobranych<\/strong> do koloru naszych oczu tak, by podkre\u015bli\u0107 i wydoby\u0107 barw\u0119 t\u0119cz\u00f3wki. Jakie odcienie najlepiej pasuj\u0105 do oczu ka\u017cdej z nas?<\/p>\n<p><span style=\"color: #ffffff;\">.<\/span><\/p>\n<h3>Makija\u017c a kolor oczu<\/h3>\n<p>Makija\u017c naszych oczu, a zatem kolory cieni, kt\u00f3rych do niego u\u017cywamy, powinny <strong>podbija\u0107<\/strong> i dodawa\u0107 <strong>wyrazisto\u015bci<\/strong> barwie naszych oczu. Pami\u0119tajmy jednak, \u017ce kolor <strong>t\u0119cz\u00f3wki<\/strong> nie jest jedynym aspektem, kt\u00f3ry musimy wzi\u0105\u0107 pod uwag\u0119 podczas wyboru kosmetyku. Wa\u017cne jest r\u00f3wnie\u017c, by cienie <strong>wsp\u00f3\u0142gra\u0142y<\/strong> z odcieniem naszych w\u0142os\u00f3w i by\u0142y dopasowane do koloru karnacji.<\/p>\n<p>Niegdy\u015b wiza\u017cy\u015bci wybierali kolory cieni do powiek zgodnie z kolorem oczu. Od jakiego\u015b czasu odchodzi si\u0119 ju\u017c jednak od tej zasady. Wsp\u00f3\u0142cze\u015bnie makija\u017c oczu wykonywany jest raczej na zasadzie <strong>kontrastu<\/strong>. Bardzo dobrym pomys\u0142em jest u\u017cywanie kolor\u00f3w <strong>dope\u0142niaj\u0105cych<\/strong> barw\u0119 t\u0119cz\u00f3wki. Jakie kolory s\u0105 wi\u0119c odpowiednie dla poszczeg\u00f3lnych odcieni oczu?<\/p>\n<p><span style=\"color: #ffffff;\">.<\/span><\/p>\n<h3>Oczy niebieskie i szare<\/h3>\n<p>Oczy <strong>niebieskie<\/strong> same w sobie maj\u0105 <strong>ch\u0142odny<\/strong> odcie\u0144, dlatego wybieraj\u0105c cienie do powiek, powinny\u015bmy decydowa\u0107 si\u0119 na te o podobnej temperaturze. Bardzo dobrze sprawdz\u0105 si\u0119 odcienie <strong>szaro\u015bci<\/strong>, <strong>biel<\/strong>, <strong>khaki<\/strong>, a tak\u017ce pastelowe odcienie r\u00f3\u017cu i fioletu.<\/p>\n<p>&nbsp;<\/p>\n<p>&nbsp;<\/p>\n<div id=\"attachment_2757\" style=\"width: 693px\" class=\"wp-caption aligncenter\"><a href=\"https:\/\/neness.pl\/kosmetyki\/oczy\/cienie_do_powiek\/technic_paleta_cieni_do_powiek_treasury_2.html\"><img loading=\"lazy\" decoding=\"async\" aria-describedby=\"caption-attachment-2757\" class=\" wp-image-2757\" src=\"http:\/\/ranking-kosmetykow.pl\/wp-content\/uploads\/2017\/06\/5dc3142ac765ca3f2ef67859e10905b6.jpg\" alt=\"\" width=\"683\" height=\"911\" srcset=\"https:\/\/neness.pl\/blog\/wp-content\/uploads\/2017\/06\/5dc3142ac765ca3f2ef67859e10905b6.jpg 750w, https:\/\/neness.pl\/blog\/wp-content\/uploads\/2017\/06\/5dc3142ac765ca3f2ef67859e10905b6-225x300.jpg 225w, https:\/\/neness.pl\/blog\/wp-content\/uploads\/2017\/06\/5dc3142ac765ca3f2ef67859e10905b6-610x813.jpg 610w\" sizes=\"auto, (max-width: 683px) 100vw, 683px\" \/><\/a><p id=\"caption-attachment-2757\" class=\"wp-caption-text\">Technic Paleta Cieni do Powiek \/ 24,50 z\u0142<\/p><\/div>\n<p><span style=\"color: #ffffff;\">.<\/span><\/p>\n<p>Eksperymentowa\u0107 mo\u017cemy r\u00f3wnie\u017c z odcieniami b\u0142\u0119kitu, wa\u017cne jednak by odcienie te nie by\u0142y w identycznym kolorze jak nasze oczy. Dobrze sprawdz\u0105 si\u0119 r\u00f3wnie\u017c <strong>ch\u0142odne br\u0105zy<\/strong> lub nawet z\u0142oto. Przy tak jasnych oczach unikajmy raczej ciemnych, zw\u0142aszcza <strong>czarnych<\/strong> kresek, kt\u00f3re optycznie zmniejszaj\u0105 oko i sprawiaj\u0105, \u017ce spojrzenie wydaje si\u0119 smutne.<\/p>\n<h3><span style=\"color: #ffffff;\">\u00a0.<\/span><\/h3>\n<h3>Oczy ciemnobr\u0105zowe<\/h3>\n<p>Posiadaczki oczu w tym kolorze s\u0105 prawdziwymi szcz\u0119\u015bciarami, poniewa\u017c maj\u0105 najwi\u0119ksz\u0105 <strong>dowolno\u015b\u0107<\/strong> w wybieraniu kolor\u00f3w cieni do powiek. Bardzo \u0142adnie wygl\u0105da\u0107 b\u0119d\u0105 <strong>intensywne<\/strong> kolory, na przyk\u0142ad <strong>purpura<\/strong>, \u015bliwkowe <strong>fiolety<\/strong>, <strong>turkus<\/strong>. Przy tym kolorze w\u0142os\u00f3w mo\u017cemy pozwoli\u0107 sobie na czarne kreski.<\/p>\n<p>Pi\u0119knie kolor t\u0119cz\u00f3wki b\u0119d\u0105 te\u017c wydobywa\u0107 <strong>zielenie<\/strong> i odcienie brzoskwiniowe i \u0142ososiowe.<\/p>\n<p>&nbsp;<\/p>\n<div id=\"attachment_2758\" style=\"width: 684px\" class=\"wp-caption aligncenter\"><a href=\"https:\/\/neness.pl\/kosmetyki\/oczy\/cienie_do_powiek\/revolution_paleta_32_cieni_mermaids_forever.html\"><img loading=\"lazy\" decoding=\"async\" aria-describedby=\"caption-attachment-2758\" class=\"wp-image-2758\" src=\"http:\/\/ranking-kosmetykow.pl\/wp-content\/uploads\/2017\/06\/b4b0f959e5719f3437a999ba8303fb38.jpg\" alt=\"\" width=\"674\" height=\"899\" srcset=\"https:\/\/neness.pl\/blog\/wp-content\/uploads\/2017\/06\/b4b0f959e5719f3437a999ba8303fb38.jpg 750w, https:\/\/neness.pl\/blog\/wp-content\/uploads\/2017\/06\/b4b0f959e5719f3437a999ba8303fb38-225x300.jpg 225w, https:\/\/neness.pl\/blog\/wp-content\/uploads\/2017\/06\/b4b0f959e5719f3437a999ba8303fb38-610x813.jpg 610w\" sizes=\"auto, (max-width: 674px) 100vw, 674px\" \/><\/a><p id=\"caption-attachment-2758\" class=\"wp-caption-text\">Revolution Paleta \/ 31,90 z\u0142<\/p><\/div>\n<h3><span style=\"color: #ffffff;\">.<\/span><\/h3>\n<h3>Oczy piwne<\/h3>\n<p>Podobnie jak przy oczach ciemnobr\u0105zowych, panie o oczach w kolorze <strong>piwnym<\/strong> maj\u0105 du\u017c\u0105 dowolno\u015b\u0107 przy wykonywaniu makija\u017cu maj\u0105cego wydobywa\u0107 barw\u0119 t\u0119cz\u00f3wki. Dobrze wygl\u0105daj\u0105 r\u00f3wnie\u017c odcienie <strong>miedzi<\/strong>, <strong>z\u0142ota<\/strong>, a nawet br\u0105zy.<\/p>\n<p><span style=\"color: #ffffff;\">.<\/span><\/p>\n<h3>Oczy zielone<\/h3>\n<p>By doda\u0107 g\u0142\u0119bi oczom w kolorze <strong>zieleni<\/strong>, warto si\u0119gn\u0105\u0107 po cienie w kolorach <strong>wrzosowych<\/strong>, jasne fiolety, <strong>fio\u0142kowy<\/strong>, a nawet <strong>czerwie\u0144<\/strong>. Kolory, kt\u00f3re pi\u0119knie harmonizuj\u0105 z t\u0119cz\u00f3wk\u0105 w tym odcieniu to <strong>b\u0142\u0119kit<\/strong> i <strong>\u017c\u00f3\u0142\u0107<\/strong>. W przypadku takich oczu nie musimy si\u0119 r\u00f3wnie\u017c obawia\u0107 u\u017cywania <strong>czarnej<\/strong> kreski i ciemnych cieni.<\/p>\n<p>&nbsp;<\/p>\n<div id=\"attachment_2759\" style=\"width: 663px\" class=\"wp-caption aligncenter\"><a href=\"https:\/\/neness.pl\/kosmetyki\/oczy\/cienie_do_powiek\/sleek_make_up_paleta_cieni_oh_so_special.html\"><img loading=\"lazy\" decoding=\"async\" aria-describedby=\"caption-attachment-2759\" class=\"wp-image-2759\" src=\"http:\/\/ranking-kosmetykow.pl\/wp-content\/uploads\/2017\/06\/c6d1515d5e526cf60c0863174fc44b55.jpg\" alt=\"\" width=\"653\" height=\"871\" srcset=\"https:\/\/neness.pl\/blog\/wp-content\/uploads\/2017\/06\/c6d1515d5e526cf60c0863174fc44b55.jpg 750w, https:\/\/neness.pl\/blog\/wp-content\/uploads\/2017\/06\/c6d1515d5e526cf60c0863174fc44b55-225x300.jpg 225w, https:\/\/neness.pl\/blog\/wp-content\/uploads\/2017\/06\/c6d1515d5e526cf60c0863174fc44b55-610x813.jpg 610w\" sizes=\"auto, (max-width: 653px) 100vw, 653px\" \/><\/a><p id=\"caption-attachment-2759\" class=\"wp-caption-text\">Sleek Make Up Paleta Cieni \/ 39.90 z\u0142<\/p><\/div>\n<p><span style=\"color: #ffffff;\">.<\/span><\/p>\n<h3>Kolor cieni a kolor w\u0142os\u00f3w<\/h3>\n<p>Wybieraj\u0105c kolor cieni, mo\u017ce kierowa\u0107 si\u0119 r\u00f3wnie\u017c kolorem naszych w\u0142os\u00f3w. <strong>Blondynki<\/strong> dobrze b\u0119d\u0105 wygl\u0105da\u0107 w szaro\u015bciach, morelach, i z\u0142otych odcieniach br\u0105zu i be\u017cu.<\/p>\n<p><strong>Szatynki<\/strong> i <strong>brunetki<\/strong>, podobnie jak w przypadku w\u0142os\u00f3w ciemnobr\u0105zowych i piwnych, mog\u0105 zdecydowa\u0107 si\u0119 na fiolet, purpur\u0119, \u015bliwk\u0119 czy kolor \u0142ososiowy.<\/p>\n<p>Posiadaczki w\u0142os\u00f3w <strong>rudych<\/strong> powinny si\u0119ga\u0107 po odcienie zieleni i miedzi.<\/p>\n","protected":false},"excerpt":{"rendered":"<p>Makija\u017c, kt\u00f3ry codziennie wykonujemy na twarzy, ma przede wszystkim podkre\u015bla\u0107 nasz\u0105 urod\u0119 i sprawi\u0107 by nasza twarz wygl\u0105da\u0142a pi\u0119knie. Obowi\u0105zuje w nim ca\u0142kowita dowolno\u015b\u0107 i ka\u017cda z nas mo\u017ce malowa\u0107 si\u0119 w spos\u00f3b, kt\u00f3ry jej odpowiada, zgodnie ze swoimi upodobaniami i nastrojem. Mo\u017cemy jednak w codziennym makija\u017cu wykorzysta\u0107 kilka sztuczek, kt\u00f3re pozwol\u0105 nam jeszcze lepiej [&hellip;]<\/p>\n","protected":false},"author":2,"featured_media":2761,"comment_status":"open","ping_status":"open","sticky":false,"template":"","format":"standard","meta":{"_et_pb_use_builder":"","_et_pb_old_content":"","_et_gb_content_width":"","footnotes":""},"categories":[41],"tags":[],"class_list":["post-2755","post","type-post","status-publish","format-standard","has-post-thumbnail","hentry","category-olsniewaj-makijazem","et-has-post-format-content","et_post_format-et-post-format-standard"],"_links":{"self":[{"href":"https:\/\/neness.pl\/blog\/wp-json\/wp\/v2\/posts\/2755","targetHints":{"allow":["GET"]}}],"collection":[{"href":"https:\/\/neness.pl\/blog\/wp-json\/wp\/v2\/posts"}],"about":[{"href":"https:\/\/neness.pl\/blog\/wp-json\/wp\/v2\/types\/post"}],"author":[{"embeddable":true,"href":"https:\/\/neness.pl\/blog\/wp-json\/wp\/v2\/users\/2"}],"replies":[{"embeddable":true,"href":"https:\/\/neness.pl\/blog\/wp-json\/wp\/v2\/comments?post=2755"}],"version-history":[{"count":0,"href":"https:\/\/neness.pl\/blog\/wp-json\/wp\/v2\/posts\/2755\/revisions"}],"wp:featuredmedia":[{"embeddable":true,"href":"https:\/\/neness.pl\/blog\/wp-json\/wp\/v2\/media\/2761"}],"wp:attachment":[{"href":"https:\/\/neness.pl\/blog\/wp-json\/wp\/v2\/media?parent=2755"}],"wp:term":[{"taxonomy":"category","embeddable":true,"href":"https:\/\/neness.pl\/blog\/wp-json\/wp\/v2\/categories?post=2755"},{"taxonomy":"post_tag","embeddable":true,"href":"https:\/\/neness.pl\/blog\/wp-json\/wp\/v2\/tags?post=2755"}],"curies":[{"name":"wp","href":"https:\/\/api.w.org\/{rel}","templated":true}]}}