{"id":2740,"date":"2017-06-28T13:00:14","date_gmt":"2017-06-28T11:00:14","guid":{"rendered":"http:\/\/ranking-kosmetykow.pl\/?p=2740"},"modified":"2017-06-28T13:00:14","modified_gmt":"2017-06-28T11:00:14","slug":"ombre-sombre-i-flamboyage-czym-sie-roznia","status":"publish","type":"post","link":"https:\/\/neness.pl\/blog\/ombre-sombre-i-flamboyage-czym-sie-roznia\/","title":{"rendered":"Ombre, sombre i flamboyage &#8211; czym si\u0119 r\u00f3\u017cni\u0105?"},"content":{"rendered":"<p>Jeszcze do niedawna farbowanie w\u0142os\u00f3w w stylu ombre bi\u0142o rekordy popularno\u015bci. Od pewnego czasu jednak coraz ch\u0119tniej wybieramy sombre lub metod\u0119 flamboyage. Czym r\u00f3\u017cni\u0105 si\u0119 od siebie te trzy metody koloryzacji i kt\u00f3r\u0105 z nich wybra\u0107?<\/p>\n<p>&nbsp;<\/p>\n<h3>Ombre<\/h3>\n<p>Nazwa tej metody farbowania w\u0142os\u00f3w pochodzi od francuskiego s\u0142owa, oznaczaj\u0105cego <strong>\u201ecie\u0144&#8221;<\/strong>. Ta metoda farbowania daje bardzo <strong>wyrazisty<\/strong> efekt \u2014 w\u0142osy u nasady pozostaj\u0105 ciemne, a ich d\u0142ugo\u015b\u0107 zostaje mocno rozja\u015bniona.<\/p>\n<p>Ten spos\u00f3b koloryzacji sprawdzi si\u0119 najlepiej na<strong> grubych<\/strong>, <strong>mocnych<\/strong> w\u0142osach, najlepiej <strong>falowanych<\/strong> lub lekko kr\u0119conych. Mo\u017cna j\u0105 wykona\u0107 na ka\u017cdych w\u0142osach, niezale\u017cnie od ich koloru, cho\u0107 najlepiej prezentuje si\u0119 u <strong>brunetek<\/strong>. Ponadto ja\u015bniejszy kolor widoczny jest na ca\u0142ej szeroko\u015bci w\u0142os\u00f3w. Kolory przenikaj\u0105 si\u0119 tak, by granica mi\u0119dzy nimi by\u0142a <strong>subtelna<\/strong> i nie powstawa\u0142o wyra\u017ane <strong>odci\u0119cie<\/strong> mi\u0119dzy nimi.<\/p>\n<p>&nbsp;<\/p>\n<p>&nbsp;<\/p>\n<div id=\"attachment_2745\" style=\"width: 503px\" class=\"wp-caption aligncenter\"><img loading=\"lazy\" decoding=\"async\" aria-describedby=\"caption-attachment-2745\" class=\"wp-image-2745 \" src=\"http:\/\/ranking-kosmetykow.pl\/wp-content\/uploads\/2017\/06\/Fotolia_142074231_Subscription_XL-927x1024.jpg\" alt=\"\" width=\"493\" height=\"545\" \/><p id=\"caption-attachment-2745\" class=\"wp-caption-text\">fotolia.com, #142074231 | Autor: Africa Studio<\/p><\/div>\n<p>&nbsp;<\/p>\n<p>&nbsp;<\/p>\n<p>By wykona\u0107 tak\u0105 koloryzacj\u0119, nie musisz mie\u0107 d\u0142ugich w\u0142os\u00f3w, bardzo dobrze wygl\u0105da ona r\u00f3wnie\u017c na w\u0142osach \u015bredniej d\u0142ugo\u015bci. Fryzura ta b\u0119dzie idealna dla tych z nas, kt\u00f3re nie lubi\u0105 lub nie maj\u0105 czasu chodzi\u0107 do fryzjera co kilka tygodni. Zabieg w salonie fryzjerskim trwa od trzech do czterech godzin.<\/p>\n<p>&nbsp;<\/p>\n<h3>Sombre<\/h3>\n<p><strong>Sombre<\/strong> to nowsza wersja ombre, kt\u00f3rej nazwa jest po\u0142\u0105czeniem s\u0142\u00f3w <strong>\u201esoft\u201d<\/strong> i <strong>\u201eombre&#8221;<\/strong>. Nie bez powodu po\u0142\u0105czono te dwa s\u0142owa, bo sombre to du\u017co <strong>subtelniejszy<\/strong> spos\u00f3b koloryzacji ni\u017c jego poprzednik. W\u0142osy po takiej koloryzacji wygl\u0105daj\u0105 na <strong>mu\u015bni\u0119te s\u0142o\u0144cem<\/strong> i wygl\u0105daj\u0105 bardzo <strong>naturalnie<\/strong>. Ja\u015bniejszy kolor, w odr\u00f3\u017cnieniu od ombre nie znajduje si\u0119 na ca\u0142ej szeroko\u015bci w\u0142os\u00f3w, ale na <strong>pojedynczych<\/strong>, <strong>nieregularnych<\/strong> kosmykach. Idealnie zrobione sombre sprawia, \u017ce rozja\u015bnienie jest niemal niezauwa\u017calne, a fryzura jest pi\u0119knie<strong> roz\u015bwietlona<\/strong>, dlatego ja\u015bniejsze pasma zaczynaj\u0105 si\u0119 du\u017co bli\u017cej nasady w\u0142os\u00f3w ni\u017c w przypadku ombre.<\/p>\n<p>&nbsp;<\/p>\n<p><img loading=\"lazy\" decoding=\"async\" class=\" wp-image-2746 aligncenter\" src=\"http:\/\/ranking-kosmetykow.pl\/wp-content\/uploads\/2017\/06\/person-1014503_1920-1024x683.jpg\" alt=\"\" width=\"759\" height=\"506\" \/><\/p>\n<p>&nbsp;<\/p>\n<p>Podobnie, jak poprzedni spos\u00f3b koloryzacji, sombre \u015bwietnie sprawdzi si\u0119 na <strong>ka\u017cdym kolorze<\/strong> w\u0142os\u00f3w, dobrze wygl\u0105da te\u017c na <strong>ka\u017cdej d\u0142ugo\u015bci<\/strong>, poza w\u0142osami bardzo kr\u00f3tkimi. Metoda ta sprawdzi si\u0119 r\u00f3wnie\u017c na w\u0142osach pozbawionych obj\u0119to\u015bci, bo optycznie sprawia, \u017ce w\u0142os\u00f3w wydaje si\u0119 <strong>wi\u0119cej<\/strong>.<\/p>\n<p>&nbsp;<\/p>\n<h3>Flamboyage<\/h3>\n<p>Metoda koloryzacji <strong>flamboyage<\/strong> powoduje, \u017ce nasz kolor w\u0142os\u00f3w zyskuje naturaln\u0105 <strong>g\u0142\u0119bi\u0119<\/strong>, a w\u0142osy wygl\u0105daj\u0105 na <strong>g\u0119stsze<\/strong>, optycznie <strong>zyskuj\u0105 na obj\u0119to\u015bci<\/strong>, a ca\u0142a fryzura wygl\u0105da <strong>\u015bwie\u017co<\/strong> i <strong>naturalnie<\/strong>.<\/p>\n<p>Technika ta nieco przypomina klasyczny balayage, jednak wykonywana jest w bardzo <strong>delikatny<\/strong> spos\u00f3b, a r\u00f3\u017cnice mi\u0119dzy kolorami nie s\u0105 wi\u0119ksze ni\u017c<strong> 2-3 tony<\/strong>. Pasemka roz\u0142o\u017cone s\u0105 r\u00f3wnomiernie na ca\u0142ej <strong>d\u0142ugo\u015bci<\/strong> w\u0142os\u00f3w, ale na r\u00f3\u017cnej <strong>wysoko\u015bci<\/strong>.<\/p>\n<p>&nbsp;<\/p>\n<p>&nbsp;<\/p>\n<div id=\"attachment_2749\" style=\"width: 523px\" class=\"wp-caption aligncenter\"><img loading=\"lazy\" decoding=\"async\" aria-describedby=\"caption-attachment-2749\" class=\" wp-image-2749\" src=\"http:\/\/ranking-kosmetykow.pl\/wp-content\/uploads\/2017\/06\/Fotolia_83566120_Subscription_XL-1024x1024.jpg\" alt=\"\" width=\"513\" height=\"513\" \/><p id=\"caption-attachment-2749\" class=\"wp-caption-text\">fotolia.com, #83566120 | Autor: BigLike Images<\/p><\/div>\n<p>&nbsp;<\/p>\n<p>&nbsp;<\/p>\n<p>Metoda flamboyage najlepiej wygl\u0105da na w\u0142osach blond lub w odcieniach br\u0105zu, a w zale\u017cno\u015bci od pory roku, mo\u017cemy fryzur\u0119 bardziej<strong> roz\u015bwietli\u0107<\/strong>, dodaj\u0105c wi\u0119cej jasnych pasemek lub <strong>pog\u0142\u0119bi\u0107<\/strong> ciemniejszy kolor.<\/p>\n<p>Podczas farbowania wykorzystuje si\u0119 foliowe paski samoprzylepne, do kt\u00f3rych przyklejaj\u0105 si\u0119 <strong>cieniutkie<\/strong> pasma w\u0142os\u00f3w, na kt\u00f3re nak\u0142adana jest p\u00f3\u017aniej farba.<\/p>\n<p>Podobnie, jak wypadku dw\u00f3ch poprzednich koloryzacji, ogromn\u0105 zalet\u0105 jest <strong>brak odrost\u00f3w<\/strong>, wi\u0119c nie musimy martwi\u0107 si\u0119 o regularne farbowanie w\u0142os\u00f3w.<\/p>\n<p>&nbsp;<\/p>\n<p>Pami\u0119tajmy, \u017ce wszystkie te metody koloryzacji opieraj\u0105 si\u0119 na rozja\u015bnianiu w\u0142os\u00f3w, dlatego bardzo wa\u017cne jest to, by codziennie odpowiednio dba\u0107 o zdrowy wygl\u0105d w\u0142os\u00f3w. O tym, jak powinna wygl\u0105da\u0107 piel\u0119gnacja w\u0142os\u00f3w rozja\u015bnianych, pisali\u015bmy w jednym z naszych poprzednich <a href=\"http:\/\/ranking-kosmetykow.pl\/2017\/06\/12\/jak-dbac-o-wlosy-rozjasniane\/\">post\u00f3w<\/a>.<\/p>\n","protected":false},"excerpt":{"rendered":"<p>Jeszcze do niedawna farbowanie w\u0142os\u00f3w w stylu ombre bi\u0142o rekordy popularno\u015bci. Od pewnego czasu jednak coraz ch\u0119tniej wybieramy sombre lub metod\u0119 flamboyage. Czym r\u00f3\u017cni\u0105 si\u0119 od siebie te trzy metody koloryzacji i kt\u00f3r\u0105 z nich wybra\u0107? &nbsp; Ombre Nazwa tej metody farbowania w\u0142os\u00f3w pochodzi od francuskiego s\u0142owa, oznaczaj\u0105cego \u201ecie\u0144&#8221;. Ta metoda farbowania daje bardzo wyrazisty [&hellip;]<\/p>\n","protected":false},"author":2,"featured_media":2744,"comment_status":"open","ping_status":"open","sticky":false,"template":"","format":"standard","meta":{"_et_pb_use_builder":"","_et_pb_old_content":"","_et_gb_content_width":"","footnotes":""},"categories":[48],"tags":[],"class_list":["post-2740","post","type-post","status-publish","format-standard","has-post-thumbnail","hentry","category-wlosy-idealne","et-has-post-format-content","et_post_format-et-post-format-standard"],"_links":{"self":[{"href":"https:\/\/neness.pl\/blog\/wp-json\/wp\/v2\/posts\/2740","targetHints":{"allow":["GET"]}}],"collection":[{"href":"https:\/\/neness.pl\/blog\/wp-json\/wp\/v2\/posts"}],"about":[{"href":"https:\/\/neness.pl\/blog\/wp-json\/wp\/v2\/types\/post"}],"author":[{"embeddable":true,"href":"https:\/\/neness.pl\/blog\/wp-json\/wp\/v2\/users\/2"}],"replies":[{"embeddable":true,"href":"https:\/\/neness.pl\/blog\/wp-json\/wp\/v2\/comments?post=2740"}],"version-history":[{"count":0,"href":"https:\/\/neness.pl\/blog\/wp-json\/wp\/v2\/posts\/2740\/revisions"}],"wp:featuredmedia":[{"embeddable":true,"href":"https:\/\/neness.pl\/blog\/wp-json\/wp\/v2\/media\/2744"}],"wp:attachment":[{"href":"https:\/\/neness.pl\/blog\/wp-json\/wp\/v2\/media?parent=2740"}],"wp:term":[{"taxonomy":"category","embeddable":true,"href":"https:\/\/neness.pl\/blog\/wp-json\/wp\/v2\/categories?post=2740"},{"taxonomy":"post_tag","embeddable":true,"href":"https:\/\/neness.pl\/blog\/wp-json\/wp\/v2\/tags?post=2740"}],"curies":[{"name":"wp","href":"https:\/\/api.w.org\/{rel}","templated":true}]}}