{"id":2689,"date":"2017-06-21T14:59:29","date_gmt":"2017-06-21T12:59:29","guid":{"rendered":"http:\/\/ranking-kosmetykow.pl\/?p=2689"},"modified":"2017-06-21T14:59:29","modified_gmt":"2017-06-21T12:59:29","slug":"bob-fryzura-zawsze-modna","status":"publish","type":"post","link":"https:\/\/neness.pl\/blog\/bob-fryzura-zawsze-modna\/","title":{"rendered":"Bob &#8211; fryzura zawsze modna"},"content":{"rendered":"<p>Od kilku sezon\u00f3w, a tak naprawd\u0119 od kilkudziesi\u0119ciu lat <strong>bob<\/strong> to jedna z najmodniejszych damskich fryzur. Ta najbardziej lubiane ci\u0119cie\u00a0na \u015bwiecie ma ju\u017c ponad sto lat. Sk\u0105d si\u0119 wzi\u0119\u0142a i kto by\u0142 jej tw\u00f3rc\u0105?<\/p>\n<p><span style=\"color: #ffffff;\">\u00a0.<\/span><\/p>\n<h3>Historia<\/h3>\n<p>Historia tego uczesania tak naprawd\u0119 ma swoje pocz\u0105tki prawdopodobnie ju\u017c w XV wieku, a raczej odnosi si\u0119 do przekaz\u00f3w wed\u0142ug kt\u00f3rych Joanna d&#8217;Arc nosi\u0142a fryzur\u0119 podobn\u0105 do tej, kt\u00f3ra w przysz\u0142o\u015bci mia\u0142a zosta\u0107 nazwana bobem.<\/p>\n<p>Fryzjer gwiazd z pocz\u0105tku XX wieku, zwany <strong>Antoinem<\/strong>, inspirowa\u0142 si\u0119 podobno wygl\u0105dem tej francuskiej bohaterki. Naprawd\u0119 nazywa\u0142 si\u0119 Antoni Cierplikowski i pochodzi\u0142 z Sieradza. Do dzi\u015b uznawany jest on za jednego z najbardziej <strong>znanych<\/strong> fryzjer\u00f3w na \u015bwiecie. W swoim salonie w Pary\u017cu lansowa\u0142 mod\u0119 na <strong>kr\u00f3tkie<\/strong> <strong>w\u0142osy<\/strong> &#8211; czyli fryzury &#8222;na ch\u0142opczyc\u0119&#8221;. Podobno pierwsz\u0105 kobiet\u0105, kt\u00f3ra \u015bci\u0119\u0142a swoje w\u0142osy w spos\u00f3b charakterystyczny dla tej fryzury by\u0142a francuska aktorka teatralna \u00c8ve Lavalli\u00e8re. \u015aci\u0119\u0142a je na potrzeby sztuki teatralne w 1909 roku.<\/p>\n<p>W czasie I wojny \u015bwiatowej wiele kobiet ze wzgl\u0119d\u00f3w <strong>praktycznych<\/strong> i <strong>higienicznych<\/strong> zdecydowa\u0142o si\u0119 zrezygnowa\u0107 z noszenia d\u0142ugich w\u0142os\u00f3w, a dekad\u0119 p\u00f3\u017aniej fryzur\u0119 wymy\u015blon\u0105 przez Cierplikowskiego nosi\u0142a ju\u017c <strong>wi\u0119kszo\u015b\u0107<\/strong> kobiet w USA i Europie.<\/p>\n<p>Podobne ci\u0119cie w latach 60. <strong>spopularyzowa\u0142a<\/strong> kolejna ikona fryzjerstwa, czyli Vidal Sassoon, kt\u00f3ry nada\u0142 fryzurze now\u0105 form\u0119, wyznaczaj\u0105c podczas strzy\u017cenia <strong>pi\u0119\u0107<\/strong> <strong>punkt\u00f3w<\/strong> wok\u00f3\u0142 g\u0142owy. W ten spos\u00f3b fryzura mia\u0142a <strong>podkre\u015bla\u0107<\/strong> pi\u0119kno kobiety. Przede wszystkim, nowatorsko\u015b\u0107 ci\u0119cia Sassoona polega\u0142a na tym, \u017ce w\u0142osy <strong>same<\/strong> <strong>uk\u0142ada\u0142y<\/strong> <strong>si\u0119<\/strong> w po\u017c\u0105dany spos\u00f3b bez konieczno\u015bci modelowania ich co kilka dni w salonie fryzjerskim. Wystarczy\u0142o umy\u0107 i wysuszy\u0107 je samemu w domu, by zn\u00f3w wygl\u0105da\u0107 \u015bwietnie.<\/p>\n<p>&nbsp;<\/p>\n<p>&nbsp;<\/p>\n<div id=\"attachment_2695\" style=\"width: 861px\" class=\"wp-caption aligncenter\"><img loading=\"lazy\" decoding=\"async\" aria-describedby=\"caption-attachment-2695\" class=\"wp-image-2695 \" src=\"http:\/\/ranking-kosmetykow.pl\/wp-content\/uploads\/2017\/06\/Fotolia_103233953_Subscription_XXL-1024x587.jpg\" alt=\"\" width=\"851\" height=\"488\" \/><p id=\"caption-attachment-2695\" class=\"wp-caption-text\">fotolia.com, #103233953 | Autor: deniskomarov<\/p><\/div>\n<p>&nbsp;<\/p>\n<p>&nbsp;<\/p>\n<p>Na popularno\u015b\u0107 od\u015bwie\u017conej wersji tego strzy\u017cenia wp\u0142yn\u0119\u0142a r\u00f3wnie\u017c jedna z najbardziej znanych modelek tamtych czas\u00f3w &#8211; <strong>Twiggy<\/strong>.<\/p>\n<p>Dzi\u015b ten rodzaj ci\u0119cia zn\u00f3w prze\u017cywa fal\u0119 <strong>popularno\u015bci<\/strong>, a bardzo wiele gwiazd kina i muzyki ch\u0119tnie strzy\u017ce si\u0119 w ten spos\u00f3b ju\u017c od kilku sezon\u00f3w.<\/p>\n<p>&nbsp;<\/p>\n<h3>Jak wygl\u0105da bob?<\/h3>\n<p>Bob nazywany jest fryzur\u0105 dla ka\u017cdego, poniewa\u017c podobno <strong>ka\u017cda<\/strong> <strong>twarz<\/strong> wygl\u0105da w tym strzy\u017ceniu korzystnie. Zw\u0142aszcza najd\u0142u\u017csza wersja tego ci\u0119cia &#8211; do ramion wygl\u0105da \u015bwietnie niemal u ka\u017cdego. Dzi\u015b mo\u017cemy spotka\u0107 go w <strong>kilku<\/strong> <strong>wersjach<\/strong>, mi\u0119dzy innymi retro, z grzywk\u0105, o r\u00f3\u017cnej d\u0142ugo\u015bci, a tak\u017ce mocniej lub bardziej wycieniowanego i z pofalowanymi lub prostymi w\u0142osami.<\/p>\n<p>&nbsp;<\/p>\n<p>&nbsp;<\/p>\n<div id=\"attachment_2696\" style=\"width: 550px\" class=\"wp-caption aligncenter\"><img loading=\"lazy\" decoding=\"async\" aria-describedby=\"caption-attachment-2696\" class=\"wp-image-2696 \" src=\"http:\/\/ranking-kosmetykow.pl\/wp-content\/uploads\/2017\/06\/Fotolia_48859492_Subscription_XXL-683x1024.jpg\" alt=\"\" width=\"540\" height=\"810\" \/><p id=\"caption-attachment-2696\" class=\"wp-caption-text\">fotolia.com, #48859492 | Autor: puhhha<\/p><\/div>\n<p>&nbsp;<\/p>\n<p>Najwi\u0119ksz\u0105 popularno\u015bci\u0105 cieszy si\u0119 wersja o d\u0142ugo\u015bci do linii <strong>brody<\/strong> z <strong>grzywk\u0105<\/strong> i <strong>prostymi<\/strong> w\u0142osami. Bob jest fryzur\u0105 idealn\u0105 nie tylko dla posiadaczek grubych i g\u0119stych w\u0142os\u00f3w. Dzi\u0119ki odpowiedniemu cieniowaniu i strzy\u017ceniu r\u00f3wnie\u017c <strong>cienkie<\/strong> w\u0142osy nabior\u0105 obj\u0119to\u015bci i b\u0119d\u0105 si\u0119 <strong>dobrze uk\u0142ada\u0107<\/strong>.<\/p>\n<p>Jest to idealna fryzura <strong>na lato<\/strong> ze wzgl\u0119du na swoj\u0105 d\u0142ugo\u015b\u0107 i \u0142atwo\u015b\u0107 modelowania i piel\u0119gnacji. Warto jednak regularnie co kilka tygodni uda\u0107 si\u0119 do fryzjera by podci\u0105\u0107 ko\u0144c\u00f3wki i od\u015bwie\u017cy\u0107 kszta\u0142t fryzury.<\/p>\n<h3><\/h3>\n<p>&nbsp;<\/p>\n","protected":false},"excerpt":{"rendered":"<p>Od kilku sezon\u00f3w, a tak naprawd\u0119 od kilkudziesi\u0119ciu lat bob to jedna z najmodniejszych damskich fryzur. Ta najbardziej lubiane ci\u0119cie\u00a0na \u015bwiecie ma ju\u017c ponad sto lat. Sk\u0105d si\u0119 wzi\u0119\u0142a i kto by\u0142 jej tw\u00f3rc\u0105? \u00a0. Historia Historia tego uczesania tak naprawd\u0119 ma swoje pocz\u0105tki prawdopodobnie ju\u017c w XV wieku, a raczej odnosi si\u0119 do przekaz\u00f3w [&hellip;]<\/p>\n","protected":false},"author":2,"featured_media":2694,"comment_status":"open","ping_status":"open","sticky":false,"template":"","format":"standard","meta":{"_et_pb_use_builder":"","_et_pb_old_content":"","_et_gb_content_width":"","footnotes":""},"categories":[48],"tags":[],"class_list":["post-2689","post","type-post","status-publish","format-standard","has-post-thumbnail","hentry","category-wlosy-idealne","et-has-post-format-content","et_post_format-et-post-format-standard"],"_links":{"self":[{"href":"https:\/\/neness.pl\/blog\/wp-json\/wp\/v2\/posts\/2689","targetHints":{"allow":["GET"]}}],"collection":[{"href":"https:\/\/neness.pl\/blog\/wp-json\/wp\/v2\/posts"}],"about":[{"href":"https:\/\/neness.pl\/blog\/wp-json\/wp\/v2\/types\/post"}],"author":[{"embeddable":true,"href":"https:\/\/neness.pl\/blog\/wp-json\/wp\/v2\/users\/2"}],"replies":[{"embeddable":true,"href":"https:\/\/neness.pl\/blog\/wp-json\/wp\/v2\/comments?post=2689"}],"version-history":[{"count":0,"href":"https:\/\/neness.pl\/blog\/wp-json\/wp\/v2\/posts\/2689\/revisions"}],"wp:featuredmedia":[{"embeddable":true,"href":"https:\/\/neness.pl\/blog\/wp-json\/wp\/v2\/media\/2694"}],"wp:attachment":[{"href":"https:\/\/neness.pl\/blog\/wp-json\/wp\/v2\/media?parent=2689"}],"wp:term":[{"taxonomy":"category","embeddable":true,"href":"https:\/\/neness.pl\/blog\/wp-json\/wp\/v2\/categories?post=2689"},{"taxonomy":"post_tag","embeddable":true,"href":"https:\/\/neness.pl\/blog\/wp-json\/wp\/v2\/tags?post=2689"}],"curies":[{"name":"wp","href":"https:\/\/api.w.org\/{rel}","templated":true}]}}