{"id":2653,"date":"2017-06-19T14:44:52","date_gmt":"2017-06-19T12:44:52","guid":{"rendered":"http:\/\/ranking-kosmetykow.pl\/?p=2653"},"modified":"2017-06-19T14:44:52","modified_gmt":"2017-06-19T12:44:52","slug":"armani-si-zapach-kobiety-nowoczesnej","status":"publish","type":"post","link":"https:\/\/neness.pl\/blog\/armani-si-zapach-kobiety-nowoczesnej\/","title":{"rendered":"Armani Si &#8211; zapach kobiety nowoczesnej"},"content":{"rendered":"<p>Perfumy, kt\u00f3re od kilku sezon\u00f3w s\u0105 w \u015bcis\u0142ej czo\u0142\u00f3wce najpopularniejszych damskich zapach\u00f3w. Uwielbiaj\u0105 je nawet kobiety, kt\u00f3re twierdz\u0105, \u017ce nie lubi\u0105 s\u0142odkich nut w perfumach. O jakim zapachu mowa? Oczywi\u015bcie o <strong>Armani Si<\/strong>!<\/p>\n<p>&nbsp;<\/p>\n<h3><strong>O marce<\/strong><\/h3>\n<p><strong>Giorgio Armani<\/strong>, czyli za\u0142o\u017cyciel marki, urodzi\u0142 si\u0119 we W\u0142oszech. Swoje pierwsze kroki w \u015bwiecie mody stawia\u0142 jako <strong>projektant<\/strong> wystaw sklepowych. Jego <strong>pierwsza<\/strong> w\u0142asna kolekcja ujrza\u0142a \u015bwiat\u0142o dzienne ju\u017c w <strong>1975<\/strong> roku i sk\u0142ada\u0142a si\u0119 tylko z m\u0119skich ubra\u0144. W kr\u00f3tkim czasie pojawi\u0142y si\u0119 r\u00f3wnie\u017c kolekcje damskie, a <strong>1982<\/strong> na rynku ukaza\u0142y si\u0119 pierwsze <strong>perfumy<\/strong>. By\u0142 to <strong>damski<\/strong> <strong>zapach<\/strong> <strong>Giorgio<\/strong> <strong>Armani<\/strong> <strong>for<\/strong> <strong>Women<\/strong>. Do dzi\u015b jednymi z najbardziej znanych perfum tego domu mody s\u0105 m\u0119skie perfumy <strong>Aqua<\/strong> <strong>di<\/strong> <strong>Gio<\/strong> &#8211; \u015bwie\u017cy, m\u0119ski, zmys\u0142owy zapach.<\/p>\n<p>Od tamtej pory do mody Armani jest jednym z <strong>najszybciej<\/strong> <strong>rozwijaj\u0105cych<\/strong> <strong>si\u0119<\/strong> dom\u00f3w mody w bran\u017cy i wsp\u00f3\u0142cze\u015bnie mi\u0142o\u015bnicy perfum mog\u0105 wybiera\u0107 w\u015br\u00f3d ponad setki zapach\u00f3w tej marki, zar\u00f3wno damskich jak i m\u0119skich.<\/p>\n<p>&nbsp;<\/p>\n<h3><strong>Armani Si<\/strong><\/h3>\n<p>Pierwszy zapach z serii <strong>Armani<\/strong> <strong>Si<\/strong> mia\u0142 swoj\u0105 premier\u0119 w <strong>2013<\/strong> roku. Perfumy zosta\u0142y zaprojektowane przez <strong>Christine<\/strong> <strong>Nagel<\/strong>. Kompozycja stworzona z my\u015bl\u0105 o kobiecie <strong>nowoczesnej<\/strong>, ma podkre\u015bla\u0107 jej naturalne pi\u0119kno i elegancj\u0119. Jej g\u0142\u00f3wn\u0105, najbardziej wyczuwaln\u0105 nut\u0119 stanowi <strong>czarna<\/strong> <strong>porzeczka<\/strong>, uzupe\u0142niona aromatyczn\u0105 frezj\u0105 i delikatn\u0105 r\u00f3\u017c\u0105. Ca\u0142\u0105 kompozycj\u0119 dope\u0142nia s\u0142odka <strong>wanilia<\/strong> i <strong>paczuli<\/strong>, a tak\u017ce nuty drzewne.<\/p>\n<p>Perfumy zamkni\u0119te s\u0105 w prostym, eleganckim, przezroczystym\u00a0<strong>flakonie<\/strong> z grubego szk\u0142a, kt\u00f3ry \u015bwietnie odzwierciedla filozofi\u0119 marki.<\/p>\n<p>&nbsp;<\/p>\n\n\t\t<style type=\"text\/css\">\n\t\t\t#gallery-1 {\n\t\t\t\tmargin: auto;\n\t\t\t}\n\t\t\t#gallery-1 .gallery-item {\n\t\t\t\tfloat: left;\n\t\t\t\tmargin-top: 10px;\n\t\t\t\ttext-align: center;\n\t\t\t\twidth: 50%;\n\t\t\t}\n\t\t\t#gallery-1 img {\n\t\t\t\tborder: 2px solid #cfcfcf;\n\t\t\t}\n\t\t\t#gallery-1 .gallery-caption {\n\t\t\t\tmargin-left: 0;\n\t\t\t}\n\t\t\t\/* see gallery_shortcode() in wp-includes\/media.php *\/\n\t\t<\/style>\n\t\t<div id='gallery-1' class='gallery galleryid-2653 gallery-columns-2 gallery-size-full'><dl class='gallery-item'>\n\t\t\t<dt class='gallery-icon portrait'>\n\t\t\t\t<a href='https:\/\/neness.pl\/blog\/c57e3b0bcf39567971cde0cf5efa18fa\/'><img loading=\"lazy\" decoding=\"async\" width=\"750\" height=\"1000\" src=\"https:\/\/neness.pl\/blog\/wp-content\/uploads\/2017\/06\/c57e3b0bcf39567971cde0cf5efa18fa.jpg\" class=\"attachment-full size-full\" alt=\"\" aria-describedby=\"gallery-1-2658\" srcset=\"https:\/\/neness.pl\/blog\/wp-content\/uploads\/2017\/06\/c57e3b0bcf39567971cde0cf5efa18fa.jpg 750w, https:\/\/neness.pl\/blog\/wp-content\/uploads\/2017\/06\/c57e3b0bcf39567971cde0cf5efa18fa-225x300.jpg 225w, https:\/\/neness.pl\/blog\/wp-content\/uploads\/2017\/06\/c57e3b0bcf39567971cde0cf5efa18fa-610x813.jpg 610w\" sizes=\"auto, (max-width: 750px) 100vw, 750px\" \/><\/a>\n\t\t\t<\/dt>\n\t\t\t\t<dd class='wp-caption-text gallery-caption' id='gallery-1-2658'>\n\t\t\t\tArmani Si\n\t\t\t\t<\/dd><\/dl><dl class='gallery-item'>\n\t\t\t<dt class='gallery-icon portrait'>\n\t\t\t\t<a href='https:\/\/neness.pl\/blog\/d3a47bbdd0e204ef6ca267154a82ad4e\/'><img loading=\"lazy\" decoding=\"async\" width=\"750\" height=\"1000\" src=\"https:\/\/neness.pl\/blog\/wp-content\/uploads\/2017\/06\/d3a47bbdd0e204ef6ca267154a82ad4e.jpg\" class=\"attachment-full size-full\" alt=\"\" aria-describedby=\"gallery-1-2659\" srcset=\"https:\/\/neness.pl\/blog\/wp-content\/uploads\/2017\/06\/d3a47bbdd0e204ef6ca267154a82ad4e.jpg 750w, https:\/\/neness.pl\/blog\/wp-content\/uploads\/2017\/06\/d3a47bbdd0e204ef6ca267154a82ad4e-225x300.jpg 225w, https:\/\/neness.pl\/blog\/wp-content\/uploads\/2017\/06\/d3a47bbdd0e204ef6ca267154a82ad4e-610x813.jpg 610w\" sizes=\"auto, (max-width: 750px) 100vw, 750px\" \/><\/a>\n\t\t\t<\/dt>\n\t\t\t\t<dd class='wp-caption-text gallery-caption' id='gallery-1-2659'>\n\t\t\t\tPerfumetka inspirowana Armani Si \/ 12,00 z\u0142\n\t\t\t\t<\/dd><\/dl><br style=\"clear: both\" \/>\n\t\t<\/div>\n\n<p>&nbsp;<\/p>\n<p><strong>Nuty zapachowe:<\/strong><\/p>\n<p><strong>nuta serca<\/strong>: li\u015bcie czarnej porzeczki,<\/p>\n<p><strong>nuta g\u0142owy<\/strong>: frezja,\u00a0r\u00f3\u017ca,<\/p>\n<p><strong>nuta g\u0142\u0119bi<\/strong>: wanilia, ambroksan, paczuli, nuty drzewne.<\/p>\n<p>&nbsp;<\/p>\n<h3>Armani Si Intense<\/h3>\n<p>Perfumy Armani Si Intense to <strong>druga<\/strong> <strong>wersja<\/strong> tego kultowego zapachu, o bardziej <strong>intensywnym<\/strong> i <strong>g\u0142\u0119bszym<\/strong> aromacie. Nuty zapachowe pierwotnej wersji zosta\u0142y wzbogacone o aromat <strong>cytrus\u00f3w<\/strong> oraz <strong>bergamotk\u0119<\/strong>, a tak\u017ce neroli, dzi\u0119giel i osmantus. Kompozycja stworzona dla kobiet <strong>pewnych<\/strong> <strong>siebie<\/strong> i <strong>odwa\u017cnych<\/strong>. Zapach zamkni\u0119ty w <strong>czarnym<\/strong>, szklanym <strong>flakonie<\/strong> z eleganckimi z\u0142otymi zdobieniami.<\/p>\n\n\t\t<style type=\"text\/css\">\n\t\t\t#gallery-2 {\n\t\t\t\tmargin: auto;\n\t\t\t}\n\t\t\t#gallery-2 .gallery-item {\n\t\t\t\tfloat: left;\n\t\t\t\tmargin-top: 10px;\n\t\t\t\ttext-align: center;\n\t\t\t\twidth: 50%;\n\t\t\t}\n\t\t\t#gallery-2 img {\n\t\t\t\tborder: 2px solid #cfcfcf;\n\t\t\t}\n\t\t\t#gallery-2 .gallery-caption {\n\t\t\t\tmargin-left: 0;\n\t\t\t}\n\t\t\t\/* see gallery_shortcode() in wp-includes\/media.php *\/\n\t\t<\/style>\n\t\t<div id='gallery-2' class='gallery galleryid-2653 gallery-columns-2 gallery-size-full'><dl class='gallery-item'>\n\t\t\t<dt class='gallery-icon portrait'>\n\t\t\t\t<a href='https:\/\/neness.pl\/blog\/ccbd23168c2d851188a14bb3e1f31578-2\/'><img loading=\"lazy\" decoding=\"async\" width=\"750\" height=\"1000\" src=\"https:\/\/neness.pl\/blog\/wp-content\/uploads\/2017\/06\/ccbd23168c2d851188a14bb3e1f31578-1.jpg\" class=\"attachment-full size-full\" alt=\"\" aria-describedby=\"gallery-2-2660\" srcset=\"https:\/\/neness.pl\/blog\/wp-content\/uploads\/2017\/06\/ccbd23168c2d851188a14bb3e1f31578-1.jpg 750w, https:\/\/neness.pl\/blog\/wp-content\/uploads\/2017\/06\/ccbd23168c2d851188a14bb3e1f31578-1-225x300.jpg 225w, https:\/\/neness.pl\/blog\/wp-content\/uploads\/2017\/06\/ccbd23168c2d851188a14bb3e1f31578-1-610x813.jpg 610w\" sizes=\"auto, (max-width: 750px) 100vw, 750px\" \/><\/a>\n\t\t\t<\/dt>\n\t\t\t\t<dd class='wp-caption-text gallery-caption' id='gallery-2-2660'>\n\t\t\t\tArmani Si Intense\n\t\t\t\t<\/dd><\/dl><dl class='gallery-item'>\n\t\t\t<dt class='gallery-icon portrait'>\n\t\t\t\t<a href='https:\/\/neness.pl\/blog\/f1b03af7679d7a0f3f12bcd03d4bb235-2\/'><img loading=\"lazy\" decoding=\"async\" width=\"750\" height=\"1000\" src=\"https:\/\/neness.pl\/blog\/wp-content\/uploads\/2017\/06\/f1b03af7679d7a0f3f12bcd03d4bb235-1.jpg\" class=\"attachment-full size-full\" alt=\"\" aria-describedby=\"gallery-2-2661\" srcset=\"https:\/\/neness.pl\/blog\/wp-content\/uploads\/2017\/06\/f1b03af7679d7a0f3f12bcd03d4bb235-1.jpg 750w, https:\/\/neness.pl\/blog\/wp-content\/uploads\/2017\/06\/f1b03af7679d7a0f3f12bcd03d4bb235-1-225x300.jpg 225w, https:\/\/neness.pl\/blog\/wp-content\/uploads\/2017\/06\/f1b03af7679d7a0f3f12bcd03d4bb235-1-610x813.jpg 610w\" sizes=\"auto, (max-width: 750px) 100vw, 750px\" \/><\/a>\n\t\t\t<\/dt>\n\t\t\t\t<dd class='wp-caption-text gallery-caption' id='gallery-2-2661'>\n\t\t\t\tPerfumetka inspirowana Armani Si Intense \/ 12,00 z\u0142\n\t\t\t\t<\/dd><\/dl><br style=\"clear: both\" \/>\n\t\t<\/div>\n\n<p>&nbsp;<\/p>\n<p><strong>Nuty zapachowe:<\/strong><\/p>\n<p><strong>nuta serca<\/strong>:\u00a0li\u015bcie czarnej porzeczki, czarna porzeczka, frezja, bergamotka, mandarynka,<\/p>\n<p><strong>nuta g\u0142owy<\/strong>:\u00a0osmantus, r\u00f3\u017ca, neroli, bylica pospolita,<\/p>\n<p><strong>nuta g\u0142\u0119bi<\/strong>:\u00a0wanilia, paczuli, ambroksan, nuty drzew.<\/p>\n<p>&nbsp;<\/p>\n<h3><strong>Armani Si White<\/strong><\/h3>\n<p>Armani Si White to kolejna wersja zapachu Si. Zamkni\u0119te w <strong>bia\u0142ym,<\/strong> <strong>mlecznym<\/strong> <strong>flakonie<\/strong> ze z\u0142otymi detalami, perfumy zosta\u0142y stworzone dla kontrastu z Armani Si Intense. Jeszcze bardziej <strong>owocowe<\/strong> i <strong>orze\u017awiaj\u0105ce<\/strong> perfumy tworz\u0105 oryginaln\u0105 i zmys\u0142ow\u0105 kompozycj\u0119. G\u0142\u00f3wn\u0105 nut\u0119 zapachow\u0105 stanowi <strong>czerwona<\/strong> <strong>porzeczka<\/strong> uzupe\u0142niona, podobnie jak w oryginalnej wersji, r\u00f3\u017c\u0105, frezj\u0105 i nutami drzewnymi.<\/p>\n<p>Zapach stworzony zosta\u0142 dla kobiety <strong>eleganckiej<\/strong> i <strong>uwodzicielskiej<\/strong>, \u015bwiadomej swej zmys\u0142owo\u015bci.<\/p>\n\n\t\t<style type=\"text\/css\">\n\t\t\t#gallery-3 {\n\t\t\t\tmargin: auto;\n\t\t\t}\n\t\t\t#gallery-3 .gallery-item {\n\t\t\t\tfloat: left;\n\t\t\t\tmargin-top: 10px;\n\t\t\t\ttext-align: center;\n\t\t\t\twidth: 50%;\n\t\t\t}\n\t\t\t#gallery-3 img {\n\t\t\t\tborder: 2px solid #cfcfcf;\n\t\t\t}\n\t\t\t#gallery-3 .gallery-caption {\n\t\t\t\tmargin-left: 0;\n\t\t\t}\n\t\t\t\/* see gallery_shortcode() in wp-includes\/media.php *\/\n\t\t<\/style>\n\t\t<div id='gallery-3' class='gallery galleryid-2653 gallery-columns-2 gallery-size-full'><dl class='gallery-item'>\n\t\t\t<dt class='gallery-icon portrait'>\n\t\t\t\t<a href='https:\/\/neness.pl\/blog\/5ac7b87f6bb54dda62cec6ffa42c55d9\/'><img loading=\"lazy\" decoding=\"async\" width=\"750\" height=\"1000\" src=\"https:\/\/neness.pl\/blog\/wp-content\/uploads\/2017\/06\/5ac7b87f6bb54dda62cec6ffa42c55d9.jpg\" class=\"attachment-full size-full\" alt=\"\" aria-describedby=\"gallery-3-2662\" srcset=\"https:\/\/neness.pl\/blog\/wp-content\/uploads\/2017\/06\/5ac7b87f6bb54dda62cec6ffa42c55d9.jpg 750w, https:\/\/neness.pl\/blog\/wp-content\/uploads\/2017\/06\/5ac7b87f6bb54dda62cec6ffa42c55d9-225x300.jpg 225w, https:\/\/neness.pl\/blog\/wp-content\/uploads\/2017\/06\/5ac7b87f6bb54dda62cec6ffa42c55d9-610x813.jpg 610w\" sizes=\"auto, (max-width: 750px) 100vw, 750px\" \/><\/a>\n\t\t\t<\/dt>\n\t\t\t\t<dd class='wp-caption-text gallery-caption' id='gallery-3-2662'>\n\t\t\t\tArmani Si White\n\t\t\t\t<\/dd><\/dl><dl class='gallery-item'>\n\t\t\t<dt class='gallery-icon portrait'>\n\t\t\t\t<a href='https:\/\/neness.pl\/blog\/670707229069085f2f3b1aa716a72999\/'><img loading=\"lazy\" decoding=\"async\" width=\"750\" height=\"1000\" src=\"https:\/\/neness.pl\/blog\/wp-content\/uploads\/2017\/06\/670707229069085f2f3b1aa716a72999.jpg\" class=\"attachment-full size-full\" alt=\"\" aria-describedby=\"gallery-3-2663\" srcset=\"https:\/\/neness.pl\/blog\/wp-content\/uploads\/2017\/06\/670707229069085f2f3b1aa716a72999.jpg 750w, https:\/\/neness.pl\/blog\/wp-content\/uploads\/2017\/06\/670707229069085f2f3b1aa716a72999-225x300.jpg 225w, https:\/\/neness.pl\/blog\/wp-content\/uploads\/2017\/06\/670707229069085f2f3b1aa716a72999-610x813.jpg 610w\" sizes=\"auto, (max-width: 750px) 100vw, 750px\" \/><\/a>\n\t\t\t<\/dt>\n\t\t\t\t<dd class='wp-caption-text gallery-caption' id='gallery-3-2663'>\n\t\t\t\tPerfumetka inspirowana Armani Si White \/ 12,00 z\u0142\n\t\t\t\t<\/dd><\/dl><br style=\"clear: both\" \/>\n\t\t<\/div>\n\n<p>&nbsp;<\/p>\n<p>&nbsp;<\/p>\n<p><strong>Nuty zapachowe:<\/strong><\/p>\n<p><strong>nuta serca<\/strong>: czerwona porzeczka,<\/p>\n<p><strong>nuta g\u0142owy:<\/strong> frezja, r\u00f3\u017ca,<\/p>\n<p><strong>nuta g\u0142\u0119bi:<\/strong> ambroksan, paczuli, nuty drzewne, wanilia.<\/p>\n","protected":false},"excerpt":{"rendered":"<p>Perfumy, kt\u00f3re od kilku sezon\u00f3w s\u0105 w \u015bcis\u0142ej czo\u0142\u00f3wce najpopularniejszych damskich zapach\u00f3w. Uwielbiaj\u0105 je nawet kobiety, kt\u00f3re twierdz\u0105, \u017ce nie lubi\u0105 s\u0142odkich nut w perfumach. O jakim zapachu mowa? Oczywi\u015bcie o Armani Si! &nbsp; O marce Giorgio Armani, czyli za\u0142o\u017cyciel marki, urodzi\u0142 si\u0119 we W\u0142oszech. Swoje pierwsze kroki w \u015bwiecie mody stawia\u0142 jako projektant wystaw [&hellip;]<\/p>\n","protected":false},"author":2,"featured_media":2665,"comment_status":"open","ping_status":"open","sticky":false,"template":"","format":"standard","meta":{"_et_pb_use_builder":"","_et_pb_old_content":"","_et_gb_content_width":"","footnotes":""},"categories":[19],"tags":[],"class_list":["post-2653","post","type-post","status-publish","format-standard","has-post-thumbnail","hentry","category-zachwycaj-zapachem","et-has-post-format-content","et_post_format-et-post-format-standard"],"_links":{"self":[{"href":"https:\/\/neness.pl\/blog\/wp-json\/wp\/v2\/posts\/2653","targetHints":{"allow":["GET"]}}],"collection":[{"href":"https:\/\/neness.pl\/blog\/wp-json\/wp\/v2\/posts"}],"about":[{"href":"https:\/\/neness.pl\/blog\/wp-json\/wp\/v2\/types\/post"}],"author":[{"embeddable":true,"href":"https:\/\/neness.pl\/blog\/wp-json\/wp\/v2\/users\/2"}],"replies":[{"embeddable":true,"href":"https:\/\/neness.pl\/blog\/wp-json\/wp\/v2\/comments?post=2653"}],"version-history":[{"count":0,"href":"https:\/\/neness.pl\/blog\/wp-json\/wp\/v2\/posts\/2653\/revisions"}],"wp:featuredmedia":[{"embeddable":true,"href":"https:\/\/neness.pl\/blog\/wp-json\/wp\/v2\/media\/2665"}],"wp:attachment":[{"href":"https:\/\/neness.pl\/blog\/wp-json\/wp\/v2\/media?parent=2653"}],"wp:term":[{"taxonomy":"category","embeddable":true,"href":"https:\/\/neness.pl\/blog\/wp-json\/wp\/v2\/categories?post=2653"},{"taxonomy":"post_tag","embeddable":true,"href":"https:\/\/neness.pl\/blog\/wp-json\/wp\/v2\/tags?post=2653"}],"curies":[{"name":"wp","href":"https:\/\/api.w.org\/{rel}","templated":true}]}}