{"id":2637,"date":"2017-06-14T11:14:00","date_gmt":"2017-06-14T09:14:00","guid":{"rendered":"http:\/\/ranking-kosmetykow.pl\/?p=2637"},"modified":"2017-06-14T11:14:00","modified_gmt":"2017-06-14T09:14:00","slug":"zdrowa-opalenizna-czyli-jak-uzywac-bronzera","status":"publish","type":"post","link":"https:\/\/neness.pl\/blog\/zdrowa-opalenizna-czyli-jak-uzywac-bronzera\/","title":{"rendered":"Zdrowa opalenizna, czyli jak u\u017cywa\u0107 bronzera?"},"content":{"rendered":"<p>Wi\u0119kszo\u015b\u0107 z nas marzy o twarzy mu\u015bni\u0119tej s\u0142o\u0144cem przez ca\u0142y rok. Jednak lato trwa bardzo kr\u00f3tko, a opalanie si\u0119 wcale nie wychodzi na zdrowie naszej sk\u00f3rze. Z pomoc\u0105 przychodzi nam bronzer. Jak go stosowa\u0107, by nie przesadzi\u0107 i wygl\u0105da\u0107 naturalnie?<\/p>\n<p><span style=\"color: #ffffff;\">.<\/span><\/p>\n<h3>Jak dzia\u0142a bronzer?<\/h3>\n<p><strong>Bronzer<\/strong> jest kosmetykiem, kt\u00f3rego albo si\u0119 boimy albo u\u017cywamy za du\u017co. W obydwu przypadkach jest to b\u0142\u0105d, bo ten kosmetyk jest w makija\u017cu bardzo wa\u017cny.<\/p>\n<p>Prawid\u0142owe u\u017cycie bronzera gwarantuje nam idealnie <strong>wymodelowan\u0105<\/strong> twarz, <strong>ukrycie<\/strong> <strong>mankament\u00f3w<\/strong> i efekt pi\u0119knie i zdrowo <strong>opalonej<\/strong> <strong>sk\u00f3ry<\/strong>.<\/p>\n<p>Zadaniem bronzera jest <strong>przyciemnienie<\/strong> miejsc na naszej twarzy, tak by po na\u0142o\u017ceniu podk\u0142adu, pudru i korektora nada\u0107 jej tr\u00f3jwymiarowo\u015bci i po\u017c\u0105danego kszta\u0142tu. Nak\u0142adamy kosmetyk w miejscach, w kt\u00f3rych naturalnie pada cie\u0144, na przyk\u0142ad poni\u017cej ko\u015bci policzkowych.<\/p>\n<p><span style=\"color: #ffffff;\">.<\/span><\/p>\n<h3>Dobierz bronzer do typu cery<\/h3>\n<p>Podobnie jak z pudrem i podk\u0142adem, na ostateczny wygl\u0105d i trwa\u0142o\u015b\u0107 bronzera ma wp\u0142yw <strong>typ<\/strong> naszej cery. Dob\u00f3r odpowiedniej formu\u0142y i koloru kosmetyku to ju\u017c po\u0142owa sukcesu!<\/p>\n<p><strong>Pudrowe<\/strong> bronzery s\u0105 najbezpieczniejszym wyborem dla tych z nas, kt\u00f3re s\u0105 posiadaczkami cer <strong>normalnych<\/strong>, <strong>t\u0142ustych<\/strong> i <strong>mieszanych<\/strong>.<\/p>\n<p>&nbsp;<\/p>\n<div id=\"attachment_2641\" style=\"width: 499px\" class=\"wp-caption aligncenter\"><a href=\"https:\/\/neness.pl\/kosmetyki\/twarz\/roze_bronzery_i_rozswietlacze\/w7_honolulu_loose_bronzing_powder_matujacy_bronzer.html\"><img loading=\"lazy\" decoding=\"async\" aria-describedby=\"caption-attachment-2641\" class=\"wp-image-2641\" src=\"http:\/\/ranking-kosmetykow.pl\/wp-content\/uploads\/2017\/06\/1023edee6fe98cee02519a8d90d61648.jpg\" alt=\"\" width=\"489\" height=\"652\" srcset=\"https:\/\/neness.pl\/blog\/wp-content\/uploads\/2017\/06\/1023edee6fe98cee02519a8d90d61648.jpg 750w, https:\/\/neness.pl\/blog\/wp-content\/uploads\/2017\/06\/1023edee6fe98cee02519a8d90d61648-225x300.jpg 225w, https:\/\/neness.pl\/blog\/wp-content\/uploads\/2017\/06\/1023edee6fe98cee02519a8d90d61648-610x813.jpg 610w\" sizes=\"auto, (max-width: 489px) 100vw, 489px\" \/><\/a><p id=\"caption-attachment-2641\" class=\"wp-caption-text\">W7 Honolulu Loose! Bronzing Powder \/ 13,90 z\u0142<\/p><\/div>\n<p>&nbsp;<\/p>\n<p>Sk\u00f3ra <strong>sucha<\/strong> na pewno polubi si\u0119 z konsystencjami <strong>kremowymi<\/strong> i <strong>w<\/strong> <strong>p\u0142ynie<\/strong>, poniewa\u017c nie b\u0119d\u0105 one podkre\u015bla\u0107 suchych sk\u00f3rek na twarzy.<\/p>\n<p>&nbsp;<\/p>\n<div id=\"attachment_2640\" style=\"width: 453px\" class=\"wp-caption aligncenter\"><a href=\"https:\/\/neness.pl\/kosmetyki\/twarz\/roze_bronzery_i_rozswietlacze\/revolution_sztyft_do_konturowania_one_sculpt.html\"><img loading=\"lazy\" decoding=\"async\" aria-describedby=\"caption-attachment-2640\" class=\"wp-image-2640\" src=\"http:\/\/ranking-kosmetykow.pl\/wp-content\/uploads\/2017\/06\/40a0764b26baa1da06b8a232faee4cf9.jpg\" alt=\"\" width=\"443\" height=\"590\" srcset=\"https:\/\/neness.pl\/blog\/wp-content\/uploads\/2017\/06\/40a0764b26baa1da06b8a232faee4cf9.jpg 750w, https:\/\/neness.pl\/blog\/wp-content\/uploads\/2017\/06\/40a0764b26baa1da06b8a232faee4cf9-225x300.jpg 225w, https:\/\/neness.pl\/blog\/wp-content\/uploads\/2017\/06\/40a0764b26baa1da06b8a232faee4cf9-610x813.jpg 610w\" sizes=\"auto, (max-width: 443px) 100vw, 443px\" \/><\/a><p id=\"caption-attachment-2640\" class=\"wp-caption-text\">Revolution Sztyft do Konturowania One Sculpt \/ 19,50 z\u0142<\/p><\/div>\n<p>&nbsp;<\/p>\n<p>Dla sk\u00f3ry <strong>bardzo<\/strong> <strong>t\u0142ustej<\/strong> i <strong>tr\u0105dzikowej<\/strong>, z widocznymi niedoskona\u0142o\u015bciami bezpiecznym wyborem b\u0119dzie produkt <strong>pudrowy<\/strong>, <strong>\u017celowy<\/strong> lub <strong>p\u0142ynny<\/strong>. Unika\u0107 nale\u017cy kosmetyk\u00f3w zawieraj\u0105cych drobinki i kremowych, bo mog\u0105 one podkre\u015bla\u0107 niedoskona\u0142o\u015bci i sprawia\u0107, \u017ce nasza sk\u00f3ra b\u0119dzie \u015bwieci\u0107 si\u0119 jeszcze bardziej.<\/p>\n<p><span style=\"color: #ffffff;\">.<\/span><\/p>\n<h3>Kolor bronzera<\/h3>\n<p>Dla wi\u0119kszo\u015bci z nas w\u0142a\u015bnie wyb\u00f3r koloru bronzera mo\u017ce okaza\u0107 si\u0119 <strong>najtrudniejszy<\/strong>.<\/p>\n<p>Wyb\u00f3r ten na pewno u\u0142atwi nam okre\u015blenie podton\u00f3w naszej sk\u00f3ry, dok\u0142adnie tego, czy jeste\u015bmy typem <strong>ciep\u0142ym<\/strong>, <strong>ch\u0142odnym<\/strong> czy <strong>neutralnym<\/strong>.<\/p>\n<p>Najwi\u0119ksze pole wyboru bronzer\u00f3w maj\u0105 typy <strong>ciep\u0142e<\/strong>. Wszystkie odcienie <strong>z\u0142oto<\/strong>&#8211;<strong>br\u0105zowe<\/strong> b\u0119d\u0105 pi\u0119knie si\u0119 prezentowa\u0107 na takiej cerze. Je\u015bli sk\u00f3ra ma lekko \u017c\u00f3\u0142tawy odcie\u0144, wybierz kosmetyk w odcieniach <strong>ciep\u0142ej<\/strong> <strong>brzoskwini<\/strong> lub <strong>delikatnego, jasnego<\/strong> <strong>br\u0105zu<\/strong>.<\/p>\n<p>&nbsp;<\/p>\n<p>&nbsp;<\/p>\n<div id=\"attachment_2643\" style=\"width: 480px\" class=\"wp-caption aligncenter\"><a href=\"https:\/\/neness.pl\/kosmetyki\/twarz\/roze_bronzery_i_rozswietlacze\/technic_paleta_bronzerwow_colour_fix_bronze_palette.html\"><img loading=\"lazy\" decoding=\"async\" aria-describedby=\"caption-attachment-2643\" class=\"wp-image-2643\" src=\"http:\/\/ranking-kosmetykow.pl\/wp-content\/uploads\/2017\/06\/f4d35df38b6c6492af63268e1e1fcbae.jpg\" alt=\"\" width=\"470\" height=\"627\" srcset=\"https:\/\/neness.pl\/blog\/wp-content\/uploads\/2017\/06\/f4d35df38b6c6492af63268e1e1fcbae.jpg 750w, https:\/\/neness.pl\/blog\/wp-content\/uploads\/2017\/06\/f4d35df38b6c6492af63268e1e1fcbae-225x300.jpg 225w, https:\/\/neness.pl\/blog\/wp-content\/uploads\/2017\/06\/f4d35df38b6c6492af63268e1e1fcbae-610x813.jpg 610w\" sizes=\"auto, (max-width: 470px) 100vw, 470px\" \/><\/a><p id=\"caption-attachment-2643\" class=\"wp-caption-text\">Technic Paleta Bronzerw\u00f3w Colour Fix Bronze Palette \/ 14,90 z\u0142<\/p><\/div>\n<p>&nbsp;<\/p>\n<p>&nbsp;<\/p>\n<p>Typy <strong>ch\u0142odne<\/strong> i <strong>neutralne<\/strong> maj\u0105 nieco utrudnione zadanie, je\u015bli chodzi o znalezienie produktu, kt\u00f3rego odcie\u0144 b\u0119dzie wygl\u0105da\u0142 na twarzy bardzo naturalnie. W tym wypadku musimy szuka\u0107 bronzer\u00f3w w kolorach jasnego br\u0105zu z delikatnie <strong>szarymi<\/strong> podtonami. Dobrym trickiem jest wybranie <strong>pudru<\/strong> w ciemniejszym odcieniu, poniewa\u017c jego formu\u0142a niewiele r\u00f3\u017cni si\u0119 od klasycznego bronzera.<\/p>\n<p><span style=\"color: #ffffff;\">.<\/span><\/p>\n<h3>Aplikacja<\/h3>\n<p>Podczas aplikacji bronzera bardzo wa\u017cne jest, by kolor na twarzy <strong>budowa\u0107<\/strong> <strong>stopniowo<\/strong>. Zaczynamy od ma\u0142ej ilo\u015bci, a potem ewentualnie dok\u0142adamy.<\/p>\n<p>Je\u015bli u\u017cywamy bronzera do delikatnego <strong>opalenia<\/strong> twarzy, nak\u0142adamy go w niewielkiej ilo\u015bci na te partie, na kt\u00f3re zawsze padaj\u0105 <strong>promienie<\/strong> <strong>s\u0142oneczne<\/strong> &#8211; na czole przy linii w\u0142os\u00f3w, na grzbiecie nosa, czubku brody i na policzki.<\/p>\n<p>Je\u015bli bronzer ma za zadanie <strong>modelowa\u0107<\/strong> twarz &#8211; w tym celu mo\u017cemy u\u017cy\u0107 zar\u00f3wno produkt\u00f3w kremowych lub pudrowych, a nawet jednych i drugich jednocze\u015bnie &#8211; pami\u0119tajmy, by wybiera\u0107 odcienie <strong>ch\u0142odniejsze<\/strong> ni\u017c te, kt\u00f3rych u\u017cywamy do opalania twarzy.<\/p>\n<p>Nak\u0142adamy go tak, by optycznie <strong>wyszczupli\u0107<\/strong> twarz i nada\u0107 jej po\u017c\u0105dany <strong>kszta\u0142t<\/strong>. W tym celu kosmetyk aplikujemy poni\u017cej ko\u015bci policzkowych, na boki nosa, by optycznie go wyszczupli\u0107 oraz na \u017cuchw\u0119, dzi\u0119ki czemu wysmuklimy szyj\u0119 i podbr\u00f3dek. Dodatkowo podczas konturowania warto rozja\u015bni\u0107 partie twarzy, kt\u00f3re chcemy uwypukli\u0107 <strong>ja\u015bniejszym<\/strong> kosmetykiem.<\/p>\n<p>&nbsp;<\/p>\n<p>&nbsp;<\/p>\n<div id=\"attachment_2642\" style=\"width: 609px\" class=\"wp-caption aligncenter\"><a href=\"https:\/\/neness.pl\/kosmetyki\/twarz\/roze_bronzery_i_rozswietlacze\/dermacol_04_mineralny_bronzer_prasowany_duo_blusher.html\"><img loading=\"lazy\" decoding=\"async\" aria-describedby=\"caption-attachment-2642\" class=\"wp-image-2642\" src=\"http:\/\/ranking-kosmetykow.pl\/wp-content\/uploads\/2017\/06\/c76eb28c6d216895a86a513c2106d1ed.jpg\" alt=\"\" width=\"599\" height=\"799\" srcset=\"https:\/\/neness.pl\/blog\/wp-content\/uploads\/2017\/06\/c76eb28c6d216895a86a513c2106d1ed.jpg 750w, https:\/\/neness.pl\/blog\/wp-content\/uploads\/2017\/06\/c76eb28c6d216895a86a513c2106d1ed-225x300.jpg 225w, https:\/\/neness.pl\/blog\/wp-content\/uploads\/2017\/06\/c76eb28c6d216895a86a513c2106d1ed-610x813.jpg 610w\" sizes=\"auto, (max-width: 599px) 100vw, 599px\" \/><\/a><p id=\"caption-attachment-2642\" class=\"wp-caption-text\">Dermacol Mineralny Bronzer Prasowany \/ 19,50 z\u0142<\/p><\/div>\n<p>&nbsp;<\/p>\n<p>Do aplikacji pudrowych bronzer\u00f3w najlepiej sprawdzaj\u0105 si\u0119 <strong>p\u0119dzle<\/strong>. Mo\u017cemy wybra\u0107 model o tym samym kszta\u0142cie co p\u0119dzel do pudru, jednak w mniejszym rozmiarze, kt\u00f3rym dobrze rozetrzemy granice na\u0142o\u017conego kosmetyku. Do produkt\u00f3w kremowych lepiej sprawdzi si\u0119 <strong>g\u0105beczka<\/strong> do makija\u017cu lub po prostu nasze palce.<\/p>\n","protected":false},"excerpt":{"rendered":"<p>Wi\u0119kszo\u015b\u0107 z nas marzy o twarzy mu\u015bni\u0119tej s\u0142o\u0144cem przez ca\u0142y rok. Jednak lato trwa bardzo kr\u00f3tko, a opalanie si\u0119 wcale nie wychodzi na zdrowie naszej sk\u00f3rze. Z pomoc\u0105 przychodzi nam bronzer. Jak go stosowa\u0107, by nie przesadzi\u0107 i wygl\u0105da\u0107 naturalnie? . Jak dzia\u0142a bronzer? Bronzer jest kosmetykiem, kt\u00f3rego albo si\u0119 boimy albo u\u017cywamy za du\u017co. [&hellip;]<\/p>\n","protected":false},"author":2,"featured_media":2647,"comment_status":"open","ping_status":"open","sticky":false,"template":"","format":"standard","meta":{"_et_pb_use_builder":"","_et_pb_old_content":"","_et_gb_content_width":"","footnotes":""},"categories":[41],"tags":[],"class_list":["post-2637","post","type-post","status-publish","format-standard","has-post-thumbnail","hentry","category-olsniewaj-makijazem","et-has-post-format-content","et_post_format-et-post-format-standard"],"_links":{"self":[{"href":"https:\/\/neness.pl\/blog\/wp-json\/wp\/v2\/posts\/2637","targetHints":{"allow":["GET"]}}],"collection":[{"href":"https:\/\/neness.pl\/blog\/wp-json\/wp\/v2\/posts"}],"about":[{"href":"https:\/\/neness.pl\/blog\/wp-json\/wp\/v2\/types\/post"}],"author":[{"embeddable":true,"href":"https:\/\/neness.pl\/blog\/wp-json\/wp\/v2\/users\/2"}],"replies":[{"embeddable":true,"href":"https:\/\/neness.pl\/blog\/wp-json\/wp\/v2\/comments?post=2637"}],"version-history":[{"count":0,"href":"https:\/\/neness.pl\/blog\/wp-json\/wp\/v2\/posts\/2637\/revisions"}],"wp:featuredmedia":[{"embeddable":true,"href":"https:\/\/neness.pl\/blog\/wp-json\/wp\/v2\/media\/2647"}],"wp:attachment":[{"href":"https:\/\/neness.pl\/blog\/wp-json\/wp\/v2\/media?parent=2637"}],"wp:term":[{"taxonomy":"category","embeddable":true,"href":"https:\/\/neness.pl\/blog\/wp-json\/wp\/v2\/categories?post=2637"},{"taxonomy":"post_tag","embeddable":true,"href":"https:\/\/neness.pl\/blog\/wp-json\/wp\/v2\/tags?post=2637"}],"curies":[{"name":"wp","href":"https:\/\/api.w.org\/{rel}","templated":true}]}}