{"id":2618,"date":"2017-06-13T12:19:25","date_gmt":"2017-06-13T10:19:25","guid":{"rendered":"http:\/\/ranking-kosmetykow.pl\/?p=2618"},"modified":"2017-06-13T12:19:25","modified_gmt":"2017-06-13T10:19:25","slug":"kosmetyczne-prezenty-na-dzien-ojca","status":"publish","type":"post","link":"https:\/\/neness.pl\/blog\/kosmetyczne-prezenty-na-dzien-ojca\/","title":{"rendered":"Kosmetyczne prezenty na Dzie\u0144 Ojca"},"content":{"rendered":"<p>23 czerwca obchodzimy Dzie\u0144 Ojca. Nie macie pomys\u0142u na prezent z tej okazji? W dzisiejszym wpisie przedstawimy kilka propozycji, kt\u00f3rymi mo\u017cecie obdarowa\u0107 Tat\u0119 w dniu jego \u015bwi\u0119ta.<br \/>\n&nbsp;<\/p>\n<h3>Historia \u015bwi\u0119ta<\/h3>\n<p>Chocia\u017c Dzie\u0144 Matki jest \u015bwi\u0119tem obchodzonym hucznie na ca\u0142ym \u015bwiecie, bardzo cz\u0119sto zapominamy o <strong>Dniu<\/strong> <strong>Ojca<\/strong>, cho\u0107 \u015bwi\u0119to to ma r\u00f3wnie\u017c swoj\u0105 d\u0142ug\u0105 tradycj\u0119.<\/p>\n<p>Po raz pierwsze dzie\u0144 ten by\u0142 obchodzony w Stanach Zjednoczonych, gdzie po sukcesie Dnia Matki pojawi\u0142y si\u0119 g\u0142osy, by ustanowi\u0107 \u015bwi\u0119ta r\u00f3wnie\u017c dla innych cz\u0142onk\u00f3w rodziny.<\/p>\n<p>Pierwszy raz Dzie\u0144 Ojca by\u0142 obchodzony <strong>19<\/strong> <strong>czerwca<\/strong> <strong>1910<\/strong> roku w miasteczku Spokane w stanie Waszyngton, 3 lata po ustanowieniu Dnia Matki. Wydarzenie to mia\u0142o jednak charakter lokalny, a nowe \u015bwi\u0119to nie przyj\u0119\u0142o si\u0119 jeszcze przez kilka kolejnych dekad. Oficjalnie \u015bwi\u0119to uzna\u0142 dopiero <strong>prezydent<\/strong> <strong>Nixon<\/strong> w <strong>1972<\/strong> roku.<\/p>\n<p>W Polsce Dzie\u0144 Ojca ma ju\u017c <strong>kilkadziesi\u0105t<\/strong> <strong>lat<\/strong> <strong>tradycji<\/strong>, jednak nadal nie jest tak popularny, jak Dzie\u0144 Matki. Mimo tego z roku na rok coraz wi\u0119cej ojc\u00f3w mo\u017ce liczy\u0107 na \u017cyczenia i upominki z okazji tego \u015bwi\u0119ta. Obchodzimy go <strong>23<\/strong> <strong>czerwca<\/strong>.<\/p>\n<p>&nbsp;<\/p>\n<h3>Jaki prezent wybra\u0107<\/h3>\n<p>Cho\u0107 na pewno ka\u017cdy ojciec ucieszy z samego faktu, \u017ce pami\u0119tali\u015bmy o jego \u015bwi\u0119cie, warto kupi\u0107 mu r\u00f3wnie\u017c jaki\u015b drobny <strong>upominek<\/strong> w prezencie. Opr\u00f3cz tak oczywistych jak ksi\u0105\u017cka czy portfel dobrym pomys\u0142em b\u0119dzie sprawienie mu <strong>prezentu kosmetycznego<\/strong>.<\/p>\n<p>M\u0119\u017cczy\u017ani nie cz\u0119sto kupuj\u0105 sobie kosmetyki, wi\u0119c Dzie\u0144 Ojca to \u015bwietna okazja, by zrobi\u0107 Tacie niespodziank\u0119, tym bardziej, \u017ce na rynku mamy coraz wi\u0119kszy wyb\u00f3r kosmetyk\u00f3w piel\u0119gnacyjnych dla m\u0119\u017cczyzn.<\/p>\n<p>Prawdopodobnie pierwszym prezentem, kt\u00f3ry przyjdzie nam do g\u0142owy, b\u0119d\u0105 <strong>perfumy<\/strong>. Na pewno ka\u017cdy z nas orientuje si\u0119, jakiego zapachu u\u017cywa Tata. \u00a0Je\u015bli nie, zawsze mo\u017cemy go podpyta\u0107, co mu si\u0119 podoba lub co ostatnio wpad\u0142o mu w oko.<br \/>\n&nbsp;<br \/>\n\n\t\t<style type=\"text\/css\">\n\t\t\t#gallery-1 {\n\t\t\t\tmargin: auto;\n\t\t\t}\n\t\t\t#gallery-1 .gallery-item {\n\t\t\t\tfloat: left;\n\t\t\t\tmargin-top: 10px;\n\t\t\t\ttext-align: center;\n\t\t\t\twidth: 50%;\n\t\t\t}\n\t\t\t#gallery-1 img {\n\t\t\t\tborder: 2px solid #cfcfcf;\n\t\t\t}\n\t\t\t#gallery-1 .gallery-caption {\n\t\t\t\tmargin-left: 0;\n\t\t\t}\n\t\t\t\/* see gallery_shortcode() in wp-includes\/media.php *\/\n\t\t<\/style>\n\t\t<div id='gallery-1' class='gallery galleryid-2618 gallery-columns-2 gallery-size-full'><dl class='gallery-item'>\n\t\t\t<dt class='gallery-icon portrait'>\n\t\t\t\t<a href='https:\/\/neness.pl\/blog\/068e7d59bffe93fe84dc3a6c2658f456\/'><img loading=\"lazy\" decoding=\"async\" width=\"750\" height=\"1000\" src=\"https:\/\/neness.pl\/blog\/wp-content\/uploads\/2017\/06\/068e7d59bffe93fe84dc3a6c2658f456.jpg\" class=\"attachment-full size-full\" alt=\"\" aria-describedby=\"gallery-1-2625\" srcset=\"https:\/\/neness.pl\/blog\/wp-content\/uploads\/2017\/06\/068e7d59bffe93fe84dc3a6c2658f456.jpg 750w, https:\/\/neness.pl\/blog\/wp-content\/uploads\/2017\/06\/068e7d59bffe93fe84dc3a6c2658f456-225x300.jpg 225w, https:\/\/neness.pl\/blog\/wp-content\/uploads\/2017\/06\/068e7d59bffe93fe84dc3a6c2658f456-610x813.jpg 610w\" sizes=\"auto, (max-width: 750px) 100vw, 750px\" \/><\/a>\n\t\t\t<\/dt>\n\t\t\t\t<dd class='wp-caption-text gallery-caption' id='gallery-1-2625'>\n\t\t\t\tArmani Code\n\t\t\t\t<\/dd><\/dl><dl class='gallery-item'>\n\t\t\t<dt class='gallery-icon portrait'>\n\t\t\t\t<a href='https:\/\/neness.pl\/blog\/0da60b9a7bfecc2eaea6f0a9f78aa5bc\/'><img loading=\"lazy\" decoding=\"async\" width=\"750\" height=\"1000\" src=\"https:\/\/neness.pl\/blog\/wp-content\/uploads\/2017\/06\/0da60b9a7bfecc2eaea6f0a9f78aa5bc.jpg\" class=\"attachment-full size-full\" alt=\"\" aria-describedby=\"gallery-1-2622\" srcset=\"https:\/\/neness.pl\/blog\/wp-content\/uploads\/2017\/06\/0da60b9a7bfecc2eaea6f0a9f78aa5bc.jpg 750w, https:\/\/neness.pl\/blog\/wp-content\/uploads\/2017\/06\/0da60b9a7bfecc2eaea6f0a9f78aa5bc-225x300.jpg 225w, https:\/\/neness.pl\/blog\/wp-content\/uploads\/2017\/06\/0da60b9a7bfecc2eaea6f0a9f78aa5bc-610x813.jpg 610w\" sizes=\"auto, (max-width: 750px) 100vw, 750px\" \/><\/a>\n\t\t\t<\/dt>\n\t\t\t\t<dd class='wp-caption-text gallery-caption' id='gallery-1-2622'>\n\t\t\t\tPerfumetka inspirowana Armani Code \/ 12,00 z\u0142\n\t\t\t\t<\/dd><\/dl><br style=\"clear: both\" \/>\n\t\t<\/div>\n<br \/>\n&nbsp;<\/p>\n<p>Nie tylko perfumy b\u0119d\u0105 \u015bwietnym pomys\u0142em. Zawsze mo\u017cemy zdecydowa\u0107 si\u0119 na <strong>zestaw<\/strong> <strong>prezentowy<\/strong>, na przyk\u0142ad kosmetyk\u00f3w, kt\u00f3ry przyda si\u0119 ka\u017cdemu m\u0119\u017cczy\u017anie. Idealnym rozwi\u0105zaniem s\u0105 na przyk\u0142ad zestawy zapakowane w m\u0119sk\u0105 <strong>kosmetyczk\u0119<\/strong>, zawieraj\u0105ce wszystko, czego potrzeba podczas podr\u00f3\u017cy.<\/p>\n\n\t\t<style type=\"text\/css\">\n\t\t\t#gallery-2 {\n\t\t\t\tmargin: auto;\n\t\t\t}\n\t\t\t#gallery-2 .gallery-item {\n\t\t\t\tfloat: left;\n\t\t\t\tmargin-top: 10px;\n\t\t\t\ttext-align: center;\n\t\t\t\twidth: 50%;\n\t\t\t}\n\t\t\t#gallery-2 img {\n\t\t\t\tborder: 2px solid #cfcfcf;\n\t\t\t}\n\t\t\t#gallery-2 .gallery-caption {\n\t\t\t\tmargin-left: 0;\n\t\t\t}\n\t\t\t\/* see gallery_shortcode() in wp-includes\/media.php *\/\n\t\t<\/style>\n\t\t<div id='gallery-2' class='gallery galleryid-2618 gallery-columns-2 gallery-size-full'><dl class='gallery-item'>\n\t\t\t<dt class='gallery-icon portrait'>\n\t\t\t\t<a href='https:\/\/neness.pl\/blog\/de15722fc061a71b720d70e0d6f485ac\/'><img loading=\"lazy\" decoding=\"async\" width=\"750\" height=\"1000\" src=\"https:\/\/neness.pl\/blog\/wp-content\/uploads\/2017\/06\/de15722fc061a71b720d70e0d6f485ac.jpg\" class=\"attachment-full size-full\" alt=\"\" aria-describedby=\"gallery-2-2626\" srcset=\"https:\/\/neness.pl\/blog\/wp-content\/uploads\/2017\/06\/de15722fc061a71b720d70e0d6f485ac.jpg 750w, https:\/\/neness.pl\/blog\/wp-content\/uploads\/2017\/06\/de15722fc061a71b720d70e0d6f485ac-225x300.jpg 225w, https:\/\/neness.pl\/blog\/wp-content\/uploads\/2017\/06\/de15722fc061a71b720d70e0d6f485ac-610x813.jpg 610w\" sizes=\"auto, (max-width: 750px) 100vw, 750px\" \/><\/a>\n\t\t\t<\/dt>\n\t\t\t\t<dd class='wp-caption-text gallery-caption' id='gallery-2-2626'>\n\t\t\t\tTechnic M\u0119ska Kosmetyczna Man Stuff Wash Bag \/ 29,90 z\u0142\n\t\t\t\t<\/dd><\/dl><dl class='gallery-item'>\n\t\t\t<dt class='gallery-icon portrait'>\n\t\t\t\t<a href='https:\/\/neness.pl\/blog\/3a0f8eadcc88efdfa17e6239e3268b99\/'><img loading=\"lazy\" decoding=\"async\" width=\"750\" height=\"1000\" src=\"https:\/\/neness.pl\/blog\/wp-content\/uploads\/2017\/06\/3a0f8eadcc88efdfa17e6239e3268b99.jpg\" class=\"attachment-full size-full\" alt=\"\" srcset=\"https:\/\/neness.pl\/blog\/wp-content\/uploads\/2017\/06\/3a0f8eadcc88efdfa17e6239e3268b99.jpg 750w, https:\/\/neness.pl\/blog\/wp-content\/uploads\/2017\/06\/3a0f8eadcc88efdfa17e6239e3268b99-225x300.jpg 225w, https:\/\/neness.pl\/blog\/wp-content\/uploads\/2017\/06\/3a0f8eadcc88efdfa17e6239e3268b99-610x813.jpg 610w\" sizes=\"auto, (max-width: 750px) 100vw, 750px\" \/><\/a>\n\t\t\t<\/dt><\/dl><br style=\"clear: both\" \/>\n\t\t<\/div>\n\n<p>&nbsp;<\/p>\n<p>Mo\u017cemy wybra\u0107 r\u00f3wnie\u017c wersj\u0119 bardziej rozbudowan\u0105 zawieraj\u0105c\u0105 szampon, krem do golenia, myde\u0142ko, balsam do cia\u0142a, a nawet ma\u0142y r\u0119czniczek.<\/p>\n\n\t\t<style type=\"text\/css\">\n\t\t\t#gallery-3 {\n\t\t\t\tmargin: auto;\n\t\t\t}\n\t\t\t#gallery-3 .gallery-item {\n\t\t\t\tfloat: left;\n\t\t\t\tmargin-top: 10px;\n\t\t\t\ttext-align: center;\n\t\t\t\twidth: 50%;\n\t\t\t}\n\t\t\t#gallery-3 img {\n\t\t\t\tborder: 2px solid #cfcfcf;\n\t\t\t}\n\t\t\t#gallery-3 .gallery-caption {\n\t\t\t\tmargin-left: 0;\n\t\t\t}\n\t\t\t\/* see gallery_shortcode() in wp-includes\/media.php *\/\n\t\t<\/style>\n\t\t<div id='gallery-3' class='gallery galleryid-2618 gallery-columns-2 gallery-size-full'><dl class='gallery-item'>\n\t\t\t<dt class='gallery-icon portrait'>\n\t\t\t\t<a href='https:\/\/neness.pl\/blog\/13d741d077ec657d5a3eee736bdcf28d\/'><img loading=\"lazy\" decoding=\"async\" width=\"750\" height=\"1000\" src=\"https:\/\/neness.pl\/blog\/wp-content\/uploads\/2017\/06\/13d741d077ec657d5a3eee736bdcf28d.jpg\" class=\"attachment-full size-full\" alt=\"\" aria-describedby=\"gallery-3-2624\" srcset=\"https:\/\/neness.pl\/blog\/wp-content\/uploads\/2017\/06\/13d741d077ec657d5a3eee736bdcf28d.jpg 750w, https:\/\/neness.pl\/blog\/wp-content\/uploads\/2017\/06\/13d741d077ec657d5a3eee736bdcf28d-225x300.jpg 225w, https:\/\/neness.pl\/blog\/wp-content\/uploads\/2017\/06\/13d741d077ec657d5a3eee736bdcf28d-610x813.jpg 610w\" sizes=\"auto, (max-width: 750px) 100vw, 750px\" \/><\/a>\n\t\t\t<\/dt>\n\t\t\t\t<dd class='wp-caption-text gallery-caption' id='gallery-3-2624'>\n\t\t\t\tTechnic M\u0119ski Zestaw Kosmetyk\u00f3w Man Drawer \/ 48,90 \u017c\u0142\n\t\t\t\t<\/dd><\/dl><dl class='gallery-item'>\n\t\t\t<dt class='gallery-icon portrait'>\n\t\t\t\t<a href='https:\/\/neness.pl\/blog\/e48c3716546f87cf4dd180cc0776126e\/'><img loading=\"lazy\" decoding=\"async\" width=\"750\" height=\"1000\" src=\"https:\/\/neness.pl\/blog\/wp-content\/uploads\/2017\/06\/e48c3716546f87cf4dd180cc0776126e.jpg\" class=\"attachment-full size-full\" alt=\"\" srcset=\"https:\/\/neness.pl\/blog\/wp-content\/uploads\/2017\/06\/e48c3716546f87cf4dd180cc0776126e.jpg 750w, https:\/\/neness.pl\/blog\/wp-content\/uploads\/2017\/06\/e48c3716546f87cf4dd180cc0776126e-225x300.jpg 225w, https:\/\/neness.pl\/blog\/wp-content\/uploads\/2017\/06\/e48c3716546f87cf4dd180cc0776126e-610x813.jpg 610w\" sizes=\"auto, (max-width: 750px) 100vw, 750px\" \/><\/a>\n\t\t\t<\/dt><\/dl><br style=\"clear: both\" \/>\n\t\t<\/div>\n\n<p>Coraz wi\u0119ksz\u0105 popularno\u015bci\u0105 w ostatnim czasie ciesz\u0105 si\u0119 r\u00f3wnie\u017c zestawy do <strong>piel\u0119gnacji<\/strong> <strong>w\u0105s\u00f3w<\/strong> i <strong>brody<\/strong>, w kt\u00f3rych znajdziemy produkty do mycia, od\u017cywki, a tak\u017ce pachn\u0105ce olejki i pomady. Je\u015bli Tata lubi nosi\u0107 zarost, na pewno b\u0119dzie zadowolony z takiego upominku.<\/p>\n<p>Mo\u017cemy r\u00f3wnie\u017c postawi\u0107 na zestawy produkt\u00f3w do <strong>piel\u0119gnacji<\/strong> <strong>sk\u00f3ry<\/strong> <strong>twarzy<\/strong>, na przyk\u0142ad krem nawil\u017caj\u0105cy i krem pod oczy dla m\u0119\u017cczyzn, jednak upewnijmy si\u0119 najpierw, \u017ce Tata u\u017cywa tego typu kosmetyk\u00f3w.<\/p>\n","protected":false},"excerpt":{"rendered":"<p>23 czerwca obchodzimy Dzie\u0144 Ojca. Nie macie pomys\u0142u na prezent z tej okazji? W dzisiejszym wpisie przedstawimy kilka propozycji, kt\u00f3rymi mo\u017cecie obdarowa\u0107 Tat\u0119 w dniu jego \u015bwi\u0119ta. &nbsp; Historia \u015bwi\u0119ta Chocia\u017c Dzie\u0144 Matki jest \u015bwi\u0119tem obchodzonym hucznie na ca\u0142ym \u015bwiecie, bardzo cz\u0119sto zapominamy o Dniu Ojca, cho\u0107 \u015bwi\u0119to to ma r\u00f3wnie\u017c swoj\u0105 d\u0142ug\u0105 tradycj\u0119. Po [&hellip;]<\/p>\n","protected":false},"author":2,"featured_media":2621,"comment_status":"open","ping_status":"open","sticky":false,"template":"","format":"standard","meta":{"_et_pb_use_builder":"","_et_pb_old_content":"","_et_gb_content_width":"","footnotes":""},"categories":[146],"tags":[],"class_list":["post-2618","post","type-post","status-publish","format-standard","has-post-thumbnail","hentry","category-z-mysla-o-mezczyznach","et-has-post-format-content","et_post_format-et-post-format-standard"],"_links":{"self":[{"href":"https:\/\/neness.pl\/blog\/wp-json\/wp\/v2\/posts\/2618","targetHints":{"allow":["GET"]}}],"collection":[{"href":"https:\/\/neness.pl\/blog\/wp-json\/wp\/v2\/posts"}],"about":[{"href":"https:\/\/neness.pl\/blog\/wp-json\/wp\/v2\/types\/post"}],"author":[{"embeddable":true,"href":"https:\/\/neness.pl\/blog\/wp-json\/wp\/v2\/users\/2"}],"replies":[{"embeddable":true,"href":"https:\/\/neness.pl\/blog\/wp-json\/wp\/v2\/comments?post=2618"}],"version-history":[{"count":0,"href":"https:\/\/neness.pl\/blog\/wp-json\/wp\/v2\/posts\/2618\/revisions"}],"wp:featuredmedia":[{"embeddable":true,"href":"https:\/\/neness.pl\/blog\/wp-json\/wp\/v2\/media\/2621"}],"wp:attachment":[{"href":"https:\/\/neness.pl\/blog\/wp-json\/wp\/v2\/media?parent=2618"}],"wp:term":[{"taxonomy":"category","embeddable":true,"href":"https:\/\/neness.pl\/blog\/wp-json\/wp\/v2\/categories?post=2618"},{"taxonomy":"post_tag","embeddable":true,"href":"https:\/\/neness.pl\/blog\/wp-json\/wp\/v2\/tags?post=2618"}],"curies":[{"name":"wp","href":"https:\/\/api.w.org\/{rel}","templated":true}]}}