{"id":2595,"date":"2017-06-12T14:36:38","date_gmt":"2017-06-12T12:36:38","guid":{"rendered":"http:\/\/ranking-kosmetykow.pl\/?p=2595"},"modified":"2017-06-12T14:36:38","modified_gmt":"2017-06-12T12:36:38","slug":"jak-dbac-o-wlosy-rozjasniane","status":"publish","type":"post","link":"https:\/\/neness.pl\/blog\/jak-dbac-o-wlosy-rozjasniane\/","title":{"rendered":"Jak dba\u0107 o w\u0142osy rozja\u015bniane?"},"content":{"rendered":"<p>Powszechne jest przekonanie, \u017ce w\u0142osy rozja\u015bniane zawsze b\u0119d\u0105 zniszczone. Okazuje si\u0119 jednak, \u017ce dobrze dobrana piel\u0119gnacja potrafi sprawi\u0107, \u017ce b\u0119d\u0105 si\u0119 one prezentowa\u0107 pi\u0119knie i zdrowo. Czego u\u017cywa\u0107 by nasz blond zachowa\u0142 pi\u0119kny odcie\u0144, a w\u0142osy nie by\u0142y przesuszone i \u0142amliwe?<\/p>\n<h3>Farbowanie<\/h3>\n<p>Przede wszystkim, je\u015bli marzysz o jasnym lub platynowym blondzie, <strong>zrezygnuj<\/strong> z farbowania w domu. Drogeryjne rozja\u015bniacze skierowane s\u0105 do wszystkich, wi\u0119c producenci nie bior\u0105 pod uwag\u0119 indywidualnych w\u0142a\u015bciwo\u015bci naszych w\u0142os\u00f3w, takich jak ich grubo\u015b\u0107, g\u0119sto\u015b\u0107 i kondycja.<\/p>\n<p>Zdecydowanie lepszym wyj\u015bciem b\u0119dzie wybranie si\u0119 do <strong>sprawdzonego<\/strong> <strong>fryzjera<\/strong>, kt\u00f3ry w profesjonalny spos\u00f3b ufarbuje nasze w\u0142osy i zadba, by ich kolor by\u0142 jak najbardziej zgodny z naszymi oczekiwaniami, a do tego zminimalizuje ich uszkodzenie.<\/p>\n<h3>Mycie to podstawa<\/h3>\n<p>Gdy mamy ju\u017c na g\u0142owie wymarzony blond, musimy teraz zadba\u0107 o <strong>odpowiedni\u0105<\/strong> <strong>piel\u0119gnacj\u0119<\/strong> w\u0142os\u00f3w. Pierwszym krokiem jest mycie. W\u0142osy rozja\u015bniane s\u0105 bardzo wra\u017cliwe i delikatne, dlatego nale\u017cy wybra\u0107 dobr\u0105 technik\u0119 ich oczyszczania.<\/p>\n<p>Bardzo popularn\u0105 metod\u0105 mycia w\u0142os\u00f3w rozja\u015bnianych jest tak zwane <strong>OMO<\/strong>, czyli od\u017cywka &#8211; mycie &#8211; od\u017cywka. Technika ta polega na tym, \u017ce na zwil\u017cone w\u0142osy od ucha w d\u00f3\u0142 nak\u0142adamy <strong>od\u017cywk\u0119<\/strong>, kt\u00f3ra w trakcie mycia ochroni ko\u0144c\u00f3wki przed dzia\u0142aniem detergent\u00f3w zawartych w szamponie. Sk\u00f3r\u0119 g\u0142owy myjemy <strong>delikatnym<\/strong> <strong>szamponem<\/strong>, kt\u00f3ry nie zawiera SLS-\u00f3w. Po umyciu sk\u00f3ry g\u0142owy sp\u0142ukujemy wszystko i na koniec nak\u0142adamy ponownie <strong>od\u017cywk\u0119<\/strong> lub <strong>mask\u0119<\/strong> z silikonami, kt\u00f3re nab\u0142yszcz\u0105 i zabezpiecz\u0105 fryzur\u0119.<\/p>\n<p>Oczywi\u015bcie, w przypadku tej techniki nie nale\u017cy ca\u0142kowicie rezygnowa\u0107 z mycia szamponami mocniej <strong>oczyszczaj\u0105cymi<\/strong>. Raz na kilka dni, gdy zauwa\u017cymy, \u017ce nasze w\u0142osy staj\u0105 si\u0119 obci\u0105\u017cone i przyklapni\u0119te, nale\u017cy umy\u0107 w\u0142osy szamponem z silniejszym detergentem, na przyk\u0142ad szamponem oczyszczaj\u0105cym.<\/p>\n<h3>Od\u017cywianie<\/h3>\n<p>W\u0142osy po procesie rozja\u015bniania potrzebuj\u0105 przede wszystkim <strong>nawil\u017cenia<\/strong> i <strong>od\u017cywienia<\/strong>. Niestety tutaj zwyk\u0142a od\u017cywka nie spe\u0142ni swojej funkcji. Zdecydowanie lepszym pomys\u0142em b\u0119dzie zakup <strong>maski<\/strong>. U\u017cywamy jej <strong>co<\/strong> <strong>najmniej raz<\/strong> <strong>w<\/strong> <strong>tygodniu<\/strong>, nak\u0142adamy na w\u0142osy, nast\u0119pnie zak\u0142adamy czepek foliowy i zawijamy w r\u0119cznik. W ten spos\u00f3b pozostawiamy na g\u0142owie na co najmniej 30 minut. Dzi\u0119ki temu substancje od\u017cywcze b\u0119d\u0105 mia\u0142y czas by wnikn\u0105\u0107 w nasze w\u0142osy i pom\u00f3c im w regeneracji.<\/p>\n<p>&nbsp;<\/p>\n<div id=\"attachment_2600\" style=\"width: 417px\" class=\"wp-caption aligncenter\"><a href=\"https:\/\/neness.pl\/kosmetyki\/wlosy\/odzywki_i_maski\/kallos_maska_do_wlosow_milk_1000ml.html\"><img loading=\"lazy\" decoding=\"async\" aria-describedby=\"caption-attachment-2600\" class=\"wp-image-2600\" src=\"http:\/\/ranking-kosmetykow.pl\/wp-content\/uploads\/2017\/06\/57aa60aa372ca948ca9006299a1739f2-225x300.jpg\" alt=\"\" width=\"407\" height=\"543\" srcset=\"https:\/\/neness.pl\/blog\/wp-content\/uploads\/2017\/06\/57aa60aa372ca948ca9006299a1739f2-225x300.jpg 225w, https:\/\/neness.pl\/blog\/wp-content\/uploads\/2017\/06\/57aa60aa372ca948ca9006299a1739f2-610x813.jpg 610w, https:\/\/neness.pl\/blog\/wp-content\/uploads\/2017\/06\/57aa60aa372ca948ca9006299a1739f2.jpg 750w\" sizes=\"auto, (max-width: 407px) 100vw, 407px\" \/><\/a><p id=\"caption-attachment-2600\" class=\"wp-caption-text\">Kallos Maska Do W\u0142os\u00f3w Milk 1000ML \/ 12,50 z\u0142<\/p><\/div>\n<p>&nbsp;<\/p>\n<p>Raz na jaki\u015b czas warto zastosowa\u0107 produkt z <strong>keratyn\u0105<\/strong>, jednak nale\u017cy pami\u0119ta\u0107, \u017ce w\u0142osy rozja\u015bniane \u0142atwo mo\u017cna przeproteinowa\u0107.<\/p>\n<p>Chocia\u017c w piel\u0119gnacji w\u0142os\u00f3w rozja\u015bnianych lepiej zrezygnowa\u0107 z cz\u0119stego u\u017cywania szampon\u00f3w z silikonami, od\u017cywki zawieraj\u0105ce te sk\u0142adniki powinny by\u0107 obecne w codziennej piel\u0119gnacji. Pomagaj\u0105 one <strong>wyg\u0142adzi\u0107<\/strong> i <strong>zabezpieczy\u0107<\/strong> w\u0142osy przed uszkodzeniami, a tak\u017ce u\u0142atwiaj\u0105 ich rozczesywanie.<\/p>\n<div id=\"attachment_2599\" style=\"width: 475px\" class=\"wp-caption aligncenter\"><a href=\"https:\/\/neness.pl\/kosmetyki\/wlosy\/szampony\/kallos_go_go_silver_reflex_szampon_do_wlosow_blond_i_siwych_200ml.html\"><img loading=\"lazy\" decoding=\"async\" aria-describedby=\"caption-attachment-2599\" class=\"wp-image-2599\" src=\"http:\/\/ranking-kosmetykow.pl\/wp-content\/uploads\/2017\/06\/4f4b6bab9accd76581c94602ba66eb0d.jpg\" alt=\"\" width=\"465\" height=\"620\" srcset=\"https:\/\/neness.pl\/blog\/wp-content\/uploads\/2017\/06\/4f4b6bab9accd76581c94602ba66eb0d.jpg 750w, https:\/\/neness.pl\/blog\/wp-content\/uploads\/2017\/06\/4f4b6bab9accd76581c94602ba66eb0d-225x300.jpg 225w, https:\/\/neness.pl\/blog\/wp-content\/uploads\/2017\/06\/4f4b6bab9accd76581c94602ba66eb0d-610x813.jpg 610w\" sizes=\"auto, (max-width: 465px) 100vw, 465px\" \/><\/a><p id=\"caption-attachment-2599\" class=\"wp-caption-text\">Kallos Go Go Silver Reflex Szampon do w\u0142os\u00f3w blond i siwych 200ml \/ 5,50 z\u0142<\/p><\/div>\n<p><span style=\"color: #ffffff;\">.<\/span><\/p>\n<h3>Stylizacja<\/h3>\n<p>Je\u017celi to mo\u017cliwe, zrezygnujmy ze stylizacji w\u0142os\u00f3w z u\u017cyciem <strong>ciep\u0142a<\/strong>. U\u017cywanie gor\u0105cej prostownicy lub lok\u00f3wki jeszcze mocniej przesuszy i tak ju\u017c wra\u017cliwe i delikatne w\u0142osy. <strong>Najmniej<\/strong> <strong>inwazyjne<\/strong> b\u0119dzie suszenie suszarka, staraj\u0105c si\u0119 nie u\u017cywa\u0107 gor\u0105cego powietrza.<\/p>\n<div id=\"attachment_2601\" style=\"width: 512px\" class=\"wp-caption aligncenter\"><a href=\"https:\/\/neness.pl\/kosmetyki\/wlosy\/odzywki_i_maski\/kallos_spray_termoochronny_flat_iron_spray.html\"><img loading=\"lazy\" decoding=\"async\" aria-describedby=\"caption-attachment-2601\" class=\"wp-image-2601\" src=\"http:\/\/ranking-kosmetykow.pl\/wp-content\/uploads\/2017\/06\/89e63671c658c1388883de4a43a76beb.jpg\" alt=\"\" width=\"502\" height=\"669\" srcset=\"https:\/\/neness.pl\/blog\/wp-content\/uploads\/2017\/06\/89e63671c658c1388883de4a43a76beb.jpg 750w, https:\/\/neness.pl\/blog\/wp-content\/uploads\/2017\/06\/89e63671c658c1388883de4a43a76beb-225x300.jpg 225w, https:\/\/neness.pl\/blog\/wp-content\/uploads\/2017\/06\/89e63671c658c1388883de4a43a76beb-610x813.jpg 610w\" sizes=\"auto, (max-width: 502px) 100vw, 502px\" \/><\/a><p id=\"caption-attachment-2601\" class=\"wp-caption-text\">Kallos Spray Termoochronny Flat Iron Spray \/ 9,99 z\u0142<\/p><\/div>\n<p>&nbsp;<\/p>\n<p>Je\u015bli stylizacja w\u0142os\u00f3w gor\u0105cymi urz\u0105dzenia jest konieczna, pami\u0119tajmy, by zawsze u\u017cywa\u0107 preparat\u00f3w <strong>termoochronnych<\/strong>, kt\u00f3re pomog\u0105 zabezpieczy\u0107 w\u0142osy przed uszkodzeniem.<\/p>\n<h3>Ko\u0144c\u00f3wki<\/h3>\n<p>Ko\u0144c\u00f3wki po rozja\u015bnianiu w\u0142os\u00f3w s\u0105 du\u017co bardziej podatne na <strong>rozdwajanie<\/strong>, <strong>\u0142amanie<\/strong> i <strong>wykruszanie<\/strong>, dlatego pami\u0119tajmy, by nak\u0142ada\u0107 na nie <strong>oleje<\/strong> lub \u201ejedwab\u201d, unikajmy jednak produkt\u00f3w zawieraj\u0105cych w swoim sk\u0142adzie alkohol.<\/p>\n<div id=\"attachment_2602\" style=\"width: 466px\" class=\"wp-caption aligncenter\"><a href=\"https:\/\/neness.pl\/kosmetyki\/wlosy\/olejki\/kallos_lab35_odzywczy_olejek_na_koncowki_50ml.html\"><img loading=\"lazy\" decoding=\"async\" aria-describedby=\"caption-attachment-2602\" class=\"wp-image-2602\" src=\"http:\/\/ranking-kosmetykow.pl\/wp-content\/uploads\/2017\/06\/b05d2b4283ef5974356bec52f1ac60c7.jpg\" alt=\"\" width=\"456\" height=\"608\" srcset=\"https:\/\/neness.pl\/blog\/wp-content\/uploads\/2017\/06\/b05d2b4283ef5974356bec52f1ac60c7.jpg 750w, https:\/\/neness.pl\/blog\/wp-content\/uploads\/2017\/06\/b05d2b4283ef5974356bec52f1ac60c7-225x300.jpg 225w, https:\/\/neness.pl\/blog\/wp-content\/uploads\/2017\/06\/b05d2b4283ef5974356bec52f1ac60c7-610x813.jpg 610w\" sizes=\"auto, (max-width: 456px) 100vw, 456px\" \/><\/a><p id=\"caption-attachment-2602\" class=\"wp-caption-text\">Kallos LAB35 Od\u017cywczy Olejek na Ko\u0144c\u00f3wki 50ml \/ 10,90 z\u0142<\/p><\/div>\n<p><span style=\"color: #ffffff;\">.<\/span><\/p>\n<p>Regularne <strong>podcinanie<\/strong> ko\u0144c\u00f3wek r\u00f3wnie\u017c jest konieczne, by nasze w\u0142osy mog\u0142y wygl\u0105da\u0107 zdrowo.<\/p>\n","protected":false},"excerpt":{"rendered":"<p>Powszechne jest przekonanie, \u017ce w\u0142osy rozja\u015bniane zawsze b\u0119d\u0105 zniszczone. Okazuje si\u0119 jednak, \u017ce dobrze dobrana piel\u0119gnacja potrafi sprawi\u0107, \u017ce b\u0119d\u0105 si\u0119 one prezentowa\u0107 pi\u0119knie i zdrowo. Czego u\u017cywa\u0107 by nasz blond zachowa\u0142 pi\u0119kny odcie\u0144, a w\u0142osy nie by\u0142y przesuszone i \u0142amliwe? Farbowanie Przede wszystkim, je\u015bli marzysz o jasnym lub platynowym blondzie, zrezygnuj z farbowania w [&hellip;]<\/p>\n","protected":false},"author":2,"featured_media":2597,"comment_status":"open","ping_status":"open","sticky":false,"template":"","format":"standard","meta":{"_et_pb_use_builder":"","_et_pb_old_content":"","_et_gb_content_width":"","footnotes":""},"categories":[48],"tags":[],"class_list":["post-2595","post","type-post","status-publish","format-standard","has-post-thumbnail","hentry","category-wlosy-idealne","et-has-post-format-content","et_post_format-et-post-format-standard"],"_links":{"self":[{"href":"https:\/\/neness.pl\/blog\/wp-json\/wp\/v2\/posts\/2595","targetHints":{"allow":["GET"]}}],"collection":[{"href":"https:\/\/neness.pl\/blog\/wp-json\/wp\/v2\/posts"}],"about":[{"href":"https:\/\/neness.pl\/blog\/wp-json\/wp\/v2\/types\/post"}],"author":[{"embeddable":true,"href":"https:\/\/neness.pl\/blog\/wp-json\/wp\/v2\/users\/2"}],"replies":[{"embeddable":true,"href":"https:\/\/neness.pl\/blog\/wp-json\/wp\/v2\/comments?post=2595"}],"version-history":[{"count":0,"href":"https:\/\/neness.pl\/blog\/wp-json\/wp\/v2\/posts\/2595\/revisions"}],"wp:featuredmedia":[{"embeddable":true,"href":"https:\/\/neness.pl\/blog\/wp-json\/wp\/v2\/media\/2597"}],"wp:attachment":[{"href":"https:\/\/neness.pl\/blog\/wp-json\/wp\/v2\/media?parent=2595"}],"wp:term":[{"taxonomy":"category","embeddable":true,"href":"https:\/\/neness.pl\/blog\/wp-json\/wp\/v2\/categories?post=2595"},{"taxonomy":"post_tag","embeddable":true,"href":"https:\/\/neness.pl\/blog\/wp-json\/wp\/v2\/tags?post=2595"}],"curies":[{"name":"wp","href":"https:\/\/api.w.org\/{rel}","templated":true}]}}