{"id":2513,"date":"2017-06-05T12:58:38","date_gmt":"2017-06-05T10:58:38","guid":{"rendered":"http:\/\/ranking-kosmetykow.pl\/?p=2513"},"modified":"2017-06-05T12:58:38","modified_gmt":"2017-06-05T10:58:38","slug":"szminka-czy-blyszczyk-co-wybrac","status":"publish","type":"post","link":"https:\/\/neness.pl\/blog\/szminka-czy-blyszczyk-co-wybrac\/","title":{"rendered":"Szminka czy b\u0142yszczyk &#8211; co wybra\u0107?"},"content":{"rendered":"<p>Nic nie dope\u0142nia lepiej naszego makija\u017cu i stylizacji ni\u017c <strong>odrobina koloru<\/strong> na ustach. Jednak wyb\u00f3r nie zawsze jest prosty, zw\u0142aszcza, \u017ce w perfumeriach i drogeriach mamy ogromny wyb\u00f3r produkt\u00f3w do ust. Co wybra\u0107?<\/p>\n<h3>Szminka<\/h3>\n<p>Zazwyczaj to<strong> szminka<\/strong> jest pierwszym kosmetykiem, kt\u00f3ry przychodzi nam do g\u0142owy, kiedy my\u015blimy o makija\u017cu ust. <strong>Uwielbiana<\/strong> ju\u017c przez nasze prababcie, swoj\u0105 wsp\u00f3\u0142czesn\u0105 form\u0119 zyska\u0142a po I wojnie \u015bwiatowej. Jest kosmetykiem <strong>kultowym<\/strong> i chyba ka\u017cdej z nas czerwone usta kojarz\u0105 si\u0119 z ponadczasow\u0105 <strong>klasyk\u0105<\/strong>.<\/p>\n<p>Szmink\u0119 mo\u017cemy kupi\u0107 w ka\u017cdej perfumerii. Ze wzgl\u0119du na to, \u017ce jest produktem <strong>najcz\u0119\u015bciej<\/strong> wybieranym przez kobiety, jest dost\u0119pna w <strong>szerokiej gamie kolorystycznej<\/strong> i <strong>w r\u00f3\u017cnych wyko\u0144czeniach<\/strong> od matowych i d\u0142ugotrwa\u0142ych, poprzez formu\u0142y kremowe i nawil\u017caj\u0105ce, a\u017c do tych b\u0142yszcz\u0105cych i p\u00f3\u0142transparentnych. Mo\u017cemy r\u00f3wnie\u017c zdecydowa\u0107 si\u0119 na produkt <strong>w sztyfcie<\/strong> lub <strong>w formie p\u0142ynnej<\/strong>, zastygaj\u0105cej pomadki, kt\u00f3ra utrzyma si\u0119 na naszych ustach <strong>najd\u0142u\u017cej<\/strong>. Jest te\u017c zdecydowanie najlepiej\u00a0<strong>napigmentowanym<\/strong> i <strong>najbardziej kryj\u0105cym<\/strong> kosmetykiem, jakiego mo\u017cemy u\u017cy\u0107 do makija\u017cu ust.<\/p>\n<p>&nbsp;<\/p>\n<div id=\"attachment_2524\" style=\"width: 440px\" class=\"wp-caption aligncenter\"><a href=\"https:\/\/neness.pl\/kosmetyki\/usta\/szminki\/makeup_revolution_szminka_rose_gold_red_carpet.html\"><img loading=\"lazy\" decoding=\"async\" aria-describedby=\"caption-attachment-2524\" class=\"wp-image-2524\" src=\"http:\/\/ranking-kosmetykow.pl\/wp-content\/uploads\/2017\/06\/5978f7cf12b98932c2e501c54abcdd82-225x300.jpg\" alt=\"\" width=\"430\" height=\"574\" srcset=\"https:\/\/neness.pl\/blog\/wp-content\/uploads\/2017\/06\/5978f7cf12b98932c2e501c54abcdd82-225x300.jpg 225w, https:\/\/neness.pl\/blog\/wp-content\/uploads\/2017\/06\/5978f7cf12b98932c2e501c54abcdd82-610x813.jpg 610w, https:\/\/neness.pl\/blog\/wp-content\/uploads\/2017\/06\/5978f7cf12b98932c2e501c54abcdd82.jpg 750w\" sizes=\"auto, (max-width: 430px) 100vw, 430px\" \/><\/a><p id=\"caption-attachment-2524\" class=\"wp-caption-text\">Makeup Revolution Szminka Rose Gold Red Carpet \/ 14,90 z\u0142<\/p><\/div>\n<p><span style=\"color: #ffffff;\">.<\/span><\/p>\n<p>U\u017cywaj\u0105c szminki dobrze zaopatrzy\u0107 si\u0119 od razu <strong>w kontur\u00f3wk\u0119<\/strong> w tym samym lub o ton ja\u015bniejszym odcieniu oraz <strong>p\u0119dzelek<\/strong>, dzi\u0119ki kt\u00f3remu na\u0142o\u017cymy j\u0105 najbardziej precyzyjnie, szczeg\u00f3lnie, je\u015bli decydujemy si\u0119 na mocne kolory.<\/p>\n<p>Intensywne, klasyczne odcienie <strong>czerwieni<\/strong>,<strong> \u015bliwki<\/strong> czy <strong>fuksji<\/strong> b\u0119d\u0105 idealnym rozwi\u0105zaniem na <strong>wieczorne wyj\u015bcia<\/strong>, imprezy i uroczysto\u015bci. Na co dzie\u0144 \u015bwietnie sprawdz\u0105 si\u0119 bardzo modne szminki w kolorach\u00a0<strong>nude<\/strong> lub w kolorze zbli\u017conym do <strong>naturalnej barwy<\/strong> naszych ust.<\/p>\n<p>&nbsp;<\/p>\n<div id=\"attachment_2526\" style=\"width: 473px\" class=\"wp-caption aligncenter\"><a href=\"https:\/\/neness.pl\/kosmetyki\/usta\/szminki\/revolution_szminka_ultra_velour_sweet_boy.html\"><img loading=\"lazy\" decoding=\"async\" aria-describedby=\"caption-attachment-2526\" class=\"wp-image-2526\" src=\"http:\/\/ranking-kosmetykow.pl\/wp-content\/uploads\/2017\/06\/db956bc171a4d37c4aa2c0208176e32d-225x300.jpg\" alt=\"\" width=\"463\" height=\"617\" srcset=\"https:\/\/neness.pl\/blog\/wp-content\/uploads\/2017\/06\/db956bc171a4d37c4aa2c0208176e32d-225x300.jpg 225w, https:\/\/neness.pl\/blog\/wp-content\/uploads\/2017\/06\/db956bc171a4d37c4aa2c0208176e32d-610x813.jpg 610w, https:\/\/neness.pl\/blog\/wp-content\/uploads\/2017\/06\/db956bc171a4d37c4aa2c0208176e32d.jpg 750w\" sizes=\"auto, (max-width: 463px) 100vw, 463px\" \/><\/a><p id=\"caption-attachment-2526\" class=\"wp-caption-text\">Revolution Szminka Ultra Velour \/ 10,99 z\u0142<\/p><\/div>\n<p>&nbsp;<\/p>\n<p>Niestety to co wp\u0142ywa na trwa\u0142o\u015b\u0107 i intensywno\u015b\u0107 koloru bywa r\u00f3wnie\u017c wad\u0105\u00a0szminki. Najbardziej odporne na \u015bcieranie produkt cz\u0119sto <strong>wysuszaj\u0105<\/strong> nasze <strong>usta<\/strong>. Dodatkowo, by nasz makija\u017c wygl\u0105da\u0142 nieskazitelnie przez ca\u0142y dzie\u0144 musimy go w ci\u0105gu dnia <strong>poprawia\u0107<\/strong>. Przy u\u017cywaniu produkt\u00f3w w intensywnych kolorach niezb\u0119dne b\u0119dzie <strong>lusterko<\/strong>, do kt\u00f3rego nie zawsze mamy dost\u0119p.<\/p>\n<p>Matowe i ciemne odcienie <strong>nie sprawdz\u0105 si\u0119<\/strong> na w\u0105skich ustach, gdy\u017c optycznie je pomniejsz\u0105 i mog\u0105 nada\u0107 im zaci\u0119ty wyraz. Musimy r\u00f3wnie\u017c uwa\u017ca\u0107 podczas picia, poniewa\u017c szminka cz\u0119sto <strong>zostawia<\/strong> nieestetyczny<strong> \u015blad<\/strong> na brzegu szklanki czy kieliszka.<\/p>\n<h3>B\u0142yszczyk<\/h3>\n<p><strong>B\u0142yszczyk<\/strong>, w por\u00f3wnaniu do szminki, pojawi\u0142 si\u0119 na rynku kosmetycznym stosunkowo <strong>niedawno<\/strong>. Najcz\u0119\u015bciej wybierany jest przez <strong>nastolatki<\/strong> i <strong>m\u0142ode<\/strong> <strong>kobiety<\/strong>. Nadaje ustom <strong>po\u0142ysk \u00a0<\/strong>i zazwyczaj jest <strong>transparentny<\/strong>.<\/p>\n<p>Kosmetyk ten ma nieco <strong>inn\u0105<\/strong> <strong>formu\u0142\u0119<\/strong> ni\u017c klasyczne szminki. <strong>Nie<\/strong> <strong>wysusza<\/strong> ust, ze wzgl\u0119du na zawarto\u015b\u0107 <strong>substancji<\/strong> <strong>nat\u0142uszczaj\u0105cych<\/strong>, na przyk\u0142ad olejk\u00f3w piel\u0119gnacyjnych, <strong>nawil\u017ca<\/strong> i <strong>od\u017cywia<\/strong> nasze usta. Jednocze\u015bnie nadaje im <strong>po\u0142ysk<\/strong> i sprawia, \u017ce wydaj\u0105 si\u0119 <strong>wi\u0119ksze<\/strong>. Bardzo \u0142atwa aplikacja <strong>nie<\/strong> <strong>wymaga<\/strong> <strong>lusterka<\/strong>, ani <strong>kontur\u00f3wki<\/strong>, wi\u0119c poprawek mo\u017cemy dokona\u0107 w dowolnym momencie. Jest to wa\u017cn\u0105 zalet\u0105, bo b\u0142yszczyk <strong>nie<\/strong> <strong>jest<\/strong> produktem <strong>trwa\u0142ym<\/strong>.<\/p>\n<div id=\"attachment_2525\" style=\"width: 378px\" class=\"wp-caption aligncenter\"><a href=\"https:\/\/neness.pl\/kosmetyki\/usta\/blyszczyki\/maybelline_blyszczyk_color_elixir_025_radiant_raspberry.html\"><img loading=\"lazy\" decoding=\"async\" aria-describedby=\"caption-attachment-2525\" class=\"wp-image-2525\" src=\"http:\/\/ranking-kosmetykow.pl\/wp-content\/uploads\/2017\/06\/5d3fbe5de3c31e09fea4eb3fcc1c63ae-225x300.jpg\" alt=\"\" width=\"368\" height=\"491\" srcset=\"https:\/\/neness.pl\/blog\/wp-content\/uploads\/2017\/06\/5d3fbe5de3c31e09fea4eb3fcc1c63ae-225x300.jpg 225w, https:\/\/neness.pl\/blog\/wp-content\/uploads\/2017\/06\/5d3fbe5de3c31e09fea4eb3fcc1c63ae-610x813.jpg 610w, https:\/\/neness.pl\/blog\/wp-content\/uploads\/2017\/06\/5d3fbe5de3c31e09fea4eb3fcc1c63ae.jpg 750w\" sizes=\"auto, (max-width: 368px) 100vw, 368px\" \/><\/a><p id=\"caption-attachment-2525\" class=\"wp-caption-text\">Maybelline B\u0142yszczyk Color Elixir \/ 12,50 z\u0142<\/p><\/div>\n<p><span style=\"color: #ffffff;\">.<\/span><\/p>\n<p>Kolejn\u0105 zalet\u0105 tego produktu jest to, \u017ce mo\u017cemy wybiera\u0107 nie tylko spo\u015br\u00f3d r\u00f3\u017cnych kolor\u00f3w, ale tak\u017ce w\u015br\u00f3d <strong>zapach\u00f3w<\/strong> i <strong>smak\u00f3w<\/strong>. Dla tych z nas, kt\u00f3re wol\u0105 <strong>naturalne<\/strong> i <strong>delikatne<\/strong> makija\u017ce \u015bwietnie sprawdzi si\u0119 b\u0142yszczyk <strong>bezbarwny<\/strong>, kt\u00f3ry nada ustom tylko delikatny <strong>po\u0142ysk<\/strong>.<\/p>\n<p>Formu\u0142a b\u0142yszczyka sama w sobie sprawia, \u017ce usta <strong>wydaj\u0105<\/strong> <strong>si\u0119 wi\u0119ksze<\/strong>, jednak na rynku mo\u017cemy kupi\u0107 produkty, kt\u00f3re dodatkowo maj\u0105 w sk\u0142adzie na przyk\u0142ad <strong>ekstrakt<\/strong> z <strong>chilli<\/strong>, kt\u00f3ry rozszerza naczynka krwiono\u015bne w naszych wargach i sprawia, \u017ce wydaj\u0105 si\u0119 pe\u0142niejsze.<\/p>\n<p>Niestety, r\u00f3wnie\u017c b\u0142yszczyk nie jest kosmetykiem idealnym. Pozostawia on na ustach <strong>lepi\u0105c\u0105<\/strong> <strong>warstw\u0119<\/strong>, kt\u00f3ra nie ka\u017cdemu odpowiada, a w wietrzny dzie\u0144 sprawia, \u017ce przyklejaj\u0105 si\u0119 do niej w\u0142osy. Dodatkowo, \u017caden b\u0142yszczyk nie nada naszym ustom tak intensywnego koloru jak szminka.<\/p>\n<p>Osoby posiadaj\u0105ce pe\u0142ne i du\u017ce usta r\u00f3wnie\u017c powinny uwa\u017ca\u0107 na b\u0142yszczyki, poniewa\u017c sprawiaj\u0105 one, \u017ce wargi wydaj\u0105 si\u0119 jeszcze wi\u0119ksze.<\/p>\n<p>Je\u017celi <strong>nie<\/strong> <strong>chcemy wybiera\u0107<\/strong> pomi\u0119dzy matow\u0105 szminka i po\u0142yskliwym b\u0142yszczykiem, mo\u017cemy stosowa\u0107 <strong>obydwa<\/strong> produkty <strong>jednocze\u015bnie<\/strong>. Najpierw malujemy usta pomadk\u0105 w wybranym odcieniu, a nast\u0119pnie na ich \u015brodek nak\u0142adamy odrobin\u0119 b\u0142yszczyka w zbli\u017conym kolorze. Nasze usta b\u0119d\u0105 mia\u0142y intensywn\u0105 barw\u0119, a dodatek b\u0142yszczyka optycznie je powi\u0119kszy.<\/p>\n<p>&nbsp;<\/p>\n","protected":false},"excerpt":{"rendered":"<p>Nic nie dope\u0142nia lepiej naszego makija\u017cu i stylizacji ni\u017c odrobina koloru na ustach. Jednak wyb\u00f3r nie zawsze jest prosty, zw\u0142aszcza, \u017ce w perfumeriach i drogeriach mamy ogromny wyb\u00f3r produkt\u00f3w do ust. Co wybra\u0107? Szminka Zazwyczaj to szminka jest pierwszym kosmetykiem, kt\u00f3ry przychodzi nam do g\u0142owy, kiedy my\u015blimy o makija\u017cu ust. Uwielbiana ju\u017c przez nasze prababcie, [&hellip;]<\/p>\n","protected":false},"author":2,"featured_media":2523,"comment_status":"open","ping_status":"open","sticky":false,"template":"","format":"standard","meta":{"_et_pb_use_builder":"","_et_pb_old_content":"","_et_gb_content_width":"","footnotes":""},"categories":[41],"tags":[],"class_list":["post-2513","post","type-post","status-publish","format-standard","has-post-thumbnail","hentry","category-olsniewaj-makijazem","et-has-post-format-content","et_post_format-et-post-format-standard"],"_links":{"self":[{"href":"https:\/\/neness.pl\/blog\/wp-json\/wp\/v2\/posts\/2513","targetHints":{"allow":["GET"]}}],"collection":[{"href":"https:\/\/neness.pl\/blog\/wp-json\/wp\/v2\/posts"}],"about":[{"href":"https:\/\/neness.pl\/blog\/wp-json\/wp\/v2\/types\/post"}],"author":[{"embeddable":true,"href":"https:\/\/neness.pl\/blog\/wp-json\/wp\/v2\/users\/2"}],"replies":[{"embeddable":true,"href":"https:\/\/neness.pl\/blog\/wp-json\/wp\/v2\/comments?post=2513"}],"version-history":[{"count":0,"href":"https:\/\/neness.pl\/blog\/wp-json\/wp\/v2\/posts\/2513\/revisions"}],"wp:featuredmedia":[{"embeddable":true,"href":"https:\/\/neness.pl\/blog\/wp-json\/wp\/v2\/media\/2523"}],"wp:attachment":[{"href":"https:\/\/neness.pl\/blog\/wp-json\/wp\/v2\/media?parent=2513"}],"wp:term":[{"taxonomy":"category","embeddable":true,"href":"https:\/\/neness.pl\/blog\/wp-json\/wp\/v2\/categories?post=2513"},{"taxonomy":"post_tag","embeddable":true,"href":"https:\/\/neness.pl\/blog\/wp-json\/wp\/v2\/tags?post=2513"}],"curies":[{"name":"wp","href":"https:\/\/api.w.org\/{rel}","templated":true}]}}