{"id":2499,"date":"2017-06-02T13:45:32","date_gmt":"2017-06-02T11:45:32","guid":{"rendered":"http:\/\/ranking-kosmetykow.pl\/?p=2499"},"modified":"2017-06-02T13:45:32","modified_gmt":"2017-06-02T11:45:32","slug":"krotka-historia-kreski","status":"publish","type":"post","link":"https:\/\/neness.pl\/blog\/krotka-historia-kreski\/","title":{"rendered":"Kr\u00f3tka historia kreski"},"content":{"rendered":"<p>Chyba nikt z nas nie mo\u017ce zaprzeczy\u0107, \u017ce obok tuszu do rz\u0119s i cieni do powiek, <strong>kreska<\/strong> jest jednym z najpopularniejszych element\u00f3w makija\u017cu oka. Szczeg\u00f3lnie w ostatnich latach <strong>eyeliner<\/strong> sta\u0142 si\u0119 niezb\u0119dnikiem w kosmetyczce wi\u0119kszo\u015bci z nas. Jednak jego historia wcale nie ogranicza si\u0119 do kilku ostatnich dziesi\u0119cioleci.<\/p>\n<h3><span style=\"color: #ffffff;\">.<\/span><\/h3>\n<h3>W staro\u017cytno\u015bci<\/h3>\n<p>Mocny <strong>makija\u017c oka<\/strong> z u\u017cyciem <strong>czarnego pigmentu<\/strong> ma swoje pocz\u0105tki w staro\u017cytnym <strong>Egipcie<\/strong> i <strong>Mezopotamii<\/strong>. Eyeliner po raz pierwszy w makija\u017cu pojawi\u0142 si\u0119 ju\u017c 10 000 lat przed nasz\u0105 er\u0105. W\u00f3wczas nazywany <strong>khol<\/strong>, u\u017cywany by\u0142 zar\u00f3wno przez <strong>kobiety<\/strong> jak i <strong>m\u0119\u017cczyzn<\/strong>. Nie by\u0142 jednak stosowany tylko jako sztuczka maj\u0105ca sprawi\u0107, \u017ce oczy b\u0119d\u0105 wygl\u0105da\u0107 na wi\u0119ksze, ale przede wszystkim <strong>pe\u0142ni\u0142 funkcj\u0119 ochronn\u0105<\/strong> przed s\u0142o\u0144cem.<\/p>\n<p>R\u00f3wnie d\u0142ugo kosmetyku o nazwie <strong>kajal<\/strong> u\u017cywano i wci\u0105\u017c u\u017cywa si\u0119 w <strong>Indiach<\/strong>. Dzi\u015b najcz\u0119\u015bciej stosowany jest do <strong>przyciemniania<\/strong> dolnej powieki g\u0142\u00f3wnie prze kobiety, jednak nak\u0142ada si\u0119 go r\u00f3wnie\u017c dzieciom i m\u0119\u017cczyznom. Od czas\u00f3w staro\u017cytnych wierzono, \u017ce kajal chroni przed promieniami s\u0142onecznymi i chorobami oczu. Do dzi\u015b powszechne jest przekonanie, \u017ce czarna kropka na czole i oczach <strong>chroni<\/strong> nowo narodzone dzieci przed dzia\u0142aniem z\u0142ych mocy.<\/p>\n<p><span style=\"color: #ffffff;\">.<\/span><\/p>\n<h3>Wielki powr\u00f3t<\/h3>\n<p>Pomimo swojej popularno\u015bci na bliskim wschodzie i w Indiach, w Europie i Stanach Zjednoczonych eyeliner by\u0142 kosmetykiem praktycznie nie u\u017cywanym a\u017c do lat 20. XX wieku. Dopiero <strong>odkrycie grobu Tutanchamona<\/strong> w 1922 roku sprawi\u0142o, \u017ce ten kosmetyk powr\u00f3ci\u0142 do \u0142ask.<\/p>\n<p>W\u00f3wczas nie noszono jednak graficznej, ostro zako\u0144czonej kreski, stawiano raczej na lekko przydymiony, roztarty kontur oka.<\/p>\n<p>Dopiero<strong> w latach 50.<\/strong> XX wieku na rynku pojawi\u0142 si\u0119 <strong>p\u0142ynny eyeliner<\/strong> i od razu podbi\u0142 serca gwiazd kina. <strong>Mocn\u0105 kresk\u0119<\/strong> i makija\u017c w stylu &#8222;<strong>kociego oka<\/strong>&#8221; nosi\u0142y <strong>Brigitte Bardot<\/strong> i <strong>Sophia Loren<\/strong>. Od tamtej pory wiele kobiet na ca\u0142ym \u015bwiecie nie wyobra\u017ca sobie makija\u017cu oka bez u\u017cycia eyelinera.<\/p>\n<p><span style=\"color: #ffffff;\">.<\/span><\/p>\n<h3>Czym zrobi\u0107 kresk\u0119?<\/h3>\n<p>Je\u017celi decydujemy si\u0119 na makija\u017c oka z kresk\u0105 w roli g\u0142\u00f3wnej do wyboru mamy <strong>kilka kosmetyk\u00f3w<\/strong>. Ka\u017cdy z nich zapewni nam nieco inny efekt.<\/p>\n<p><strong>Eyeliner w p\u0142ynie<\/strong> to chyba najbardziej popularny kosmetyk do malowania kreski od czasu jego pojawienia si\u0119 na rynku. W opakowaniu zawarty jest <strong>p\u0119dzelek<\/strong>, dzi\u0119ki kt\u00f3remu jednym ruchem mo\u017cemy doda\u0107 naszemu spojrzeniu <strong>wyrazisto\u015bci<\/strong>, a tak\u017ce <strong>powi\u0119kszy\u0107 oko<\/strong>.<\/p>\n<p>&nbsp;<\/p>\n<p>&nbsp;<\/p>\n<div id=\"attachment_2506\" style=\"width: 400px\" class=\"wp-caption aligncenter\"><a href=\"https:\/\/neness.pl\/kosmetyki\/oczy\/kredki_i_eyelinery\/revolution_amazing_eyeliner_w_plynie_waterproof.html\"><img loading=\"lazy\" decoding=\"async\" aria-describedby=\"caption-attachment-2506\" class=\"wp-image-2506\" src=\"http:\/\/ranking-kosmetykow.pl\/wp-content\/uploads\/2017\/06\/28fd132283781a6fdfdee5f5193d1c65-225x300.jpg\" alt=\"\" width=\"390\" height=\"520\" srcset=\"https:\/\/neness.pl\/blog\/wp-content\/uploads\/2017\/06\/28fd132283781a6fdfdee5f5193d1c65-225x300.jpg 225w, https:\/\/neness.pl\/blog\/wp-content\/uploads\/2017\/06\/28fd132283781a6fdfdee5f5193d1c65-610x813.jpg 610w, https:\/\/neness.pl\/blog\/wp-content\/uploads\/2017\/06\/28fd132283781a6fdfdee5f5193d1c65.jpg 750w\" sizes=\"auto, (max-width: 390px) 100vw, 390px\" \/><\/a><p id=\"caption-attachment-2506\" class=\"wp-caption-text\">Revolution Amazing Eyeliner w P\u0142ynie \/ 8,90 z\u0142<\/p><\/div>\n<p>&nbsp;<\/p>\n<p>&nbsp;<\/p>\n<p><strong>Kredka<\/strong> b\u0119dzie bardzo wygodnym narz\u0119dziem dla tych z nas, kt\u00f3re nie do ko\u0144ca radz\u0105 sobie z eyelinerem w p\u0142ynie. Co prawda nie narysujemy ni\u0105 a\u017c tak ostrej i wyrazistej linii jak kosmetykiem p\u0142ynnym, jednak <strong>dobrze zaostrzona<\/strong> ko\u0144c\u00f3wka da bardzo podobny efekt. \u015awietnie sprawdzi si\u0119 r\u00f3wnie\u017c lekko roztarta w makija\u017cu typu &#8222;<strong>smoky eye<\/strong>&#8222;. Wa\u017cne, aby wybra\u0107 kredk\u0119, kt\u00f3ra nie b\u0119dzie <strong>ani za mi\u0119kka<\/strong>, co utrudni narysowanie precyzyjnej kreski, <strong>ani zbyt twarda<\/strong>, bo mo\u017ce podra\u017cni\u0107 delikatn\u0105 sk\u00f3r\u0119 na powiece.<\/p>\n<p>&nbsp;<\/p>\n<p>&nbsp;<\/p>\n<div id=\"attachment_2503\" style=\"width: 440px\" class=\"wp-caption aligncenter\"><a href=\"https:\/\/neness.pl\/kosmetyki\/oczy\/kredki_i_eyelinery\/revlon_kredka_z_gabka_luxurious_color_eyeliner.html\"><img loading=\"lazy\" decoding=\"async\" aria-describedby=\"caption-attachment-2503\" class=\"wp-image-2503\" src=\"http:\/\/ranking-kosmetykow.pl\/wp-content\/uploads\/2017\/06\/7df3d5ef170242a41995422bee9619c1-225x300.jpg\" alt=\"\" width=\"430\" height=\"573\" srcset=\"https:\/\/neness.pl\/blog\/wp-content\/uploads\/2017\/06\/7df3d5ef170242a41995422bee9619c1-225x300.jpg 225w, https:\/\/neness.pl\/blog\/wp-content\/uploads\/2017\/06\/7df3d5ef170242a41995422bee9619c1-610x813.jpg 610w, https:\/\/neness.pl\/blog\/wp-content\/uploads\/2017\/06\/7df3d5ef170242a41995422bee9619c1.jpg 750w\" sizes=\"auto, (max-width: 430px) 100vw, 430px\" \/><\/a><p id=\"caption-attachment-2503\" class=\"wp-caption-text\">Revlon Kredka Z G\u0105bk\u0105 Luxurious Color Eyeliner \/ 11,90 z\u0142<\/p><\/div>\n<p>&nbsp;<\/p>\n<p>&nbsp;<\/p>\n<p>Dla niewprawionej r\u0119ki dobrym wyborem b\u0119dzie r\u00f3wnie\u017c <strong>kosmetyk w formie \u017celu<\/strong> i ulubiony ma\u0142y lub <strong>sko\u015bnie \u015bci\u0119ty p\u0119dzelek<\/strong>. Formu\u0142a \u017celowego eyelinera sprawia, \u017ce <strong>pozostaje<\/strong> on na powiece w niezmienionej formie <strong>przez ca\u0142y dzie\u0144<\/strong>, od momentu na\u0142o\u017cenia, a\u017c do jego zmycia. <strong>Nie odbija si\u0119<\/strong> na g\u00f3rnej powiece i jest idealnym rozwi\u0105zaniem je\u015bli mamy tendencj\u0119 do \u0142zawienia oczu.<\/p>\n<p>&nbsp;<\/p>\n<p>&nbsp;<\/p>\n<div id=\"attachment_2504\" style=\"width: 380px\" class=\"wp-caption aligncenter\"><a href=\"https:\/\/neness.pl\/kosmetyki\/oczy\/kredki_i_eyelinery\/technic_gel_eyeliner_w_zelu_zelowy_pedzelek_pedzel.html\"><img loading=\"lazy\" decoding=\"async\" aria-describedby=\"caption-attachment-2504\" class=\"wp-image-2504\" src=\"http:\/\/ranking-kosmetykow.pl\/wp-content\/uploads\/2017\/06\/605c451813feb3613562705011badfd3-225x300.jpg\" alt=\"\" width=\"370\" height=\"493\" srcset=\"https:\/\/neness.pl\/blog\/wp-content\/uploads\/2017\/06\/605c451813feb3613562705011badfd3-225x300.jpg 225w, https:\/\/neness.pl\/blog\/wp-content\/uploads\/2017\/06\/605c451813feb3613562705011badfd3-610x813.jpg 610w, https:\/\/neness.pl\/blog\/wp-content\/uploads\/2017\/06\/605c451813feb3613562705011badfd3.jpg 750w\" sizes=\"auto, (max-width: 370px) 100vw, 370px\" \/><\/a><p id=\"caption-attachment-2504\" class=\"wp-caption-text\">Technic Gel Eyeliner w \u017belu \/ 8.90 z\u0142<\/p><\/div>\n<p>&nbsp;<\/p>\n<p>&nbsp;<\/p>\n<p>Do wyboru mamy r\u00f3wnie\u017c <strong>eyeliner w pisaku<\/strong>, kt\u00f3ry sprawdzi si\u0119 w podr\u0119cznej kosmetyczce do drobnych <strong>poprawek<\/strong> w ci\u0105gu dnia lub aby szybko <strong>odmieni\u0107 dzienny makija\u017c<\/strong> przed wieczornym wyj\u015bciem. Kobietom, kt\u00f3rym ci\u0119\u017cko przyzwyczai\u0107 si\u0119 do u\u017cywania p\u0119dzelka, r\u00f3wnie\u017c mo\u017ce pom\u00f3c w oswojeniu si\u0119 z malowaniem kreski.<\/p>\n<p>&nbsp;<\/p>\n<p>&nbsp;<\/p>\n<div id=\"attachment_2505\" style=\"width: 386px\" class=\"wp-caption aligncenter\"><a href=\"https:\/\/neness.pl\/kosmetyki\/oczy\/kredki_i_eyelinery\/l_oreal_voluminous_superstar_eyeliner.html\"><img loading=\"lazy\" decoding=\"async\" aria-describedby=\"caption-attachment-2505\" class=\"wp-image-2505\" src=\"http:\/\/ranking-kosmetykow.pl\/wp-content\/uploads\/2017\/06\/c230ab017439538741d55f96777edb63-225x300.jpeg\" alt=\"\" width=\"376\" height=\"501\" srcset=\"https:\/\/neness.pl\/blog\/wp-content\/uploads\/2017\/06\/c230ab017439538741d55f96777edb63-225x300.jpeg 225w, https:\/\/neness.pl\/blog\/wp-content\/uploads\/2017\/06\/c230ab017439538741d55f96777edb63-610x813.jpeg 610w, https:\/\/neness.pl\/blog\/wp-content\/uploads\/2017\/06\/c230ab017439538741d55f96777edb63.jpeg 750w\" sizes=\"auto, (max-width: 376px) 100vw, 376px\" \/><\/a><p id=\"caption-attachment-2505\" class=\"wp-caption-text\">L&#8217;Or\u00e9al Voluminous Superstar Eyeliner \/ 21,90 z\u0142<\/p><\/div>\n","protected":false},"excerpt":{"rendered":"<p>Chyba nikt z nas nie mo\u017ce zaprzeczy\u0107, \u017ce obok tuszu do rz\u0119s i cieni do powiek, kreska jest jednym z najpopularniejszych element\u00f3w makija\u017cu oka. Szczeg\u00f3lnie w ostatnich latach eyeliner sta\u0142 si\u0119 niezb\u0119dnikiem w kosmetyczce wi\u0119kszo\u015bci z nas. Jednak jego historia wcale nie ogranicza si\u0119 do kilku ostatnich dziesi\u0119cioleci. . W staro\u017cytno\u015bci Mocny makija\u017c oka z [&hellip;]<\/p>\n","protected":false},"author":2,"featured_media":2501,"comment_status":"open","ping_status":"open","sticky":false,"template":"","format":"standard","meta":{"_et_pb_use_builder":"","_et_pb_old_content":"","_et_gb_content_width":"","footnotes":""},"categories":[41],"tags":[],"class_list":["post-2499","post","type-post","status-publish","format-standard","has-post-thumbnail","hentry","category-olsniewaj-makijazem","et-has-post-format-content","et_post_format-et-post-format-standard"],"_links":{"self":[{"href":"https:\/\/neness.pl\/blog\/wp-json\/wp\/v2\/posts\/2499","targetHints":{"allow":["GET"]}}],"collection":[{"href":"https:\/\/neness.pl\/blog\/wp-json\/wp\/v2\/posts"}],"about":[{"href":"https:\/\/neness.pl\/blog\/wp-json\/wp\/v2\/types\/post"}],"author":[{"embeddable":true,"href":"https:\/\/neness.pl\/blog\/wp-json\/wp\/v2\/users\/2"}],"replies":[{"embeddable":true,"href":"https:\/\/neness.pl\/blog\/wp-json\/wp\/v2\/comments?post=2499"}],"version-history":[{"count":0,"href":"https:\/\/neness.pl\/blog\/wp-json\/wp\/v2\/posts\/2499\/revisions"}],"wp:featuredmedia":[{"embeddable":true,"href":"https:\/\/neness.pl\/blog\/wp-json\/wp\/v2\/media\/2501"}],"wp:attachment":[{"href":"https:\/\/neness.pl\/blog\/wp-json\/wp\/v2\/media?parent=2499"}],"wp:term":[{"taxonomy":"category","embeddable":true,"href":"https:\/\/neness.pl\/blog\/wp-json\/wp\/v2\/categories?post=2499"},{"taxonomy":"post_tag","embeddable":true,"href":"https:\/\/neness.pl\/blog\/wp-json\/wp\/v2\/tags?post=2499"}],"curies":[{"name":"wp","href":"https:\/\/api.w.org\/{rel}","templated":true}]}}