{"id":2469,"date":"2017-06-01T13:52:17","date_gmt":"2017-06-01T11:52:17","guid":{"rendered":"http:\/\/ranking-kosmetykow.pl\/?p=2469"},"modified":"2017-06-01T13:52:17","modified_gmt":"2017-06-01T11:52:17","slug":"wlasciwe-perfumy-na-wlasciwym-miejscu-jak-dobrac-zapach-do-okazji","status":"publish","type":"post","link":"https:\/\/neness.pl\/blog\/wlasciwe-perfumy-na-wlasciwym-miejscu-jak-dobrac-zapach-do-okazji\/","title":{"rendered":"W\u0142a\u015bciwe perfumy na w\u0142a\u015bciwym miejscu &#8211; jak dobra\u0107 zapach do okazji"},"content":{"rendered":"<p>Perfumy, jakich u\u017cywamy, bardzo wiele o nas m\u00f3wi\u0105, dlatego tak wa\u017cne jest dopasowanie ich nie tylko do naszej osobowo\u015bci, ale te\u017c do sytuacji w jakich\u00a0zamierzamy je stosowa\u0107. Zapach dopasowujemy podobnie jak ubi\u00f3r,<strong> do okazji<\/strong>. Czego i kiedy u\u017cywa\u0107, by nie pope\u0142ni\u0107 <strong>zapachowej gafy<\/strong>?<\/p>\n<p><span style=\"color: #ffffff;\">.<\/span><\/p>\n<h3>Perfumy na co dzie\u0144 i do pracy<\/h3>\n<p>W codziennym u\u017cyciu zdecydowanie lepiej <strong>zrezygnowa\u0107 z perfum<\/strong>, kt\u00f3re zawieraj\u0105 najwi\u0119ksze st\u0119\u017cenie olejk\u00f3w zapachowych. Lepszym wyborem b\u0119d\u0105\u00a0mniej intensywne <strong>wody perfumowane<\/strong>, a nawet najl\u017cejsze <strong>wody toaletowe<\/strong>. Gdy planujemy u\u017cywa\u0107 ich r\u00f3wnie\u017c do pracy, musimy dopasowa\u0107 produkt do jej charakteru.<\/p>\n<p>Je\u017celi pracujemy <strong>w biurze<\/strong> i obowi\u0105zuje nas <strong>dress code<\/strong>, nale\u017cy wzi\u0105\u0107 pod uwag\u0119 nie tylko nasze preferencje, ale r\u00f3wnie\u017c pomy\u015ble\u0107 o <strong>komforcie<\/strong> naszych <strong>wsp\u00f3\u0142pracownik\u00f3w<\/strong> i \u00a0<strong>klient\u00f3w<\/strong>.<\/p>\n\n\t\t<style type=\"text\/css\">\n\t\t\t#gallery-1 {\n\t\t\t\tmargin: auto;\n\t\t\t}\n\t\t\t#gallery-1 .gallery-item {\n\t\t\t\tfloat: left;\n\t\t\t\tmargin-top: 10px;\n\t\t\t\ttext-align: center;\n\t\t\t\twidth: 50%;\n\t\t\t}\n\t\t\t#gallery-1 img {\n\t\t\t\tborder: 2px solid #cfcfcf;\n\t\t\t}\n\t\t\t#gallery-1 .gallery-caption {\n\t\t\t\tmargin-left: 0;\n\t\t\t}\n\t\t\t\/* see gallery_shortcode() in wp-includes\/media.php *\/\n\t\t<\/style>\n\t\t<div id='gallery-1' class='gallery galleryid-2469 gallery-columns-2 gallery-size-full'><dl class='gallery-item'>\n\t\t\t<dt class='gallery-icon portrait'>\n\t\t\t\t<a href='https:\/\/neness.pl\/blog\/de04d7dfc7c522bf3d79d74283b1cb36\/'><img loading=\"lazy\" decoding=\"async\" width=\"750\" height=\"1000\" src=\"https:\/\/neness.pl\/blog\/wp-content\/uploads\/2017\/06\/de04d7dfc7c522bf3d79d74283b1cb36.jpg\" class=\"attachment-full size-full\" alt=\"\" aria-describedby=\"gallery-1-2476\" srcset=\"https:\/\/neness.pl\/blog\/wp-content\/uploads\/2017\/06\/de04d7dfc7c522bf3d79d74283b1cb36.jpg 750w, https:\/\/neness.pl\/blog\/wp-content\/uploads\/2017\/06\/de04d7dfc7c522bf3d79d74283b1cb36-225x300.jpg 225w, https:\/\/neness.pl\/blog\/wp-content\/uploads\/2017\/06\/de04d7dfc7c522bf3d79d74283b1cb36-610x813.jpg 610w\" sizes=\"auto, (max-width: 750px) 100vw, 750px\" \/><\/a>\n\t\t\t<\/dt>\n\t\t\t\t<dd class='wp-caption-text gallery-caption' id='gallery-1-2476'>\n\t\t\t\tDKNY Be Delicious\n\t\t\t\t<\/dd><\/dl><dl class='gallery-item'>\n\t\t\t<dt class='gallery-icon portrait'>\n\t\t\t\t<a href='https:\/\/neness.pl\/blog\/07e19612f531da9c8e89cb323f3b5802\/'><img loading=\"lazy\" decoding=\"async\" width=\"750\" height=\"1000\" src=\"https:\/\/neness.pl\/blog\/wp-content\/uploads\/2017\/06\/07e19612f531da9c8e89cb323f3b5802.jpg\" class=\"attachment-full size-full\" alt=\"\" aria-describedby=\"gallery-1-2475\" srcset=\"https:\/\/neness.pl\/blog\/wp-content\/uploads\/2017\/06\/07e19612f531da9c8e89cb323f3b5802.jpg 750w, https:\/\/neness.pl\/blog\/wp-content\/uploads\/2017\/06\/07e19612f531da9c8e89cb323f3b5802-225x300.jpg 225w, https:\/\/neness.pl\/blog\/wp-content\/uploads\/2017\/06\/07e19612f531da9c8e89cb323f3b5802-610x813.jpg 610w\" sizes=\"auto, (max-width: 750px) 100vw, 750px\" \/><\/a>\n\t\t\t<\/dt>\n\t\t\t\t<dd class='wp-caption-text gallery-caption' id='gallery-1-2475'>\n\t\t\t\tPerfumetka inspirowana DKNY Be Delicious \/ 12,00 z\u0142\n\t\t\t\t<\/dd><\/dl><br style=\"clear: both\" \/>\n\t\t<\/div>\n\n<p><span style=\"color: #ffffff;\">.<\/span><\/p>\n<p>Niestety <strong>mocne<\/strong>, <strong>dusz\u0105ce<\/strong> i <strong>orientalne<\/strong> perfumy <strong>nie s\u0105 dobrze widziane<\/strong> w takich sytuacjach. Je\u015bli nasza praca polega na cz\u0119stych <strong>spotkaniach biznesowych<\/strong> lub pracujemy <strong>w sklepie<\/strong> lub <strong>urz\u0119dzie<\/strong>, r\u00f3wnie\u017c powinni\u015bmy unika\u0107 zbyt przyt\u0142aczaj\u0105cych zapach\u00f3w. \u00a0W takim wypadku najbardziej odpowiednimi nutami zapachowymi b\u0119d\u0105 perfumy<strong> kwiatowo &#8211; owocowe<\/strong>, <strong>lekkie<\/strong>, <strong>orze\u017awiaj\u0105ce<\/strong> i <strong>subtelne<\/strong>.<\/p>\n<p>&nbsp;<\/p>\n<h3>Perfumy na\u00a0wiecz\u00f3r i specjalne okazje<\/h3>\n<p>Przy wyborze zapachu na wiecz\u00f3r musimy przede wszystkim zastanowi\u0107 si\u0119 jak zamierzamy go sp\u0119dzi\u0107.<\/p>\n<p><strong>Wyj\u015bcie do kina<\/strong>, <strong>teatru<\/strong> czy <strong>opery<\/strong> wi\u0105\u017ce si\u0119 z przebywaniem w du\u017cej grupie ludzi na do\u015b\u0107 <strong>ograniczonej przestrzeni<\/strong>, dlatego podobnie jak w przypadku perfum do pracy, musimy postawi\u0107 na takie, kt\u00f3re <strong>nie b\u0119d\u0105 przeszkadza\u0107<\/strong> naszym towarzyszom i nie wywo\u0142aj\u0105 w\u015br\u00f3d otaczaj\u0105cych nas ludzi b\u00f3lu g\u0142owy.<\/p>\n<p>Wiele perfum ma swoje <strong>wieczorowe odpowiedniki<\/strong>. Wybierajmy zapachy <strong>klasyczne<\/strong> i <strong>eleganckie<\/strong>, kt\u00f3re podkre\u015bl\u0105 nasz ubi\u00f3r i charakter sytuacji.<\/p>\n\n\t\t<style type=\"text\/css\">\n\t\t\t#gallery-2 {\n\t\t\t\tmargin: auto;\n\t\t\t}\n\t\t\t#gallery-2 .gallery-item {\n\t\t\t\tfloat: left;\n\t\t\t\tmargin-top: 10px;\n\t\t\t\ttext-align: center;\n\t\t\t\twidth: 50%;\n\t\t\t}\n\t\t\t#gallery-2 img {\n\t\t\t\tborder: 2px solid #cfcfcf;\n\t\t\t}\n\t\t\t#gallery-2 .gallery-caption {\n\t\t\t\tmargin-left: 0;\n\t\t\t}\n\t\t\t\/* see gallery_shortcode() in wp-includes\/media.php *\/\n\t\t<\/style>\n\t\t<div id='gallery-2' class='gallery galleryid-2469 gallery-columns-2 gallery-size-full'><dl class='gallery-item'>\n\t\t\t<dt class='gallery-icon portrait'>\n\t\t\t\t<a href='https:\/\/neness.pl\/blog\/ccbd23168c2d851188a14bb3e1f31578\/'><img loading=\"lazy\" decoding=\"async\" width=\"750\" height=\"1000\" src=\"https:\/\/neness.pl\/blog\/wp-content\/uploads\/2017\/06\/ccbd23168c2d851188a14bb3e1f31578.jpg\" class=\"attachment-full size-full\" alt=\"\" aria-describedby=\"gallery-2-2478\" srcset=\"https:\/\/neness.pl\/blog\/wp-content\/uploads\/2017\/06\/ccbd23168c2d851188a14bb3e1f31578.jpg 750w, https:\/\/neness.pl\/blog\/wp-content\/uploads\/2017\/06\/ccbd23168c2d851188a14bb3e1f31578-225x300.jpg 225w, https:\/\/neness.pl\/blog\/wp-content\/uploads\/2017\/06\/ccbd23168c2d851188a14bb3e1f31578-610x813.jpg 610w\" sizes=\"auto, (max-width: 750px) 100vw, 750px\" \/><\/a>\n\t\t\t<\/dt>\n\t\t\t\t<dd class='wp-caption-text gallery-caption' id='gallery-2-2478'>\n\t\t\t\tArmani Si Intense\n\t\t\t\t<\/dd><\/dl><dl class='gallery-item'>\n\t\t\t<dt class='gallery-icon portrait'>\n\t\t\t\t<a href='https:\/\/neness.pl\/blog\/f1b03af7679d7a0f3f12bcd03d4bb235\/'><img loading=\"lazy\" decoding=\"async\" width=\"750\" height=\"1000\" src=\"https:\/\/neness.pl\/blog\/wp-content\/uploads\/2017\/06\/f1b03af7679d7a0f3f12bcd03d4bb235.jpg\" class=\"attachment-full size-full\" alt=\"\" aria-describedby=\"gallery-2-2479\" srcset=\"https:\/\/neness.pl\/blog\/wp-content\/uploads\/2017\/06\/f1b03af7679d7a0f3f12bcd03d4bb235.jpg 750w, https:\/\/neness.pl\/blog\/wp-content\/uploads\/2017\/06\/f1b03af7679d7a0f3f12bcd03d4bb235-225x300.jpg 225w, https:\/\/neness.pl\/blog\/wp-content\/uploads\/2017\/06\/f1b03af7679d7a0f3f12bcd03d4bb235-610x813.jpg 610w\" sizes=\"auto, (max-width: 750px) 100vw, 750px\" \/><\/a>\n\t\t\t<\/dt>\n\t\t\t\t<dd class='wp-caption-text gallery-caption' id='gallery-2-2479'>\n\t\t\t\tPerfumetka inspirowana Armani Si Intense \/ 12,00 z\u0142\n\t\t\t\t<\/dd><\/dl><br style=\"clear: both\" \/>\n\t\t<\/div>\n\n<p><span style=\"color: #ffffff;\">.<\/span><\/p>\n<p>Wybieraj\u0105c si\u0119 na <strong>imprez\u0119 w plenerze<\/strong> mamy wi\u0119ksz\u0105 <strong>dowolno\u015b\u0107<\/strong> w wyborze zapachu, bo <strong>otwarta przestrze\u0144<\/strong> i \u015bwie\u017ce powietrze spowoduj\u0105, \u017ce perfumy <strong>strac\u0105<\/strong> <strong>na intensywno\u015bci<\/strong> i b\u0119d\u0105 <strong>mniej przyt\u0142aczaj\u0105ce<\/strong>. Podobnie zapach mo\u017cemy wybra\u0107 na imprez\u0119 w klubie.<\/p>\n<p>Nieco inaczej sytuacja ma si\u0119 je\u015bli wybieramy si\u0119 na <strong>randk\u0119<\/strong>. W tym wypadku r\u00f3wnie\u017c mo\u017cemy postawi\u0107 na zapachy <strong>bardziej intensywne<\/strong>, na przyk\u0142ad <strong>korzenne<\/strong>, <strong>o orientalnych nutach<\/strong>,\u00a0<strong>bardziej zmys\u0142owe<\/strong>. Mo\u017cemy wybra\u0107 perfumy, kt\u00f3re b\u0119d\u0105 zwraca\u0107 na siebie uwag\u0119, jednak zachowajmy <strong>zdrowy rozs\u0105dek<\/strong>. Dobrym wyborem b\u0119d\u0105 te\u017c zapachy zawieraj\u0105ce <strong>pi\u017cmo<\/strong>, <strong>ambr\u0119<\/strong>, <strong>pomara\u0144cz\u0119<\/strong> czy <strong>wanili\u0119<\/strong>.<\/p>\n\n\t\t<style type=\"text\/css\">\n\t\t\t#gallery-3 {\n\t\t\t\tmargin: auto;\n\t\t\t}\n\t\t\t#gallery-3 .gallery-item {\n\t\t\t\tfloat: left;\n\t\t\t\tmargin-top: 10px;\n\t\t\t\ttext-align: center;\n\t\t\t\twidth: 50%;\n\t\t\t}\n\t\t\t#gallery-3 img {\n\t\t\t\tborder: 2px solid #cfcfcf;\n\t\t\t}\n\t\t\t#gallery-3 .gallery-caption {\n\t\t\t\tmargin-left: 0;\n\t\t\t}\n\t\t\t\/* see gallery_shortcode() in wp-includes\/media.php *\/\n\t\t<\/style>\n\t\t<div id='gallery-3' class='gallery galleryid-2469 gallery-columns-2 gallery-size-full'><dl class='gallery-item'>\n\t\t\t<dt class='gallery-icon portrait'>\n\t\t\t\t<a href='https:\/\/neness.pl\/blog\/821c9f750d5b576227adf61c04646f36-3\/'><img loading=\"lazy\" decoding=\"async\" width=\"750\" height=\"1000\" src=\"https:\/\/neness.pl\/blog\/wp-content\/uploads\/2017\/06\/821c9f750d5b576227adf61c04646f36.jpg\" class=\"attachment-full size-full\" alt=\"\" aria-describedby=\"gallery-3-2480\" srcset=\"https:\/\/neness.pl\/blog\/wp-content\/uploads\/2017\/06\/821c9f750d5b576227adf61c04646f36.jpg 750w, https:\/\/neness.pl\/blog\/wp-content\/uploads\/2017\/06\/821c9f750d5b576227adf61c04646f36-225x300.jpg 225w, https:\/\/neness.pl\/blog\/wp-content\/uploads\/2017\/06\/821c9f750d5b576227adf61c04646f36-610x813.jpg 610w\" sizes=\"auto, (max-width: 750px) 100vw, 750px\" \/><\/a>\n\t\t\t<\/dt>\n\t\t\t\t<dd class='wp-caption-text gallery-caption' id='gallery-3-2480'>\n\t\t\t\tYSL Black Opium\n\t\t\t\t<\/dd><\/dl><dl class='gallery-item'>\n\t\t\t<dt class='gallery-icon portrait'>\n\t\t\t\t<a href='https:\/\/neness.pl\/blog\/24476d4d62278e534301e76ffb0c970e-3\/'><img loading=\"lazy\" decoding=\"async\" width=\"750\" height=\"1000\" src=\"https:\/\/neness.pl\/blog\/wp-content\/uploads\/2017\/06\/24476d4d62278e534301e76ffb0c970e.jpg\" class=\"attachment-full size-full\" alt=\"\" aria-describedby=\"gallery-3-2481\" srcset=\"https:\/\/neness.pl\/blog\/wp-content\/uploads\/2017\/06\/24476d4d62278e534301e76ffb0c970e.jpg 750w, https:\/\/neness.pl\/blog\/wp-content\/uploads\/2017\/06\/24476d4d62278e534301e76ffb0c970e-225x300.jpg 225w, https:\/\/neness.pl\/blog\/wp-content\/uploads\/2017\/06\/24476d4d62278e534301e76ffb0c970e-610x813.jpg 610w\" sizes=\"auto, (max-width: 750px) 100vw, 750px\" \/><\/a>\n\t\t\t<\/dt>\n\t\t\t\t<dd class='wp-caption-text gallery-caption' id='gallery-3-2481'>\n\t\t\t\tPerfumetka inspirowana YSL Black Opium \/ 12,00 z\u0142\n\t\t\t\t<\/dd><\/dl><br style=\"clear: both\" \/>\n\t\t<\/div>\n\n<h3>Na si\u0142owni\u0119<\/h3>\n<p>Wyj\u015bcie <strong>na si\u0142owni\u0119<\/strong> czy <strong>uprawianie sportu<\/strong> nie oznacza, \u017ce w takiej sytuacji nie mo\u017cemy u\u017cywa\u0107 perfum. <strong>Lekkie zapachy<\/strong> na bazie <strong>zielonej herbaty<\/strong> czy cytrus\u00f3w bardzo dobrze sprawdz\u0105 si\u0119 podczas \u0107wicze\u0144. Pami\u0119tajmy tylko, \u017ce pod wp\u0142ywem ciep\u0142a naszego cia\u0142a ka\u017cdy zapach staje si\u0119 bardziej intensywny.<\/p>\n\n\t\t<style type=\"text\/css\">\n\t\t\t#gallery-4 {\n\t\t\t\tmargin: auto;\n\t\t\t}\n\t\t\t#gallery-4 .gallery-item {\n\t\t\t\tfloat: left;\n\t\t\t\tmargin-top: 10px;\n\t\t\t\ttext-align: center;\n\t\t\t\twidth: 50%;\n\t\t\t}\n\t\t\t#gallery-4 img {\n\t\t\t\tborder: 2px solid #cfcfcf;\n\t\t\t}\n\t\t\t#gallery-4 .gallery-caption {\n\t\t\t\tmargin-left: 0;\n\t\t\t}\n\t\t\t\/* see gallery_shortcode() in wp-includes\/media.php *\/\n\t\t<\/style>\n\t\t<div id='gallery-4' class='gallery galleryid-2469 gallery-columns-2 gallery-size-full'><dl class='gallery-item'>\n\t\t\t<dt class='gallery-icon portrait'>\n\t\t\t\t<a href='https:\/\/neness.pl\/blog\/62e2343fcd9fee056467c58cc9f72f9f\/'><img loading=\"lazy\" decoding=\"async\" width=\"750\" height=\"1000\" src=\"https:\/\/neness.pl\/blog\/wp-content\/uploads\/2017\/06\/62e2343fcd9fee056467c58cc9f72f9f.jpg\" class=\"attachment-full size-full\" alt=\"\" aria-describedby=\"gallery-4-2483\" srcset=\"https:\/\/neness.pl\/blog\/wp-content\/uploads\/2017\/06\/62e2343fcd9fee056467c58cc9f72f9f.jpg 750w, https:\/\/neness.pl\/blog\/wp-content\/uploads\/2017\/06\/62e2343fcd9fee056467c58cc9f72f9f-225x300.jpg 225w, https:\/\/neness.pl\/blog\/wp-content\/uploads\/2017\/06\/62e2343fcd9fee056467c58cc9f72f9f-610x813.jpg 610w\" sizes=\"auto, (max-width: 750px) 100vw, 750px\" \/><\/a>\n\t\t\t<\/dt>\n\t\t\t\t<dd class='wp-caption-text gallery-caption' id='gallery-4-2483'>\n\t\t\t\tElizabeth Arden Green Tea\n\t\t\t\t<\/dd><\/dl><dl class='gallery-item'>\n\t\t\t<dt class='gallery-icon portrait'>\n\t\t\t\t<a href='https:\/\/neness.pl\/blog\/579ed0b1721963ca67ca57b5df90615f\/'><img loading=\"lazy\" decoding=\"async\" width=\"750\" height=\"1000\" src=\"https:\/\/neness.pl\/blog\/wp-content\/uploads\/2017\/06\/579ed0b1721963ca67ca57b5df90615f.jpg\" class=\"attachment-full size-full\" alt=\"\" aria-describedby=\"gallery-4-2484\" srcset=\"https:\/\/neness.pl\/blog\/wp-content\/uploads\/2017\/06\/579ed0b1721963ca67ca57b5df90615f.jpg 750w, https:\/\/neness.pl\/blog\/wp-content\/uploads\/2017\/06\/579ed0b1721963ca67ca57b5df90615f-225x300.jpg 225w, https:\/\/neness.pl\/blog\/wp-content\/uploads\/2017\/06\/579ed0b1721963ca67ca57b5df90615f-610x813.jpg 610w\" sizes=\"auto, (max-width: 750px) 100vw, 750px\" \/><\/a>\n\t\t\t<\/dt>\n\t\t\t\t<dd class='wp-caption-text gallery-caption' id='gallery-4-2484'>\n\t\t\t\tPerfumetka inspirowana Elizabeth Arden Green Tea \/ 12,00 z\u0142\n\t\t\t\t<\/dd><\/dl><br style=\"clear: both\" \/>\n\t\t<\/div>\n\n<h3>Pora roku<\/h3>\n<p>Zapachy dobiera\u0107 mo\u017cemy nie tylko do sytuacji, ale r\u00f3wnie\u017c aktualnej <strong>pory roku<\/strong>. <strong>Latem<\/strong>\u00a0decydujmy si\u0119 na\u00a0<strong>l\u017cejsze<\/strong>, bardziej <strong>subtelne<\/strong> i mniej dusz\u0105ce perfumy. Idealnie sprawdz\u0105 si\u0119 kompozycje <strong>kwiatowo &#8211; owocowe<\/strong> i cytrusowe. <strong>Zim\u0105<\/strong> mo\u017cemy postawi\u0107 na zapachy bardziej orientalne, korzenne i <strong>wyraziste<\/strong>.<\/p>\n<p>&nbsp;<\/p>\n","protected":false},"excerpt":{"rendered":"<p>Perfumy, jakich u\u017cywamy, bardzo wiele o nas m\u00f3wi\u0105, dlatego tak wa\u017cne jest dopasowanie ich nie tylko do naszej osobowo\u015bci, ale te\u017c do sytuacji w jakich\u00a0zamierzamy je stosowa\u0107. Zapach dopasowujemy podobnie jak ubi\u00f3r, do okazji. Czego i kiedy u\u017cywa\u0107, by nie pope\u0142ni\u0107 zapachowej gafy? . Perfumy na co dzie\u0144 i do pracy W codziennym u\u017cyciu zdecydowanie [&hellip;]<\/p>\n","protected":false},"author":2,"featured_media":2474,"comment_status":"open","ping_status":"open","sticky":false,"template":"","format":"standard","meta":{"_et_pb_use_builder":"","_et_pb_old_content":"","_et_gb_content_width":"","footnotes":""},"categories":[19],"tags":[],"class_list":["post-2469","post","type-post","status-publish","format-standard","has-post-thumbnail","hentry","category-zachwycaj-zapachem","et-has-post-format-content","et_post_format-et-post-format-standard"],"_links":{"self":[{"href":"https:\/\/neness.pl\/blog\/wp-json\/wp\/v2\/posts\/2469","targetHints":{"allow":["GET"]}}],"collection":[{"href":"https:\/\/neness.pl\/blog\/wp-json\/wp\/v2\/posts"}],"about":[{"href":"https:\/\/neness.pl\/blog\/wp-json\/wp\/v2\/types\/post"}],"author":[{"embeddable":true,"href":"https:\/\/neness.pl\/blog\/wp-json\/wp\/v2\/users\/2"}],"replies":[{"embeddable":true,"href":"https:\/\/neness.pl\/blog\/wp-json\/wp\/v2\/comments?post=2469"}],"version-history":[{"count":0,"href":"https:\/\/neness.pl\/blog\/wp-json\/wp\/v2\/posts\/2469\/revisions"}],"wp:featuredmedia":[{"embeddable":true,"href":"https:\/\/neness.pl\/blog\/wp-json\/wp\/v2\/media\/2474"}],"wp:attachment":[{"href":"https:\/\/neness.pl\/blog\/wp-json\/wp\/v2\/media?parent=2469"}],"wp:term":[{"taxonomy":"category","embeddable":true,"href":"https:\/\/neness.pl\/blog\/wp-json\/wp\/v2\/categories?post=2469"},{"taxonomy":"post_tag","embeddable":true,"href":"https:\/\/neness.pl\/blog\/wp-json\/wp\/v2\/tags?post=2469"}],"curies":[{"name":"wp","href":"https:\/\/api.w.org\/{rel}","templated":true}]}}